{"id":372719,"date":"2025-09-07T10:05:14","date_gmt":"2025-09-07T10:05:14","guid":{"rendered":"https:\/\/www.europesays.com\/fr\/372719\/"},"modified":"2025-09-07T10:05:14","modified_gmt":"2025-09-07T10:05:14","slug":"lhomme-malade-de-leurope-cest-la-france-estime-marine-le-pen","status":"publish","type":"post","link":"https:\/\/www.europesays.com\/fr\/372719\/","title":{"rendered":"\u00ab\u00a0L&rsquo;homme malade de l&rsquo;Europe, c&rsquo;est la France\u00a0\u00bb, estime Marine Le Pen"},"content":{"rendered":"<p>\u00ab\u00a0L&rsquo;homme malade de l&rsquo;Europe, c&rsquo;est la France\u00a0\u00bb, estime Marine Le PenSur le m\u00eame sujet<a href=\"https:\/\/www.bfmtv.com\/politique\/extreme-droite\/video-budget-il-faut-s-attaquer-aux-quatre-grands-tabous-que-sont-l-immigration-le-train-de-vie-de-l-etat-les-fraudes-et-la-contribution-de-la-france-a-l-ue-estime-marine-le-pen_VN-202509070171.html\" title=\"Budget: il faut &quot;s&#039;attaquer aux quatre grands tabous que sont l&#039;immigration, le train de vie de l&#039;\u00c9tat, les fraudes et la contribution de la France \u00e0 l&#039;UE&quot;, estime Marine Le Pen\" rel=\"nofollow noopener\" target=\"_blank\"><img width=\"16\" height=\"9\" class=\"lozad\"  alt=\"Budget: il faut &quot;s'attaquer aux quatre grands tabous que sont l'immigration, le train de vie de l'\u00c9tat, les fraudes et la contribution de la France \u00e0 l'UE&quot;, estime Marine Le Pen\"\/>0:56Budget: il faut \u00ab\u00a0s&rsquo;attaquer aux quatre grands tabous que sont l&rsquo;immigration, le train de vie de l&rsquo;\u00c9tat, les fraudes et la contribution de la France \u00e0 l&rsquo;UE\u00a0\u00bb, estime Marine Le Pen<\/a><a href=\"https:\/\/www.bfmtv.com\/politique\/extreme-droite\/video-l-homme-malade-de-l-europe-c-est-la-france-estime-marine-le-pen_VN-202509070162.html\" title=\"&quot;L&#039;homme malade de l&#039;Europe, c&#039;est la France&quot;, estime Marine Le Pen\" rel=\"nofollow noopener\" target=\"_blank\"><img width=\"16\" height=\"9\" class=\"lozad\"  alt=\"&quot;L'homme malade de l'Europe, c'est la France&quot;, estime Marine Le Pen\"\/>en lecture\u00a0\u00bbL&rsquo;homme malade de l&rsquo;Europe, c&rsquo;est la France\u00a0\u00bb, estime Marine Le Pen<\/a><a href=\"https:\/\/www.bfmtv.com\/replay-emissions\/bfm-politique\/video-pour-olivier-faure-lfi-peut-etre-dans-un-certain-nombre-de-circonscriptions-un-partenaire-electoral-pour-faire-barrage-a-l-extreme-droite_VN-202508310254.html\" title=\"Pour Olivier Faure, LFI &quot;peut \u00eatre, dans un certain nombre de circonscriptions, un partenaire \u00e9lectoral&quot; pour faire barrage \u00e0 l&#039;extr\u00eame droite\" rel=\"nofollow noopener\" target=\"_blank\"><img width=\"16\" height=\"9\" class=\"lozad\"  alt=\"Pour Olivier Faure, LFI &quot;peut \u00eatre, dans un certain nombre de circonscriptions, un partenaire \u00e9lectoral&quot; pour faire barrage \u00e0 l'extr\u00eame droite\"\/>4:20Pour Olivier Faure, LFI \u00ab\u00a0peut \u00eatre, dans un certain nombre de circonscriptions, un partenaire \u00e9lectoral\u00a0\u00bb pour faire barrage \u00e0 l&rsquo;extr\u00eame droite<\/a><a href=\"https:\/\/www.bfmtv.com\/replay-emissions\/bfm-politique\/video-demission-d-emmanuel-macron-francois-bayrou-budget-l-interview-en-integralite-d-olivier-faure_VN-202508310229.html\" title=\"D\u00e9mission d&#039;Emmanuel Macron, Fran\u00e7ois Bayrou, budget... L&#039;interview en int\u00e9gralit\u00e9 d&#039;Olivier Faure\" rel=\"nofollow noopener\" target=\"_blank\"><img width=\"16\" height=\"9\" class=\"lozad\"  alt=\"D\u00e9mission d'Emmanuel Macron, Fran\u00e7ois Bayrou, budget... L'interview en int\u00e9gralit\u00e9 d'Olivier Faure\"\/>49:13D\u00e9mission d&rsquo;Emmanuel Macron, Fran\u00e7ois Bayrou, budget&#8230; L&rsquo;interview en int\u00e9gralit\u00e9 d&rsquo;Olivier Faure<\/a><a href=\"https:\/\/www.bfmtv.com\/replay-emissions\/bfm-politique\/video-olivier-faure-veut-eviter-a-la-france-le-drame-de-l-extreme-droite-en-cas-de-nouvelle-dissolution_VN-202508310193.html\" title=\"Olivier Faure veut &quot;\u00e9viter \u00e0 la France le drame de l&#039;extr\u00eame droite&quot; en cas de nouvelle dissolution\" rel=\"nofollow noopener\" target=\"_blank\"><img width=\"16\" height=\"9\" class=\"lozad\"  alt=\"Olivier Faure veut &quot;\u00e9viter \u00e0 la France le drame de l'extr\u00eame droite&quot; en cas de nouvelle dissolution\"\/>1:36Olivier Faure veut \u00ab\u00a0\u00e9viter \u00e0 la France le drame de l&rsquo;extr\u00eame droite\u00a0\u00bb en cas de nouvelle dissolution<\/a><a href=\"https:\/\/www.bfmtv.com\/politique\/extreme-droite\/video-des-aneries-laurent-jacobelli-reagit-a-la-volonte-d-elisabeth-borne-de-changer-la-devise-du-pantheon-pour-reconnaitre-pleinement-la-place-des-femmes-dans-l-histoire_VN-202508280295.html\" title=\"&quot;Des \u00e2neries&quot;: Laurent Jacobelli r\u00e9agit \u00e0 la volont\u00e9 d&#039;\u00c9lisabeth Borne de changer la devise du Panth\u00e9on pour &quot;reconna\u00eetre pleinement la place des femmes&quot; dans l&#039;Histoire\" rel=\"nofollow noopener\" target=\"_blank\"><img width=\"16\" height=\"9\" class=\"lozad\"  alt=\"&quot;Des \u00e2neries&quot;: Laurent Jacobelli r\u00e9agit \u00e0 la volont\u00e9 d'\u00c9lisabeth Borne de changer la devise du Panth\u00e9on pour &quot;reconna\u00eetre pleinement la place des femmes&quot; dans l'Histoire\"\/>1:09&Prime;Des \u00e2neries\u00a0\u00bb: Laurent Jacobelli r\u00e9agit \u00e0 la volont\u00e9 d&rsquo;\u00c9lisabeth Borne de changer la devise du Panth\u00e9on pour \u00ab\u00a0reconna\u00eetre pleinement la place des femmes\u00a0\u00bb dans l&rsquo;Histoire<\/a><a href=\"https:\/\/www.bfmtv.com\/politique\/extreme-droite\/video-laurent-jacobelli-rn-la-meilleure-des-solutions-c-est-le-depart-d-emmanuel-macron_VN-202508280287.html\" title=\"Laurent Jacobelli (RN): &quot;La meilleure des solutions, c&#039;est le d\u00e9part d&#039;Emmanuel Macron&quot;\" rel=\"nofollow noopener\" target=\"_blank\"><img width=\"16\" height=\"9\" class=\"lozad\"  alt=\"Laurent Jacobelli (RN): &quot;La meilleure des solutions, c'est le d\u00e9part d'Emmanuel Macron&quot;\"\/>1:07Laurent Jacobelli (RN): \u00ab\u00a0La meilleure des solutions, c&rsquo;est le d\u00e9part d&rsquo;Emmanuel Macron\u00a0\u00bb<\/a><a href=\"https:\/\/www.bfmtv.com\/politique\/elections\/legislatives\/video-ineligibilite-de-marine-le-pen-elle-n-abandonnera-jamais-assure-laurent-jacobelli-depute-rn_VN-202508280285.html\" title=\"In\u00e9ligibilit\u00e9 de Marine Le Pen: &quot;Elle n&#039;abandonnera jamais&quot;, assure Laurent Jacobelli, d\u00e9put\u00e9 RN\" rel=\"nofollow noopener\" target=\"_blank\"><img width=\"16\" height=\"9\" class=\"lozad\"  alt=\"In\u00e9ligibilit\u00e9 de Marine Le Pen: &quot;Elle n'abandonnera jamais&quot;, assure Laurent Jacobelli, d\u00e9put\u00e9 RN\"\/>1:24In\u00e9ligibilit\u00e9 de Marine Le Pen: \u00ab\u00a0Elle n&rsquo;abandonnera jamais\u00a0\u00bb, assure Laurent Jacobelli, d\u00e9put\u00e9 RN<\/a><a href=\"https:\/\/www.bfmtv.com\/politique\/extreme-droite\/video-nous-sommes-prets-en-cas-de-nouvelle-dissolution-declare-laurent-jacobelli-depute-rn_VN-202508280281.html\" title=\"&quot;Nous sommes pr\u00eats&quot; en cas de nouvelle dissolution, d\u00e9clare Laurent Jacobelli, d\u00e9put\u00e9 RN\" rel=\"nofollow noopener\" target=\"_blank\"><img width=\"16\" height=\"9\" class=\"lozad\"  alt=\"&quot;Nous sommes pr\u00eats&quot; en cas de nouvelle dissolution, d\u00e9clare Laurent Jacobelli, d\u00e9put\u00e9 RN\"\/>1:04&Prime;Nous sommes pr\u00eats\u00a0\u00bb en cas de nouvelle dissolution, d\u00e9clare Laurent Jacobelli, d\u00e9put\u00e9 RN<\/a><a href=\"https:\/\/www.bfmtv.com\/politique\/extreme-droite\/video-vote-de-confiance-rien-ne-fera-changer-d-avis-le-rassemblement-national-declare-laurent-jacobelli_VN-202508280263.html\" title=\"Vote de confiance: &quot;Rien&quot; ne fera changer d&#039;avis le Rassemblement national, d\u00e9clare Laurent Jacobelli\" rel=\"nofollow noopener\" target=\"_blank\"><img width=\"16\" height=\"9\" class=\"lozad\"  alt=\"Vote de confiance: &quot;Rien&quot; ne fera changer d'avis le Rassemblement national, d\u00e9clare Laurent Jacobelli\"\/>1:10Vote de confiance: \u00ab\u00a0Rien\u00a0\u00bb ne fera changer d&rsquo;avis le Rassemblement national, d\u00e9clare Laurent Jacobelli<\/a><a href=\"https:\/\/www.bfmtv.com\/politique\/extreme-droite\/video-vote-de-confiance-quand-il-y-a-le-feu-il-faut-dire-au-pyromane-de-partir-estime-laurent-jacobelli-depute-rn_VN-202508280261.html\" title=\"Vote de confiance: &quot;Quand il y a le feu, il faut dire au pyromane de partir&quot;, estime Laurent Jacobelli, d\u00e9put\u00e9 RN\" rel=\"nofollow noopener\" target=\"_blank\"><img width=\"16\" height=\"9\" class=\"lozad\"  alt=\"Vote de confiance: &quot;Quand il y a le feu, il faut dire au pyromane de partir&quot;, estime Laurent Jacobelli, d\u00e9put\u00e9 RN\"\/>1:03Vote de confiance: \u00ab\u00a0Quand il y a le feu, il faut dire au pyromane de partir\u00a0\u00bb, estime Laurent Jacobelli, d\u00e9put\u00e9 RN<\/a><a href=\"https:\/\/www.bfmtv.com\/international\/europe\/allemagne\/video-allemagne-un-neonazi-change-de-sexe-pour-purger-sa-peine-dans-une-prison-pour-femmes_VN-202508220436.html\" title=\"Allemagne: un n\u00e9onazi change de sexe pour purger sa peine dans une prison pour femmes\" rel=\"nofollow noopener\" target=\"_blank\"><img width=\"16\" height=\"9\" class=\"lozad\"  alt=\"Allemagne: un n\u00e9onazi change de sexe pour purger sa peine dans une prison pour femmes\"\/>1:25Allemagne: un n\u00e9onazi change de sexe pour purger sa peine dans une prison pour femmes<\/a><a href=\"https:\/\/www.bfmtv.com\/police-justice\/video-accuse-de-promouvoir-l-extreme-droite-x-denonce-une-enquete-politique-par-la-justice-francaise_VN-202507210358.html\" title=\"Accus\u00e9 de promouvoir l&#039;extr\u00eame-droite, X d\u00e9nonce une enqu\u00eate &quot;politique&quot; par la justice fran\u00e7aise\" rel=\"nofollow noopener\" target=\"_blank\"><img width=\"16\" height=\"9\" class=\"lozad\"  alt=\"Accus\u00e9 de promouvoir l'extr\u00eame-droite, X d\u00e9nonce une enqu\u00eate &quot;politique&quot; par la justice fran\u00e7aise\"\/>1:59Accus\u00e9 de promouvoir l&rsquo;extr\u00eame-droite, X d\u00e9nonce une enqu\u00eate \u00ab\u00a0politique\u00a0\u00bb par la justice fran\u00e7aise<\/a><a href=\"https:\/\/www.bfmtv.com\/politique\/extreme-droite\/le-discours-en-integralite-de-marine-le-pen-au-rassemblement-de-l-extreme-droite-europeenne_VN-202506090422.html\" title=\"Le discours en int\u00e9gralit\u00e9 de Marine Le Pen au rassemblement de l&#039;extr\u00eame droite europ\u00e9enne\" rel=\"nofollow noopener\" target=\"_blank\"><img width=\"16\" height=\"9\" class=\"lozad\"  alt=\"Le discours en int\u00e9gralit\u00e9 de Marine Le Pen au rassemblement de l'extr\u00eame droite europ\u00e9enne\"\/>23:05Le discours en int\u00e9gralit\u00e9 de Marine Le Pen au rassemblement de l&rsquo;extr\u00eame droite europ\u00e9enne<\/a><a class=\"jumpToVideo\" target=\"_blank\"><img class=\"thumbnailPreview\"\/><\/a><\/p>\n","protected":false},"excerpt":{"rendered":"\u00ab\u00a0L&rsquo;homme malade de l&rsquo;Europe, c&rsquo;est la France\u00a0\u00bb, estime Marine Le PenSur le m\u00eame sujet0:56Budget: il faut \u00ab\u00a0s&rsquo;attaquer aux&hellip;\n","protected":false},"author":2,"featured_media":372720,"comment_status":"","ping_status":"","sticky":false,"template":"","format":"standard","meta":{"footnotes":""},"categories":[1586],"tags":[11,1777,674,1011,27,12,25],"class_list":{"0":"post-372719","1":"post","2":"type-post","3":"status-publish","4":"format-standard","5":"has-post-thumbnail","7":"category-europe","8":"tag-actualites","9":"tag-eu","10":"tag-europe","11":"tag-fr","12":"tag-france","13":"tag-news","14":"tag-republique-francaise"},"share_on_mastodon":{"url":"https:\/\/pubeurope.com\/@fr\/115162455968601995","error":""},"_links":{"self":[{"href":"https:\/\/www.europesays.com\/fr\/wp-json\/wp\/v2\/posts\/372719","targetHints":{"allow":["GET"]}}],"collection":[{"href":"https:\/\/www.europesays.com\/fr\/wp-json\/wp\/v2\/posts"}],"about":[{"href":"https:\/\/www.europesays.com\/fr\/wp-json\/wp\/v2\/types\/post"}],"author":[{"embeddable":true,"href":"https:\/\/www.europesays.com\/fr\/wp-json\/wp\/v2\/users\/2"}],"replies":[{"embeddable":true,"href":"https:\/\/www.europesays.com\/fr\/wp-json\/wp\/v2\/comments?post=372719"}],"version-history":[{"count":0,"href":"https:\/\/www.europesays.com\/fr\/wp-json\/wp\/v2\/posts\/372719\/revisions"}],"wp:featuredmedia":[{"embeddable":true,"href":"https:\/\/www.europesays.com\/fr\/wp-json\/wp\/v2\/media\/372720"}],"wp:attachment":[{"href":"https:\/\/www.europesays.com\/fr\/wp-json\/wp\/v2\/media?parent=372719"}],"wp:term":[{"taxonomy":"category","embeddable":true,"href":"https:\/\/www.europesays.com\/fr\/wp-json\/wp\/v2\/categories?post=372719"},{"taxonomy":"post_tag","embeddable":true,"href":"https:\/\/www.europesays.com\/fr\/wp-json\/wp\/v2\/tags?post=372719"}],"curies":[{"name":"wp","href":"https:\/\/api.w.org\/{rel}","templated":true}]}}