{"id":372721,"date":"2025-09-07T10:06:11","date_gmt":"2025-09-07T10:06:11","guid":{"rendered":"https:\/\/www.europesays.com\/fr\/372721\/"},"modified":"2025-09-07T10:06:11","modified_gmt":"2025-09-07T10:06:11","slug":"la-commission-europeenne-cherche-a-contourner-les-decisions-de-la-cjue-une-ong-sahraouie-denonce-une-une-nouvelle-manoeuvre","status":"publish","type":"post","link":"https:\/\/www.europesays.com\/fr\/372721\/","title":{"rendered":"La Commission europ\u00e9enne cherche \u00e0 contourner les d\u00e9cisions de la CJUE : Une ONG sahraouie d\u00e9nonce une \u00abune nouvelle man\u0153uvre\u00bb"},"content":{"rendered":"<p><strong>LAssociation pour la surveillance des ressources et la protection de l\u2019environnement au Sahara occidental (AREN) a d\u00e9nonc\u00e9 la \u00abnouvelle man\u0153uvre flagrante et inacceptable\u00bb de la Commission europ\u00e9enne visant \u00e0 contourner les arr\u00eats de la Cour de justice de l\u2019Union europ\u00e9enne (CJUE) qui avait annul\u00e9 deux accords de libre-\u00e9change sur la p\u00eache et l\u2019agriculture, conclus avec le Maroc en 2019.\u00a0<\/strong><\/p>\n<p>Affirmant que la Commission europ\u00e9enne a soumis, en juillet, au Conseil de l\u2019Union europ\u00e9enne une proposition visant \u00e0 lancer de nouvelles n\u00e9gociations avec le Maroc afin de modifier les accords de 2019, l\u2019association accuse l\u2019ex\u00e9cutif europ\u00e9en de \u00abtentative de contourner la d\u00e9cision de la Cour en cr\u00e9ant +un nouveau cadre juridique+ permettant la poursuite du pillage des ressources naturelles du Sahara occidental sous\u00a0couvert de +respect du droit europ\u00e9en et international\u00bb.\u00a0<\/p>\n<p>\u00abL\u2019id\u00e9e m\u00eame de modifier l\u2019accord pour maintenir des partenariats commerciaux avec le Maroc incluant le Sahara occidental constitue une violation directe du droit international et europ\u00e9en et ne peut qu\u2019\u00eatre rejet\u00e9e\u00bb, a indiqu\u00e9 cette ONG dans un communiqu\u00e9 publi\u00e9 vendredi. Elle a rappel\u00e9, \u00e0 ce titre, que les arr\u00eats de la haute juridiction europ\u00e9enne ont clairement r\u00e9affirm\u00e9 l\u2019ill\u00e9galit\u00e9 de tout accord portant sur le territoire et les ressources du Sahara occidental sans le consentement explicite de son unique repr\u00e9sentant l\u00e9gitime : le Front Polisario. Selon l\u2019AREN, la \u00abman\u0153uvre\u00bb de la Commission europ\u00e9enne vise \u00e0 \u00abdiluer l\u2019arr\u00eat historique de la CJUE, le r\u00e9duisant \u00e0 un simple avis, sujet \u00e0 interpr\u00e9tation ou \u00e0 n\u00e9gociation, ouvrant ainsi la voie \u00e0 un retour \u00e0 l\u2019\u00e9poque d\u2019avant le 4 octobre 2025, lorsque les ressources du peuple sahraoui \u00e9taient pill\u00e9es au grand jour\u00bb.\u00a0<\/p>\n<p>Rejets \u00abcat\u00e9gorique\u00bb de tout initiative\u00a0<\/p>\n<p>L\u2019ONG estime que la Commission europ\u00e9enne \u00abcherche \u00e9galement, de mani\u00e8re scandaleuse, \u00e0 s\u00e9parer le peuple sahraoui de son repr\u00e9sentant l\u00e9gitime, le Front Polisario, en proposant une aide financi\u00e8re \u00e0 certains Sahraouis, dans une tentative avort\u00e9e de l\u00e9gitimer le pillage\u00bb.\u00a0<\/p>\n<p>L\u2019association met en garde, par ailleurs, les institutions internationales, les Etats et les multinationales contre toute implication dans la l\u00e9gitimation de l\u2019occupation du Sahara occidental par le Maroc, ou dans l\u2019exploitation de ses ressources naturelles, affirmant que cela \u00abconstitue une participation active au crime de pillage des richesses d\u2019un peuple sous occupation\u00bb. \u00abTout contrat, accord ou transaction commerciale conclu sans le consentement du seul et l\u00e9gitime repr\u00e9sentant du peuple sahraoui, le Front Polisario, sera susceptible d\u2019\u00eatre contest\u00e9 devant les tribunaux europ\u00e9ens et internationaux\u00bb, a-t-elle averti.\u00a0<br \/>\u00a0<\/p>\n<p>R\u00e9it\u00e9rant son rejet \u00abcat\u00e9gorique\u00bb de toute initiative visant \u00e0 renouveler les accords commerciaux UE-Maroc incluant le Sahara occidental sans le consentement du Front Polisario, l\u2019AREN a appel\u00e9 la CJUE \u00e0 \u00abemp\u00eacher toute tentative de contournement ou de manipulation\u00bb de ses arr\u00eats rendus en octobre 2024.\u00bbNous tenons l\u2019Union et la Commission europ\u00e9ennes, juridiquement et moralement, pour responsables de toute mesure qui l\u00e9gitime l\u2019occupation marocaine et perp\u00e9tue les souffrances des Sahraouis, confront\u00e9s \u00e0 une r\u00e9pression syst\u00e9matique, \u00e0 des restrictions de libert\u00e9s et \u00e0 des proc\u00e8s politiques\u00bb, a-t-elle fait savoir. Cette ONG Sahraouie a exhort\u00e9, \u00e0 ce titre, la soci\u00e9t\u00e9 civile europ\u00e9enne et les organisations internationales de d\u00e9fense des droits humains \u00e0 \u00abagir de toute urgence pour d\u00e9noncer cette man\u0153uvre aupr\u00e8s de l\u2019opinion publique europ\u00e9enne et internationale\u00bb.<br \/>\u00a0<\/p>\n","protected":false},"excerpt":{"rendered":"LAssociation pour la surveillance des ressources et la protection de l\u2019environnement au Sahara occidental (AREN) a d\u00e9nonc\u00e9 la&hellip;\n","protected":false},"author":2,"featured_media":372722,"comment_status":"","ping_status":"","sticky":false,"template":"","format":"standard","meta":{"footnotes":""},"categories":[1586],"tags":[11,1777,674,1779,1011,27,12,25,1778,364],"class_list":{"0":"post-372721","1":"post","2":"type-post","3":"status-publish","4":"format-standard","5":"has-post-thumbnail","7":"category-europe","8":"tag-actualites","9":"tag-eu","10":"tag-europe","11":"tag-european-union","12":"tag-fr","13":"tag-france","14":"tag-news","15":"tag-republique-francaise","16":"tag-ue","17":"tag-union-europeenne"},"share_on_mastodon":{"url":"https:\/\/pubeurope.com\/@fr\/115162459929713703","error":""},"_links":{"self":[{"href":"https:\/\/www.europesays.com\/fr\/wp-json\/wp\/v2\/posts\/372721","targetHints":{"allow":["GET"]}}],"collection":[{"href":"https:\/\/www.europesays.com\/fr\/wp-json\/wp\/v2\/posts"}],"about":[{"href":"https:\/\/www.europesays.com\/fr\/wp-json\/wp\/v2\/types\/post"}],"author":[{"embeddable":true,"href":"https:\/\/www.europesays.com\/fr\/wp-json\/wp\/v2\/users\/2"}],"replies":[{"embeddable":true,"href":"https:\/\/www.europesays.com\/fr\/wp-json\/wp\/v2\/comments?post=372721"}],"version-history":[{"count":0,"href":"https:\/\/www.europesays.com\/fr\/wp-json\/wp\/v2\/posts\/372721\/revisions"}],"wp:featuredmedia":[{"embeddable":true,"href":"https:\/\/www.europesays.com\/fr\/wp-json\/wp\/v2\/media\/372722"}],"wp:attachment":[{"href":"https:\/\/www.europesays.com\/fr\/wp-json\/wp\/v2\/media?parent=372721"}],"wp:term":[{"taxonomy":"category","embeddable":true,"href":"https:\/\/www.europesays.com\/fr\/wp-json\/wp\/v2\/categories?post=372721"},{"taxonomy":"post_tag","embeddable":true,"href":"https:\/\/www.europesays.com\/fr\/wp-json\/wp\/v2\/tags?post=372721"}],"curies":[{"name":"wp","href":"https:\/\/api.w.org\/{rel}","templated":true}]}}