{"id":372723,"date":"2025-09-07T10:07:10","date_gmt":"2025-09-07T10:07:10","guid":{"rendered":"https:\/\/www.europesays.com\/fr\/372723\/"},"modified":"2025-09-07T10:07:10","modified_gmt":"2025-09-07T10:07:10","slug":"la-branche-armee-du-jihad-islamique-palestinien-revendique-le-tir-de-deux-projectiles-depuis-la-bande-de-gaza-vers-israel","status":"publish","type":"post","link":"https:\/\/www.europesays.com\/fr\/372723\/","title":{"rendered":"la branche arm\u00e9e du Jihad islamique palestinien revendique le tir de deux projectiles depuis la bande de Gaza vers Isra\u00ebl"},"content":{"rendered":"<p>   Donald Trump dit que les Etats-Unis sont en \u00ab\u00a0n\u00e9gociation approfondie\u00a0\u00bb avec le Hamas             <\/p>\n<p class=\"post__live-container--answer-text post__space-node\">Vendredi, le pr\u00e9sident am\u00e9ricain a affirm\u00e9 que les Etats-Unis \u00e9taient en \u00ab\u00a0n\u00e9gociation approfondie\u00a0\u00bb avec le mouvement islamiste Hamas. Il a \u00e9galement \u00e9voqu\u00e9 le sort des otages retenus dans la bande de Gaza.<\/p>\n<p class=\"post__live-container--answer-text post__space-node\">\u00ab\u00a0Il se pourrait que certains [otages] soient morts r\u00e9cemment, d\u2019apr\u00e8s ce que j\u2019entends. J\u2019esp\u00e8re que c\u2019est faux, mais il y a plus de trente corps dans cette n\u00e9gociation\u00a0\u00bb, a d\u00e9clar\u00e9 le pr\u00e9sident am\u00e9ricain, Donald Trump, \u00e0 la Maison Blanche, au 700e jour de guerre entre Isra\u00ebl et le Hamas. Le pr\u00e9sident r\u00e9publicain a d\u2019abord parl\u00e9 de \u00ab\u00a038\u00a0morts environ\u00a0\u00bb, avant d\u2019\u00e9voquer les nombres de 20 et 30.<\/p>\n<p class=\"post__live-container--answer-text post__space-node\">\u00ab\u00a0Nous disons [au Hamas]\u00a0: \u201cLib\u00e9rez-les tous imm\u00e9diatement, lib\u00e9rez-les tous et de bien meilleures choses arriveront. Mais si vous ne les lib\u00e9rez pas tous, la situation va \u00eatre difficile, \u00e7a va \u00eatre terrible\u201d\u00a0\u00bb, a-t-il poursuivi.<\/p>\n<p class=\"post__live-container--answer-text post__space-node\">Sur les 251\u00a0personnes enlev\u00e9es lors de l\u2019attaque sans pr\u00e9c\u00e9dent men\u00e9e par le Hamas le 7\u00a0octobre\u00a02023 sur le sol isra\u00e9lien, 47 sont toujours retenues \u00e0 Gaza, dont 25 sont mortes, selon l\u2019arm\u00e9e isra\u00e9lienne.<\/p>\n","protected":false},"excerpt":{"rendered":"Donald Trump dit que les Etats-Unis sont en \u00ab\u00a0n\u00e9gociation approfondie\u00a0\u00bb avec le Hamas Vendredi, le pr\u00e9sident am\u00e9ricain a&hellip;\n","protected":false},"author":2,"featured_media":372724,"comment_status":"","ping_status":"","sticky":false,"template":"","format":"standard","meta":{"footnotes":""},"categories":[2],"tags":[11,1011,27,12,25],"class_list":{"0":"post-372723","1":"post","2":"type-post","3":"status-publish","4":"format-standard","5":"has-post-thumbnail","7":"category-actualites","8":"tag-actualites","9":"tag-fr","10":"tag-france","11":"tag-news","12":"tag-republique-francaise"},"share_on_mastodon":{"url":"https:\/\/pubeurope.com\/@fr\/115162463845340417","error":""},"_links":{"self":[{"href":"https:\/\/www.europesays.com\/fr\/wp-json\/wp\/v2\/posts\/372723","targetHints":{"allow":["GET"]}}],"collection":[{"href":"https:\/\/www.europesays.com\/fr\/wp-json\/wp\/v2\/posts"}],"about":[{"href":"https:\/\/www.europesays.com\/fr\/wp-json\/wp\/v2\/types\/post"}],"author":[{"embeddable":true,"href":"https:\/\/www.europesays.com\/fr\/wp-json\/wp\/v2\/users\/2"}],"replies":[{"embeddable":true,"href":"https:\/\/www.europesays.com\/fr\/wp-json\/wp\/v2\/comments?post=372723"}],"version-history":[{"count":0,"href":"https:\/\/www.europesays.com\/fr\/wp-json\/wp\/v2\/posts\/372723\/revisions"}],"wp:featuredmedia":[{"embeddable":true,"href":"https:\/\/www.europesays.com\/fr\/wp-json\/wp\/v2\/media\/372724"}],"wp:attachment":[{"href":"https:\/\/www.europesays.com\/fr\/wp-json\/wp\/v2\/media?parent=372723"}],"wp:term":[{"taxonomy":"category","embeddable":true,"href":"https:\/\/www.europesays.com\/fr\/wp-json\/wp\/v2\/categories?post=372723"},{"taxonomy":"post_tag","embeddable":true,"href":"https:\/\/www.europesays.com\/fr\/wp-json\/wp\/v2\/tags?post=372723"}],"curies":[{"name":"wp","href":"https:\/\/api.w.org\/{rel}","templated":true}]}}