{"id":372725,"date":"2025-09-07T10:08:08","date_gmt":"2025-09-07T10:08:08","guid":{"rendered":"https:\/\/www.europesays.com\/fr\/372725\/"},"modified":"2025-09-07T10:08:08","modified_gmt":"2025-09-07T10:08:08","slug":"le-paris-saint-germain-appelle-a-la-mise-en-place-dun-nouveau-protocole-de-coordination-medico-sportive-entre-clubs-et-selection-nationale-paris-saint-germain","status":"publish","type":"post","link":"https:\/\/www.europesays.com\/fr\/372725\/","title":{"rendered":"Le Paris Saint-Germain appelle \u00e0 la mise en place d&#039;un nouveau protocole de coordination m\u00e9dico-sportive entre clubs et s\u00e9lection nationale &#8211; Paris Saint-Germain"},"content":{"rendered":"<ol>\n<li><a href=\"https:\/\/news.google.com\/rss\/articles\/CBMi-AFBVV95cUxNRGxycXVRYnZuUDZRT1hPaENId3E0U0dkWWszQzBzT1JOc1hlQ1Y5R3gxWnlMc0RRYUN4eko1VzhhQXZINFUxTVJ2d0lWZGxXajBhVm5XalEzM0JQYXBNV01QX0d6VTJUanFVazYwUzdldUtuMTllWVI5RHVnUUswekIzVzhSZHF5MXlncnFHZnMyUmp4WUg5blQxM1dGVVZvX1M4TXlTanJUX1UzNFhEWjNfV1dSVG1YZ1VfU1l5ejc3NlpaaHlvYzhNcmxKOVlHdDZFTlNUdXV5b0pJeTBJRFpVOHJHMHZ6amlOdm1IbkhUWTdZNGZ3WA?oc=5\" target=\"_blank\" rel=\"nofollow noopener\">Le Paris Saint-Germain appelle \u00e0 la mise en place d&rsquo;un nouveau protocole de coordination m\u00e9dico-sportive entre clubs et s\u00e9lection nationale<\/a>&nbsp;&nbsp;Paris Saint-Germain<\/li>\n<li><a href=\"https:\/\/news.google.com\/rss\/articles\/CBMiyAFBVV95cUxNUFlLREJtdnlzNzBITnJLZlZ0WGNCemNoY0JSSGtxTlF3RDdSQVB2OFpRRlRiZTNzRS1xYnNHcUwtRmFTckt2UnlKSC1CcTI4ZG5VNldxWHRfcl9pZjhENnFZQ3Q3Y294c24tNjJIMHFYMDdWTm9KRGd1MkZ2MXVydTJuaHhodjNSVld3MGg4TUpETkJoMm5PUm5GQ290RmRaU1hRSHBacm1mMks1a0c2UTJZOUVLQThHYUVta0dnZlhVdFZHaWZKSg?oc=5\" target=\"_blank\" rel=\"nofollow noopener\">Didier Deschamps r\u00e9pond s\u00e8chement au PSG sur l\u2019affaire des blessures Demb\u00e9l\u00e9-Dou\u00e9 !<\/a>&nbsp;&nbsp;Foot Mercato<\/li>\n<li><a href=\"https:\/\/news.google.com\/rss\/articles\/CBMixgFBVV95cUxPaDdNRXRhNEJ0VGducU0taVZvbTA5czRNcjBaWDdoaTlDRXJTMkpHSThmNHdKMnBwSEF5eW1fMGJPU2hQeDBTdWJUTW9kWUh3NXNRYW5TdmpQeW9heFdIcm03TGhzVjRqYVNDN2VvRFJVRno0LXpxWHNQVURXUFBCUEpNeXA1YzVzamIxeHJBcjVqeVhCMGpteUtnSm5QMkc0YkduYkJDWTZWNkVXc3lvMC1CZXlxRDhzSGw2dTJFTVE2YXJrSGc?oc=5\" target=\"_blank\" rel=\"nofollow noopener\">Football. \u00c9viter des incidents \u00ab graves et \u00e9vitables \u00bb : le PSG fulmine et interpelle la f\u00e9d\u00e9ration<\/a>&nbsp;&nbsp;Le Dauphin\u00e9 Lib\u00e9r\u00e9<\/li>\n<li><a href=\"https:\/\/news.google.com\/rss\/articles\/CBMiggJBVV95cUxNNXNGWHQzNmxMS2x4dFNUbVMyREszQ1AyWTVDYVdRLWxRQ1NBeEI4ZGlZa2FqSE1FQ1MtQW5rMHJaZEdoY0FoLW9wUThCWk9yVVFkUjFGVGkyOE1xZ3IzbmNfZ3Y4eFJ3dk00S3E5a1ZNWW5nOEl1aHVoSWNneTZoYWVnWWNLTzdMcFpRQmpVZ091TkZINEt0bWQyaFlKYVpicGxobGRUSmY4dGx3d3B6LTdKcUl2LTdQTE5vZUN3LW11T0RNc002TnBGTnFmSC1IWHZJbXhZUzVMTmt5cW1nSU05d0o2X3pReUdkRVRXNjlZbTNGdTZSME42UktFUm1LYXc?oc=5\" target=\"_blank\" rel=\"nofollow noopener\">Ligue des champions, Clasico&#8230; Ousmane Demb\u00e9l\u00e9 et D\u00e9sir\u00e9 Dou\u00e9 vont manquer des rendez-vous importants pour le PSG<\/a>&nbsp;&nbsp;L&rsquo;\u00c9quipe<\/li>\n<li><a href=\"https:\/\/news.google.com\/rss\/articles\/CBMijwJBVV95cUxPd0Mwc3lmTXM4aGZPckhjd1AtNVd2cGczRWpOWWRKQTBUbmVXbExmNXFLTmFka3Q2T0xFR0JKZS1BTmJOLWR5ZDlNM1o5MlUtRFBjSHZDZnc5aU5RS1BfekNlNlpUcWFWNm1HRjd1TmIwU0lwc1pMRVZPbGRKWlhnb00tVGhETG00aTFqOUVuTnFvQnJZXy1qVGNHd291YmxHd0RfWWVrSDlMM0k1Um5kU21RYTM3Z1RXdzQtdmNuRnBIS0ZnQ01FNnJWdURlMUF3SGxWcm9vVUNQc2JLakQzNF9kalZZZHhiczFuV29jaGVWdGl5RDNPWU0xQWlVc0t5MTVnbHRrcWI1MXB5VU5V?oc=5\" target=\"_blank\" rel=\"nofollow noopener\">\u00c9quipe de France : Demb\u00e9l\u00e9 absent plusieurs semaines, les dessous d\u2019un fiasco annonc\u00e9<\/a>&nbsp;&nbsp;Le Parisien<\/li>\n<\/ol>\n","protected":false},"excerpt":{"rendered":"Le Paris Saint-Germain appelle \u00e0 la mise en place d&rsquo;un nouveau protocole de coordination m\u00e9dico-sportive entre clubs et&hellip;\n","protected":false},"author":2,"featured_media":1445,"comment_status":"","ping_status":"","sticky":false,"template":"","format":"standard","meta":{"footnotes":""},"categories":[2],"tags":[11,1011,27,12,25],"class_list":{"0":"post-372725","1":"post","2":"type-post","3":"status-publish","4":"format-standard","5":"has-post-thumbnail","7":"category-actualites","8":"tag-actualites","9":"tag-fr","10":"tag-france","11":"tag-news","12":"tag-republique-francaise"},"share_on_mastodon":{"url":"https:\/\/pubeurope.com\/@fr\/115162467895445049","error":""},"_links":{"self":[{"href":"https:\/\/www.europesays.com\/fr\/wp-json\/wp\/v2\/posts\/372725","targetHints":{"allow":["GET"]}}],"collection":[{"href":"https:\/\/www.europesays.com\/fr\/wp-json\/wp\/v2\/posts"}],"about":[{"href":"https:\/\/www.europesays.com\/fr\/wp-json\/wp\/v2\/types\/post"}],"author":[{"embeddable":true,"href":"https:\/\/www.europesays.com\/fr\/wp-json\/wp\/v2\/users\/2"}],"replies":[{"embeddable":true,"href":"https:\/\/www.europesays.com\/fr\/wp-json\/wp\/v2\/comments?post=372725"}],"version-history":[{"count":0,"href":"https:\/\/www.europesays.com\/fr\/wp-json\/wp\/v2\/posts\/372725\/revisions"}],"wp:featuredmedia":[{"embeddable":true,"href":"https:\/\/www.europesays.com\/fr\/wp-json\/wp\/v2\/media\/1445"}],"wp:attachment":[{"href":"https:\/\/www.europesays.com\/fr\/wp-json\/wp\/v2\/media?parent=372725"}],"wp:term":[{"taxonomy":"category","embeddable":true,"href":"https:\/\/www.europesays.com\/fr\/wp-json\/wp\/v2\/categories?post=372725"},{"taxonomy":"post_tag","embeddable":true,"href":"https:\/\/www.europesays.com\/fr\/wp-json\/wp\/v2\/tags?post=372725"}],"curies":[{"name":"wp","href":"https:\/\/api.w.org\/{rel}","templated":true}]}}