{"id":372726,"date":"2025-09-07T10:09:13","date_gmt":"2025-09-07T10:09:13","guid":{"rendered":"https:\/\/www.europesays.com\/fr\/372726\/"},"modified":"2025-09-07T10:09:13","modified_gmt":"2025-09-07T10:09:13","slug":"le-3-septembre-1939-la-france-entre-en-guerre-contre-lallemagne-nazie","status":"publish","type":"post","link":"https:\/\/www.europesays.com\/fr\/372726\/","title":{"rendered":"Le 3 septembre 1939, la France entre en guerre contre l&rsquo;Allemagne nazie"},"content":{"rendered":"<p>            Par<br \/>\n        <strong><br \/>\n            <a href=\"https:\/\/actu.fr\/auteur\/journaliste-ledemocrate\" title=\"Consulter tous les articles de R\u00e9daction Vernon\" rel=\"nofollow noopener\" target=\"_blank\">R\u00e9daction Vernon<\/a><br \/>\n        <\/strong><\/p>\n<p>        Publi\u00e9 le<\/p>\n<p>            7 sept. 2025 \u00e0 12h02        <\/p>\n<p>En <b>1938<\/b>, le <b>Reich allemand <\/b>d\u00e9cide de mener son programme de conqu\u00eates territoriales, certain que la <b>France<\/b> et la <b>Grande-Bretagne <\/b>ne feront rien pour l\u2019en emp\u00eacher.<\/p>\n<p class=\" wall-content\">Le 12 mars 1938, il annexe l\u2019Autriche et <b>menace<\/b> la <b>Tch\u00e9coslovaquie<\/b>. Puis, dans une<b> violente<\/b> campagne de <b>propagande<\/b>, il r\u00e9clame la r\u00e9gion des Sud\u00e8tes o\u00f9 vivent trois millions d\u2019<b>Allemands.<\/b> Devant la nouvelle menace d\u2019une guerre brandie par <b>Adolf Hitler<\/b>, les gouvernements anglais et fran\u00e7ais s\u2019inclinent devant le diktat nazi.<\/p>\n<p class=\" wall-content\">Par les Accords de Munich des 29 et 30 septembre 1938, la Tch\u00e9coslovaquie c\u00e8de le territoire des Sud\u00e8tes \u00e0 l\u2019Allemagne. Le Reich assure ne plus avoir de revendications territoriales.<\/p>\n<p class=\" wall-content\">D\u00e8s lors, le lendemain, le n\u00e9gociateur fran\u00e7ais \u00c9douard Daladier (1884-1970) est acclam\u00e9 \u00e0 l\u2019a\u00e9rodrome du Bourget, pr\u00e8s de Paris, par une foule en liesse qui s\u2019imagine que la paix est sauv\u00e9e\u2026<\/p>\n<p class=\" wall-content\">Le peuple britannique est \u00e9galement satisfait de cette nouvelle situation<b> g\u00e9opolitique <\/b>et en f\u00e9licite son n\u00e9gociateur, Neville Chamberlain (1869-1940)<\/p>\n<p>Le non-respect des Accords de Munich par le gouvernement allemand<\/p>\n<p class=\" wall-content\">Le 15 mars 1939, Adolf Hitler rompt les engagements pris \u00e0 Munich. Ses troupes entrent \u00e0 Prague : la col\u00e8re, l\u2019amertume et le d\u00e9sespoir envahissent les Praguois. Ils ne peuvent qu\u2019assister en spectateurs impuissants \u00e0 ce spectacle : la Boh\u00e8me et la Moravie sont rattach\u00e9es au Reich. La Tch\u00e9coslovaquie n\u2019existe plus !<\/p>\n<p>Vid\u00e9os : en ce moment sur Actu<\/p>\n<p class=\" wall-content\">Confort\u00e9 par ses succ\u00e8s diplomatiques et<b> militaire<\/b>, Hitler ne cache pas son prochain objectif : il exige d\u00e9sormais le droit de pouvoir traverser le \u00ab\u00a0couloir polonais\u00a0\u00bb qui conduit \u00e0 Danzig (<b>Pologne<\/b>). Cette fois-ci, l\u2019Angleterre et la France sont d\u00e9cid\u00e9es \u00e0 arr\u00eater l\u2019expansion territoriale allemande.<\/p>\n<p>La mobilisation partielle fran\u00e7aise\u00a0<\/p>\n<p class=\" wall-content\">Le pr\u00e9sident du Conseil \u00c9douard Daladier re\u00e7oit du Parlement l\u2019autorisation de gouverner par d\u00e9crets-lois. Le ministre de la D\u00e9fense nationale et de la Guerre planifie donc deux mobilisations partielles.<\/p>\n<p>Votre r\u00e9gion, votre actu !<\/p>\n<p>Recevez chaque jour les infos qui comptent pour vous.<\/p>\n<p>\t<a href=\"https:\/\/actu.fr\/newsletter\" class=\"ac-btn ac-btn--corner ac-btn--medium ac-btn--blue800\" rel=\"nofollow noopener\" target=\"_blank\">S&rsquo;incrire<\/a><\/p>\n<p class=\" wall-content\">Un d\u00e9cret-loi introduit la possibilit\u00e9 de souscrire, alors que la guerre n\u2019est pas encore d\u00e9clar\u00e9e, un \u00ab\u00a0engagement pour la dur\u00e9e d\u2019une \u00e9ventuelle guerre ou pour un temps d\u00e9termin\u00e9 d\u2019une dur\u00e9e d\u2019un mois au moins et r\u00e9siliable\u00a0\u00bb.<\/p>\n<p class=\" wall-content\">\u00c0 cet effet, la<b> Gendarmerie nationale<\/b> est charg\u00e9e \u00ab\u00a0de faire toute la propagande n\u00e9cessaire pour intensifier le recrutement des engag\u00e9s pour le temps de guerre, de fa\u00e7on \u00e0 pourvoir les formations militaires, notamment les cadres des organes mobilisateurs et des commissions de r\u00e9quisition\u00a0\u00bb. Ainsi, avant que la guerre \u00e9clate, 2 484 000 Fran\u00e7ais sont sous les drapeaux, sans compter les forces de gendarmerie d\u2019active et de r\u00e9serve.<\/p>\n<p>L\u2019\u00e9tat d\u2019esprit de la population est morose<\/p>\n<p class=\" wall-content\">L\u2019\u00e9clatement de la Tch\u00e9coslovaquie, les menaces allemandes sur la Pologne et les revendications italiennes sur la ville de Nice, sur la Corse et sur la Savoie d\u00e9couragent une opinion publique et des hommes politiques qui ont cru que les Accords de Munich avaient mis fin aux exigences des membres du Pacte d\u2019Acier (Allemagne et Italie).<\/p>\n<p>    <img   decoding=\"async\" loading=\"lazy\" class=\"size-large\" src=\"https:\/\/www.europesays.com\/fr\/wp-content\/uploads\/2025\/09\/c5bd5209d4926a9bd5209d492bdbd5v-768x640.jpg\" alt=\"Jean-Paul Lefebvre-Filleau\" width=\"768\" height=\"640\"\/><br \/>\n    Jean-Paul Lefebvre-Filleau, chroniqueur historique.\u00a0 \u00a9DR<\/p>\n<p class=\" wall-content\">La <b>presse \u00e9crite <\/b>et parl\u00e9e se fait d\u2019ailleurs l\u2019\u00e9cho du d\u00e9sarroi populaire : un sondage de l\u2019IFOP indique que 67 % des Fran\u00e7ais pensent que la guerre est imminente.<\/p>\n<p>L\u2019annonce du Pacte de non-agression germano-sovi\u00e9tique<\/p>\n<p class=\" wall-content\">Staline et Hitler signent secr\u00e8tement un pacte de non-agression. \u00c9douard Daladier, r\u00e9veill\u00e9 dans la nuit du 21 au 22 ao\u00fbt 1939 par Georges Bonnet (1889-1973), son ministre des Affaires \u00e9trang\u00e8res, croit \u00e0 une blague de journalistes ! H\u00e9las, il n\u2019en est rien. Subitement, la France politique et syndicale se met \u00e0 bouillonner d\u2019indignation.<\/p>\n<p class=\" wall-content\">Les <b>communistes fran\u00e7ais<\/b>, qui n\u2019ont pas \u00e9t\u00e9 mis dans la confidence par leurs camarades sovi\u00e9tiques, sont boulevers\u00e9s au m\u00eame titre que leurs concitoyens. Des milliers de militants d\u00e9chirent leur carte du Parti, en d\u00e9pit des efforts des cadres qui cherchent \u00e0 faire croire que Joseph Staline (1878-1953), le Petit P\u00e8re des peuples, ne peut se tromper dans l\u2019analyse de la situation.<\/p>\n<p class=\" wall-content\">Ce n\u2019est pas l\u2019avis de la Conf\u00e9d\u00e9ration G\u00e9n\u00e9rale des Travailleurs (CGT) qui s\u2019oppose au pacte germano-sovi\u00e9tique, ainsi que vingt-deux parlementaires communistes (vingt et un d\u00e9put\u00e9s et un s\u00e9nateur) sur soixante-quatorze. Certes une minorit\u00e9\u2026 mais importante.<\/p>\n<p>Les cons\u00e9quences du Pacte de non-agression germano-sovi\u00e9tique<\/p>\n<p class=\" wall-content\">Le 25 ao\u00fbt, \u00c9douard Daladier prend des <b>mesures r\u00e9pressives<\/b> contre le Parti communiste fran\u00e7ais, consid\u00e9r\u00e9 par la classe politique dirigeante comme \u00ab\u00a0vendu \u00e0 Berlin et \u00e0 Moscou\u00a0\u00bb. Ses r\u00e9unions et sa presse sont interdites.<\/p>\n<p class=\" wall-content\">D\u2019innombrables organisations populaires officielles, inf\u00e9od\u00e9es \u00e0 ce parti politique, sont dissoutes (Jeunesses communistes, Union populaire arm\u00e9nienne, Association touristique populaire de la r\u00e9gion parisienne, Le Sou du soldat, etc.).<\/p>\n<p class=\" wall-content\">Suspect\u00e9s de prendre leurs ordres \u00e0 Moscou, des parlementaires sont arr\u00eat\u00e9s, des maires et des conseillers municipaux suspendus, des diffuseurs de tracts et de mots d\u2019ordre condamn\u00e9s.<\/p>\n<p class=\" wall-content\">Les <b>dirigeants communistes<\/b> Jacques Duclos (1896-1975), Gabriel P\u00e9ri (fusill\u00e9 par les nazis au Mont Val\u00e9rien, le 15 d\u00e9cembre 1941), Charles Tillon (1897-1993, futur commandant en chef des francs-tireurs et partisans fran\u00e7ais) et quelques autres, futurs r\u00e9sistants \u00e0 l\u2019occupant nazi, parviennent \u00e0 se cacher.<\/p>\n<p class=\" wall-content\">Gr\u00e2ce \u00e0 ce pacte de <b>non-agression germano-sovi\u00e9tique<\/b>, Hitler a d\u00e9sormais les mains libres vers l\u2019Est europ\u00e9en. Le 1er septembre 1939, sans d\u00e9claration de guerre, soixante-deux divisions allemandes et trois mille blind\u00e9s envahissent la Pologne, \u00e0 partir de la Prusse orientale et de l\u2019Allemagne du Nord, de la Sil\u00e9sie et de la Slovaquie du Sud.<\/p>\n<p class=\" wall-content\">Les gouvernements anglais et fran\u00e7ais somment le Reich de stopper son invasion. Sans attendre la r\u00e9ponse, la France d\u00e9clare la guerre \u00e0 l\u2019Allemagne, le 3 septembre 1939, \u00e0 17 heures. Quant \u00e0 la Grande-Bretagne, elle a devanc\u00e9 la France, de quelques heures, en d\u00e9clarant la guerre \u00e0 11 heures.<\/p>\n<p class=\" wall-content\">L\u2019<b>Union sovi\u00e9tique<\/b>, \u00e0 son tour, le 17 du m\u00eame mois, envahit la Pologne orientale, pas pour la d\u00e9fendre, mais pour se la partager avec l\u2019<b>Allemagne<\/b>.<\/p>\n<p class=\" wall-content\">Prise entre deux feux consid\u00e9rables, la patrie de Marie Waleska ne peut qu\u2019opposer une r\u00e9sistance h\u00e9ro\u00efque.<\/p>\n<p>Les mesures de mobilisation g\u00e9n\u00e9rale et leurs difficult\u00e9s<\/p>\n<p class=\" wall-content\">La mobilisation g\u00e9n\u00e9rale fran\u00e7aise s\u2019\u00e9tend sur tout le mois de septembre. Tous les services de l\u2019\u00c9tat se consacrent au rassemblement des moyens n\u00e9cessaires \u00e0 la sauvegarde de la Nation.<\/p>\n<p class=\" wall-content\">Des milliers d\u2019ordres d\u2019appel sous les drapeaux et de r\u00e9quisition sont notifi\u00e9s par les brigades de gendarmerie qui, parall\u00e8lement, apposent les affiches concernant la mobilisation en des points pr\u00e9vus \u00e0 cet effet (mairies et divers lieux publics). S\u2019ajoutent \u00e0 cela le contr\u00f4le des \u00ab\u00a0affect\u00e9s sp\u00e9ciaux\u00a0\u00bb, des v\u00e9hicules r\u00e9quisitionn\u00e9s et la r\u00e9gulation des convois militaires qui montent au front.<\/p>\n<p class=\" wall-content\">\u00c0 ces difficult\u00e9s de la<b> mobilisation g\u00e9n\u00e9rale<\/b>, s\u2019ajoutent celles cr\u00e9\u00e9es par une frange de la direction du Parti communiste fran\u00e7ais clandestin qui r\u00e9agit \u00e0 la r\u00e9pression \u00e9tatique dont elle fait l\u2019objet.<\/p>\n<p class=\" wall-content\">Elle pousse ainsi ses militants les plus durs \u00e0 s\u2019opposer \u00e0 la guerre contre l\u2019<b>Allemagne<\/b>. Accentuant et durcissant leur<b> propagande<\/b> souterraine, ces ultras appellent les soldats \u00e0 la<b> d\u00e9sob\u00e9issance<\/b> et les ouvriers au sabotage.<\/p>\n<p class=\" wall-content\">Il s\u2019ensuit de nombreuses d\u00e9sertions et de multiples actes de<b> sabotage<\/b> dans les <b>usines<\/b> travaillant pour la d\u00e9fense nationale ou requises dans ce but.<\/p>\n<p>La dr\u00f4le de guerre<\/p>\n<p class=\" wall-content\">La double d\u00e9claration de guerre, l\u2019une britannique, l\u2019autre fran\u00e7aise, n\u2019impressionne pas l\u2019Allemagne nazie qui a engag\u00e9 la majeure partie de ses troupes dans la campagne de Pologne.<\/p>\n<p class=\" wall-content\">Avant que la Pologne succombe, les faibles troupes allemandes qui se trouvent sur la fronti\u00e8re franco-allemande, re\u00e7oivent des instructions tr\u00e8s strictes : ne pas franchir la fronti\u00e8re et ne pas provoquer les Fran\u00e7ais jusqu\u2019\u00e0 ce que la victoire sur les Polonais soit totale.<\/p>\n<p class=\" wall-content\">Le g\u00e9n\u00e9ralissime Maurice Gamelin (1872-1958) pr\u00e9f\u00e8re tenir les arm\u00e9es alli\u00e9es sur la d\u00e9fensive, faisant ainsi le jeu de l\u2019\u00e9tat-major allemand qui dispose du temps n\u00e9cessaire pour pr\u00e9parer le plan d\u2019invasion de la France, avec une partie des troupes revenues de Pologne. En 1945, Gamelin aura bien du mal \u00e0 justifier son incomp\u00e9tence\u2026<\/p>\n<p class=\" wall-content\">Son successeur, le g\u00e9n\u00e9ral Maxime Weygand (1867-1965) aussi. Le g\u00e9n\u00e9ral Charles de Gaulle dira d\u2019eux qu\u2019ils n\u2019avaient pas compris que \u00ab\u00a0le moteur avait introduit la r\u00e9volution dans les combats\u00a0\u00bb.<\/p>\n<p>Conclusion<\/p>\n<p class=\" wall-content\">Alors que depuis plusieurs mois, sur le front ouest, les bellig\u00e9rants sont loin de la guerre classique, soudainement, \u00e0 l\u2019aube du 10 mai 1940, les bellig\u00e9rants passent brutalement \u00e0 la guerre-\u00e9clair. La Luftwaffe proc\u00e8de \u00e0 une attaque massive des a\u00e9rodromes hollandais, belges et fran\u00e7ais.<\/p>\n<p class=\" wall-content\">Les aviations belge et n\u00e9erlandaise sont d\u00e9truites. Quant \u00e0 l\u2019arm\u00e9e de l\u2019air fran\u00e7aise, elle est tr\u00e8s \u00e9prouv\u00e9e, pour ne pas dire tr\u00e8s diminu\u00e9e. Ensuite, les corps m\u00e9canis\u00e9s ennemis d\u00e9clenchent un assaut brutal et cherchent \u00e0 percer entre Namur et Sedan. Ils touchent la rive droite de la Meuse le 12 mai au soir et la nuit suivante, bousculent les divisions l\u00e9g\u00e8res de cavalerie et les groupes de reconnaissance de l\u2019arm\u00e9e fran\u00e7aise. Ils franchissent la Meuse dans la nuit du 12 au 13.<\/p>\n<p class=\" wall-content\">Le 15 les panzerdivisionnen foncent sur tout ce qui s\u2019oppose \u00e0 leur passage.\u00a0<\/p>\n<p class=\" wall-content\">Peu \u00e0 peu le dispositif fran\u00e7ais craque de toutes parts. La 9e arm\u00e9e est d\u00e9faite. D\u00e8s cette phase de la bataille, tout s\u2019encha\u00eene. Les forces alli\u00e9es de Belgique sont encercl\u00e9es et disloqu\u00e9es.<\/p>\n<p class=\" wall-content\">Apr\u00e8s la chute de Dunkerque, le 4 juin, l\u2019adversaire reprend sa progression. L\u2019<b>arm\u00e9e fran\u00e7aise<\/b> n\u2019a pratiquement plus d\u2019artillerie et de chars. Le 8 juin, sur la Somme, et le 9, sur l\u2019Aisne, les Fran\u00e7ais sont battus. Le 10 juin, les Allemands atteignent la Marne. Trop puissant, l\u2019ennemi s\u2019introduit partout. C\u2019est la d\u00e9route.<\/p>\n<p class=\" wall-content\">Le 13 juin au soir, le gouvernement fran\u00e7ais et les grands services de l\u2019\u00c9tat se r\u00e9fugient \u00e0 Bordeaux. Le lendemain, les troupes allemandes p\u00e9n\u00e8trent tr\u00e8s t\u00f4t dans Paris, tandis que d\u2019autres s\u2019enfoncent dans le territoire fran\u00e7ais.<\/p>\n<p class=\" wall-content\">Le 22 juin un armistice est sign\u00e9 avec l\u2019Allemagne nazie. Quatre jours auparavant, un g\u00e9n\u00e9ral quasi inconnu du grand public, a lanc\u00e9 son fameux appel \u00e0 r\u00e9sister : \u00ab\u00a0\u00c0 tous les Fran\u00e7ais, la France a perdu une bataille ! Mais la France n\u2019a pas perdu la guerre !\u00a0\u00bb La France se rel\u00e8vera !\u00a0<\/p>\n<p class=\" wall-content\">Personnalisez votre actualit\u00e9 en ajoutant vos villes et m\u00e9dias en favori avec <a href=\"https:\/\/moncompte.actu.fr\" title=\"D\u00e9couvez Mon Actu\" rel=\"nofollow noopener\" data-trk=\"{&quot;cta&quot;:{&quot;action&quot;:&quot;https:\\\/\\\/moncompte.actu.fr&quot;,&quot;category&quot;:&quot;mon compte&quot;,&quot;from&quot;:&quot;article footer&quot;,&quot;name&quot;:&quot;Mon actu&quot;,&quot;type&quot;:&quot;cta&quot;}}\" target=\"_blank\">Mon Actu<\/a>.<\/p>\n","protected":false},"excerpt":{"rendered":"Par R\u00e9daction Vernon Publi\u00e9 le 7 sept. 2025 \u00e0 12h02 En 1938, le Reich allemand d\u00e9cide de mener&hellip;\n","protected":false},"author":2,"featured_media":372727,"comment_status":"","ping_status":"","sticky":false,"template":"","format":"standard","meta":{"footnotes":""},"categories":[4],"tags":[11,1011,27,937,12,25,935,104],"class_list":{"0":"post-372726","1":"post","2":"type-post","3":"status-publish","4":"format-standard","5":"has-post-thumbnail","7":"category-france","8":"tag-actualites","9":"tag-fr","10":"tag-france","11":"tag-histoire","12":"tag-news","13":"tag-republique-francaise","14":"tag-seconde-guerre-mondiale","15":"tag-societe"},"share_on_mastodon":{"url":"https:\/\/pubeurope.com\/@fr\/115162471883011536","error":""},"_links":{"self":[{"href":"https:\/\/www.europesays.com\/fr\/wp-json\/wp\/v2\/posts\/372726","targetHints":{"allow":["GET"]}}],"collection":[{"href":"https:\/\/www.europesays.com\/fr\/wp-json\/wp\/v2\/posts"}],"about":[{"href":"https:\/\/www.europesays.com\/fr\/wp-json\/wp\/v2\/types\/post"}],"author":[{"embeddable":true,"href":"https:\/\/www.europesays.com\/fr\/wp-json\/wp\/v2\/users\/2"}],"replies":[{"embeddable":true,"href":"https:\/\/www.europesays.com\/fr\/wp-json\/wp\/v2\/comments?post=372726"}],"version-history":[{"count":0,"href":"https:\/\/www.europesays.com\/fr\/wp-json\/wp\/v2\/posts\/372726\/revisions"}],"wp:featuredmedia":[{"embeddable":true,"href":"https:\/\/www.europesays.com\/fr\/wp-json\/wp\/v2\/media\/372727"}],"wp:attachment":[{"href":"https:\/\/www.europesays.com\/fr\/wp-json\/wp\/v2\/media?parent=372726"}],"wp:term":[{"taxonomy":"category","embeddable":true,"href":"https:\/\/www.europesays.com\/fr\/wp-json\/wp\/v2\/categories?post=372726"},{"taxonomy":"post_tag","embeddable":true,"href":"https:\/\/www.europesays.com\/fr\/wp-json\/wp\/v2\/tags?post=372726"}],"curies":[{"name":"wp","href":"https:\/\/api.w.org\/{rel}","templated":true}]}}