{"id":372734,"date":"2025-09-07T10:15:11","date_gmt":"2025-09-07T10:15:11","guid":{"rendered":"https:\/\/www.europesays.com\/fr\/372734\/"},"modified":"2025-09-07T10:15:11","modified_gmt":"2025-09-07T10:15:11","slug":"motogp-grille-de-depart-du-gp-de-catalogne-avec-un-3eme-pilote-severement-puni","status":"publish","type":"post","link":"https:\/\/www.europesays.com\/fr\/372734\/","title":{"rendered":"MotoGP Grille de d\u00e9part du GP de Catalogne, avec un 3\u00e8me pilote s\u00e9v\u00e8rement puni !"},"content":{"rendered":"<p>Si nous savions d\u00e9j\u00e0 que Fermin Aldeguer et Franco Morbidelli seraient p\u00e9nalis\u00e9s d\u2019un long-lap, au d\u00e9but du Grand-Prix de Catalogne de MotoGP, un troisi\u00e8me larron s\u2019est ajout\u00e9 sur la liste. En effet, Joan Mir, d\u00e9j\u00e0 bien mal plac\u00e9 sur la grille de d\u00e9part devra, pour sa part, observer une p\u00e9nalit\u00e9 de double long-lap. En d\u2019autres termes, il devra ex\u00e9cuter, successivement, deux long-lap, en deux tours. Il lui est reproch\u00e9 d\u2019avoir trop ralenti sur la ligne de course, g\u00eanant ainsi Jorge Martin, lors de la Q1 des qualifications, samedi matin dernier.<\/p>\n<p>MotoGP, Grand-Prix de Catalogne (2025), la grille de d\u00e9part<\/p>\n<p>Place \u00e0 la grille compl\u00e8te de cette \u00e9preuve catalane de MotoGP, sur la piste de <a href=\"https:\/\/lemagsportauto.ouest-france.fr\/tag\/montmelo\/\" target=\"_blank\" rel=\"noopener nofollow\">Montm\u00e9lo<\/a>.<\/p>\n<ol>\n<li>Alex Marquez (Gresini)<\/li>\n<li>Fabio Quartararo (Yamaha)<\/li>\n<li>Marc Marquez (Ducati)<\/li>\n<li>Franco Morbidelli (VR46) : long-lap<\/li>\n<li>Pedro Acosta (KTM)<\/li>\n<li>Fabio Di Giannantonio (VR46)<\/li>\n<li>Johann Zarco (LCR)<\/li>\n<li>Ai Ogura (Trackhouse)<\/li>\n<li>En\u00e9a Bastianini (Tech3)<\/li>\n<li>Luca Marini (Honda)<\/li>\n<li>Brad Binder (KTM)<\/li>\n<li>Marco Bezzecchi (Aprilia)<\/li>\n<li>Fermin Aldeguer (Gresini) : long-lap<\/li>\n<li>Jack Miller (Pramac)<\/li>\n<li>Raul Fernandez (Trackhouse)<\/li>\n<li>Miguel Oliveira (Pramac)<\/li>\n<li>Joan Mir (Honda) : double long-lap<\/li>\n<li>Jorge Martin (Aprilia)<\/li>\n<li>Aleix Espargaro (Honda)<\/li>\n<li>Alex Rins (Yamaha)<\/li>\n<li>Francesco Bagnaia (Ducati)<\/li>\n<li>Maverick Vinal\u00e8s (Tech3)<\/li>\n<li>Lorenzo Savadori (Aprilia)<\/li>\n<li>Somkiat Chantra (LCR)<\/li>\n<\/ol>\n<blockquote class=\"twitter-tweet\">\n<p dir=\"ltr\" lang=\"en\">The big race is coming up later with the <a href=\"https:\/\/twitter.com\/hashtag\/MotoGP?src=hash&amp;ref_src=twsrc%5Etfw\" target=\"_blank\" rel=\"noopener nofollow\">#MotoGP<\/a> field looking like this \ud83d\udc40<a href=\"https:\/\/twitter.com\/hashtag\/CatalanGP?src=hash&amp;ref_src=twsrc%5Etfw\" target=\"_blank\" rel=\"noopener nofollow\">#CatalanGP<\/a> \ud83c\udfc1 <a href=\"https:\/\/t.co\/SamNneYJNn\" rel=\"nofollow\">pic.twitter.com\/SamNneYJNn<\/a><\/p>\n<p>\u2014 MotoGP\u2122\ud83c\udfc1 (@MotoGP) <a href=\"https:\/\/twitter.com\/MotoGP\/status\/1964584542775427209?ref_src=twsrc%5Etfw\" target=\"_blank\" rel=\"noopener nofollow\">September 7, 2025<\/a><\/p>\n<\/blockquote>\n<p>Article publi\u00e9 le 07\/09\/2025 \u00e0 10h25<\/p>\n<p>                                            <img loading=\"lazy\" alt=\"\" class=\"avatar avatar-100 photo lazyload\" height=\"100\" width=\"100\" decoding=\"async\" src=\"https:\/\/www.europesays.com\/fr\/wp-content\/uploads\/2025\/09\/ffbb894c35ea5189d599d4ea062c98b86ffb67cc602fa683ebcbf422a80fc47a\"  data-eio-rwidth=\"100\" data-eio-rheight=\"100\"\/><\/p>\n<p class=\"h2\">\n                                            Julien Barthet\n                                        <\/p>\n<p>R\u00e9dacteur professionnel, titulaire de la carte de presse pendant 3 ans. Fondateur\/Directeur et R\u00e9dacteur en chef Le Mag Sport Auto et LeMagJeuxHighTech.com.&#13;<br \/>\nEx-Pilote automobile : 55 courses (Formule Ford, F.Campus, Coupe 206 Sprint et Relais, Saxo, Ford Fiesta Allemagne, Mitjet) 1 Victoire. Essais F3, Nascar Euro, Caterham, F.Renault, etc.<\/p>\n<p>                                                                                                                            <a href=\"https:\/\/lemagsportauto.ouest-france.fr\/author\/lmsa_adm\/\" title=\"Julien Barthet\" rel=\"nofollow noopener\" target=\"_blank\"><br \/>\n                                                Voir les publications de l&rsquo;auteur<br \/>\n                                            <\/a><\/p>\n<p>                                <script async src=\"https:\/\/platform.twitter.com\/widgets.js\" charset=\"utf-8\"><\/script><\/p>\n","protected":false},"excerpt":{"rendered":"Si nous savions d\u00e9j\u00e0 que Fermin Aldeguer et Franco Morbidelli seraient p\u00e9nalis\u00e9s d\u2019un long-lap, au d\u00e9but du Grand-Prix&hellip;\n","protected":false},"author":2,"featured_media":372735,"comment_status":"","ping_status":"","sticky":false,"template":"","format":"standard","meta":{"footnotes":""},"categories":[1413],"tags":[4791,1011,27,2128,1457,1456,1458,60],"class_list":{"0":"post-372734","1":"post","2":"type-post","3":"status-publish","4":"format-standard","5":"has-post-thumbnail","7":"category-moto","8":"tag-barcelone","9":"tag-fr","10":"tag-france","11":"tag-grille-de-depart","12":"tag-moto","13":"tag-motocycle","14":"tag-motogp","15":"tag-sports"},"share_on_mastodon":{"url":"https:\/\/pubeurope.com\/@fr\/115162495760035594","error":""},"_links":{"self":[{"href":"https:\/\/www.europesays.com\/fr\/wp-json\/wp\/v2\/posts\/372734","targetHints":{"allow":["GET"]}}],"collection":[{"href":"https:\/\/www.europesays.com\/fr\/wp-json\/wp\/v2\/posts"}],"about":[{"href":"https:\/\/www.europesays.com\/fr\/wp-json\/wp\/v2\/types\/post"}],"author":[{"embeddable":true,"href":"https:\/\/www.europesays.com\/fr\/wp-json\/wp\/v2\/users\/2"}],"replies":[{"embeddable":true,"href":"https:\/\/www.europesays.com\/fr\/wp-json\/wp\/v2\/comments?post=372734"}],"version-history":[{"count":0,"href":"https:\/\/www.europesays.com\/fr\/wp-json\/wp\/v2\/posts\/372734\/revisions"}],"wp:featuredmedia":[{"embeddable":true,"href":"https:\/\/www.europesays.com\/fr\/wp-json\/wp\/v2\/media\/372735"}],"wp:attachment":[{"href":"https:\/\/www.europesays.com\/fr\/wp-json\/wp\/v2\/media?parent=372734"}],"wp:term":[{"taxonomy":"category","embeddable":true,"href":"https:\/\/www.europesays.com\/fr\/wp-json\/wp\/v2\/categories?post=372734"},{"taxonomy":"post_tag","embeddable":true,"href":"https:\/\/www.europesays.com\/fr\/wp-json\/wp\/v2\/tags?post=372734"}],"curies":[{"name":"wp","href":"https:\/\/api.w.org\/{rel}","templated":true}]}}