{"id":372738,"date":"2025-09-07T10:17:10","date_gmt":"2025-09-07T10:17:10","guid":{"rendered":"https:\/\/www.europesays.com\/fr\/372738\/"},"modified":"2025-09-07T10:17:10","modified_gmt":"2025-09-07T10:17:10","slug":"cyclisme-tour-distanbul-de-schuyteneer-la-3e-etape-jeanniere-encore-2e-cuylits-sacre","status":"publish","type":"post","link":"https:\/\/www.europesays.com\/fr\/372738\/","title":{"rendered":"Cyclisme. Tour d&rsquo;Istanbul &#8211; De Schuyteneer la 3e \u00e9tape&#8230; Jeanni\u00e8re encore 2e, Cuylits sacr\u00e9"},"content":{"rendered":"<p>C\u2019\u00e9tait l\u2019ultime \u00e9tape de cette \u00e9dition 2025 du <strong><a href=\"https:\/\/www.cyclismactu.net\/..\/news-tour-d-istanbul-route-lonardi-gagne-une-2e-etape-neutralisee-jeanniere-encore-2e-90001.html\" target=\"_blank\" rel=\"nofollow noopener\">Tour d\u2019Istanbul<\/a><\/strong> ! Au programme, ce dimanche 7 septembre, seulement 94 kilom\u00e8tres autour de Fatih, \u00e9picentre historique d\u2019Istanbul, avec une arriv\u00e9e promise aux sprinteurs, comme depuis le d\u00e9but de cette course. La veille, l\u2019Italien <strong>Giovanni Lonardi<\/strong> (Team Polti\u2013VisitMalta) avait frustr\u00e9 le Fran\u00e7ais <strong>Emilien Jeanni\u00e8re<\/strong> (Team TotalEnergies) et le Belge <strong>Timothy Dupont<\/strong> (Tarteletto\u2013Isorex). Au bout des 94 kilom\u00e8tres, c&rsquo;est le sprinteur belge <strong>Steffen De Schuyteneer<\/strong> (Lotto) qui s&rsquo;est impos\u00e9, une nouvelle fois devant le Fran\u00e7ais <strong>Emilien Jeanni\u00e8re <\/strong>et le Belge <strong>Timothy Dupont<\/strong>. Vainqueur de la 1re \u00e9tape, le jeune Belge de 20 ans <strong>Mauro Cuylits<\/strong> (Lotto) remporte le classement g\u00e9n\u00e9ral !<\/p>\n<p>Vid\u00e9o &#8211; Jeanni\u00e8re, encore 2e comme \u00e0 la Bretagne Classic Lire la suite de l&rsquo;article&#13;<\/p>\n<p>\u00a0<\/p>\n<p>&#13;<br \/>\n<strong>Cuylits prive les Fran\u00e7ais du sacre !<\/strong>&#13;<\/p>\n<p>Trois sprints et trois deuxi\u00e8mes places pour <strong>Emilien Jeanni\u00e8re<\/strong>, qui n&rsquo;a toujours pas scor\u00e9 cette saison ! De son c\u00f4t\u00e9, <strong>Steffen De Schuyteneer<\/strong> d\u00e9croche son premier bouquet de la saison. Vainqueur de la 1re \u00e9tape, le jeune Belge de la formation <strong>Lotto Development<\/strong>, promu dans la formation WorldTour sur cette course, <strong>Mauro Cuylits<\/strong>, triomphe au classement g\u00e9n\u00e9ral devant le duo fran\u00e7ais de la <strong>Team TotalEnergies<\/strong>, <strong>Baptiste Vadic<\/strong> et <strong>Emilien Jeanni\u00e8re<\/strong>.<\/p>\n<p>Tour d&rsquo;Istanbul &#8211; Classement de la 3\u00e8 \u00e9tape Tour d&rsquo;Istanbul &#8211; Classement g\u00e9n\u00e9ral<\/p>\n","protected":false},"excerpt":{"rendered":"C\u2019\u00e9tait l\u2019ultime \u00e9tape de cette \u00e9dition 2025 du Tour d\u2019Istanbul ! Au programme, ce dimanche 7 septembre, seulement&hellip;\n","protected":false},"author":2,"featured_media":372739,"comment_status":"","ping_status":"","sticky":false,"template":"","format":"standard","meta":{"footnotes":""},"categories":[1411],"tags":[1154,207,1011,27,209,60,3318,208],"class_list":{"0":"post-372738","1":"post","2":"type-post","3":"status-publish","4":"format-standard","5":"has-post-thumbnail","7":"category-cyclisme","8":"tag-cycling","9":"tag-cyclisme","10":"tag-fr","11":"tag-france","12":"tag-route","13":"tag-sports","14":"tag-tour-d","15":"tag-velo"},"share_on_mastodon":{"url":"https:\/\/pubeurope.com\/@fr\/115162503142699523","error":""},"_links":{"self":[{"href":"https:\/\/www.europesays.com\/fr\/wp-json\/wp\/v2\/posts\/372738","targetHints":{"allow":["GET"]}}],"collection":[{"href":"https:\/\/www.europesays.com\/fr\/wp-json\/wp\/v2\/posts"}],"about":[{"href":"https:\/\/www.europesays.com\/fr\/wp-json\/wp\/v2\/types\/post"}],"author":[{"embeddable":true,"href":"https:\/\/www.europesays.com\/fr\/wp-json\/wp\/v2\/users\/2"}],"replies":[{"embeddable":true,"href":"https:\/\/www.europesays.com\/fr\/wp-json\/wp\/v2\/comments?post=372738"}],"version-history":[{"count":0,"href":"https:\/\/www.europesays.com\/fr\/wp-json\/wp\/v2\/posts\/372738\/revisions"}],"wp:featuredmedia":[{"embeddable":true,"href":"https:\/\/www.europesays.com\/fr\/wp-json\/wp\/v2\/media\/372739"}],"wp:attachment":[{"href":"https:\/\/www.europesays.com\/fr\/wp-json\/wp\/v2\/media?parent=372738"}],"wp:term":[{"taxonomy":"category","embeddable":true,"href":"https:\/\/www.europesays.com\/fr\/wp-json\/wp\/v2\/categories?post=372738"},{"taxonomy":"post_tag","embeddable":true,"href":"https:\/\/www.europesays.com\/fr\/wp-json\/wp\/v2\/tags?post=372738"}],"curies":[{"name":"wp","href":"https:\/\/api.w.org\/{rel}","templated":true}]}}