{"id":372742,"date":"2025-09-07T10:19:10","date_gmt":"2025-09-07T10:19:10","guid":{"rendered":"https:\/\/www.europesays.com\/fr\/372742\/"},"modified":"2025-09-07T10:19:10","modified_gmt":"2025-09-07T10:19:10","slug":"kate-middleton-loin-de-william-nouvelle-apparition-apres-les-rumeurs-sur-sa-sante-et-on-ne-remarque-quune-chose","status":"publish","type":"post","link":"https:\/\/www.europesays.com\/fr\/372742\/","title":{"rendered":"Kate Middleton loin de William : nouvelle apparition apr\u00e8s les rumeurs sur sa sant\u00e9 et on ne remarque QU\u2019UNE chose"},"content":{"rendered":"<p>Les vacances sont bel et bien termin\u00e9es.<a href=\"https:\/\/www.closermag.fr\/royautes\/prince-william-taquine-sur-sa-calvitie-kate-middleton-na-pas-pu-se-retenir-de-ricaner-3575873\" rel=\"nofollow noopener\" target=\"_blank\">\u00a0Kate<br \/>\net William<\/a> ont ainsi repris leurs fonctions royales. Le 4<br \/>\nseptembre, <strong>la princesse de Galles<\/strong> a fait sa<br \/>\npremi\u00e8re sortie officielle de la rentr\u00e9e. Accompagn\u00e9e de son mari,<br \/>\nelle s\u2019est rendue au Mus\u00e9e d\u00a0\u00bbhistoire naturelle de Londres. Et le<br \/>\nmoins que l\u2019on puisse dire, c\u2019est que cet \u00e9v\u00e9nement a beaucoup fait<br \/>\nparler.<\/p>\n<p>Un an et demi apr\u00e8s avoir annonc\u00e9 \u00eatre en r\u00e9mission d\u2019un cancer,<br \/>\n<a href=\"https:\/\/www.closermag.fr\/royautes\/kate-middleton-echec-de-son-traitement-contre-le-cancer-un-expert-tire-la-sonnette-dalarme-3569406\" rel=\"nofollow noopener\" target=\"_blank\"><br \/>\nson \u00e9tat de sant\u00e9 inqui\u00e8te toujours.<\/a> Alors qu\u2019elle arbore une<br \/>\nmagnifique chevelure qui est d\u00e9sormais blonde, les internautes se<br \/>\ndemandent si ce n&rsquo;est pas une perruque, qui traduirait qu\u2019elle a<br \/>\n<a href=\"https:\/\/www.closermag.fr\/royautes\/kate-middleton-loin-du-prince-william-nouveau-changement-capillaire-qui-montre-quelle-a-compris-les-inquietudes-3576065\" rel=\"nofollow noopener\" target=\"_blank\"><br \/>\nfait une nouvelle rechute<\/a>. Mais <a href=\"https:\/\/www.closermag.fr\/royautes\/kate-middleton-blonde-la-princesse-fait-fi-des-inquietudes-sur-sa-sante-pour-faire-passer-un-message-3575672\" rel=\"nofollow noopener\" target=\"_blank\"><br \/>\nsa nouvelle apparition publique<\/a> risque bien de <strong>faire<br \/>\ntaire les rumeurs.<\/strong><\/p>\n<p>La princesse de Galles, plus souriante que jamais lors de la<br \/>\nCoupe du monde f\u00e9minine de rugby<\/p>\n<p>Le samedi 6 septembre, <a href=\"https:\/\/www.closermag.fr\/royautes\/george-et-charlotte-le-lien-des-aines-de-kate-et-william-va-peser-lourd-dans-leurs-avenirs-3566782\" rel=\"nofollow noopener\" target=\"_blank\"><br \/>\nla m\u00e8re de George, Charlotte et Louis<\/a> a quitt\u00e9 Londres pour<br \/>\nBrighton, o\u00f9 se d\u00e9roulait un match de la Coupe du monde f\u00e9minine de<br \/>\nrugby, qui opposait l\u2019\u00e9quipe des Red Roses \u00e0 l\u2019Australie. Si<br \/>\nWilliam ne manque pas une occasion de soutenir son \u00e9quipe de<br \/>\nl\u2019Aston Villa, son \u00e9quipe de foot pr\u00e9f\u00e9r\u00e9e, la princesse de Galles<br \/>\na tenu \u00e0 honorer ses fonctions de marraine de la Rugby Football<br \/>\nUnion au Brighton &amp; Hove Albion Stadium.<\/p>\n<p>Visiblement, sa pr\u00e9sence a port\u00e9 chance \u00e0 l\u2019\u00e9quipe anglaise, qui<br \/>\na remport\u00e9 47 \u00e0 7. Grandes favorites de cette saison, les Red Roses<br \/>\nviennent d\u2019obtenir leur ticket pour les quarts de finale. Pour les<br \/>\nf\u00e9liciter suite \u00e0 cette victoire \u00e9crasante, Kate Middleton a tenu \u00e0<br \/>\nimmortaliser ce moment, en prenant une photo avec toutes les<br \/>\njoueuses de John Mitchell. Et au milieu de toutes ces sportives, on<br \/>\nne remarque qu\u2019une chose : <strong>le sourire de Kate<br \/>\nMiddleton.<\/strong> \u201cBravo @RedRosesRugby ! Excellent r\u00e9sultat<br \/>\ncontre l&rsquo;Australie et qualification pour les quarts de finale<br \/>\n!\u201d, \u00e9crit-elle en l\u00e9gende de la photo post\u00e9e sur X. Alors<br \/>\nqu\u2019elle \u00e9tait sans son mari sur cette photo, la princesse de Galles<br \/>\na montr\u00e9 qu\u2019elle \u00e9tait en pleine forme.<\/p>\n<blockquote class=\"twitter-tweet\"><p><a class=\"twitter-link\" rel=\"noindex, nofollow noopener\" href=\"https:\/\/twitter.com\/KensingtonRoyal\/status\/1964415208853819769\" target=\"_blank\"><\/p><\/blockquote>\n<p>Kate Middleton dans un tailleur<br \/>\nAlexander McQueen<\/p>\n<p>Pour assister \u00e0 cet \u00e9v\u00e9nement, <a href=\"https:\/\/www.closermag.fr\/royautes\/kate-middleton-a-deja-tout-prevu-pour-celebrer-la-fin-de-lannee-2025-sa-grande-annonce-3575853\" rel=\"nofollow noopener\" target=\"_blank\"><br \/>\nla belle-s\u0153ur du prince Harry<\/a> a, comme \u00e0 son habitude, opt\u00e9<br \/>\npour <strong>une tenue \u00e0 la fois simple et chic.<\/strong><\/p>\n<p>Elle portait un \u00e9l\u00e9gant tailleur pantalon noir, sign\u00e9 Alexander<br \/>\nMcQueen. Sous son blazer, elle avait une chemise blanche. Ses<br \/>\ncheveux, r\u00e9cemment devenus blonds, \u00e9taient \u00e0 moiti\u00e9 relev\u00e9s.<\/p>\n<p><script async src=\"https:\/\/platform.twitter.com\/widgets.js\" charset=\"utf-8\"><\/script><\/p>\n","protected":false},"excerpt":{"rendered":"Les vacances sont bel et bien termin\u00e9es.\u00a0Kate et William ont ainsi repris leurs fonctions royales. Le 4 septembre,&hellip;\n","protected":false},"author":2,"featured_media":372743,"comment_status":"","ping_status":"","sticky":false,"template":"","format":"standard","meta":{"footnotes":""},"categories":[1359],"tags":[548,58,59,1011,27,973],"class_list":{"0":"post-372742","1":"post","2":"type-post","3":"status-publish","4":"format-standard","5":"has-post-thumbnail","7":"category-people","8":"tag-article-simple","9":"tag-divertissement","10":"tag-entertainment","11":"tag-fr","12":"tag-france","13":"tag-people"},"share_on_mastodon":{"url":"https:\/\/pubeurope.com\/@fr\/115162511153135319","error":""},"_links":{"self":[{"href":"https:\/\/www.europesays.com\/fr\/wp-json\/wp\/v2\/posts\/372742","targetHints":{"allow":["GET"]}}],"collection":[{"href":"https:\/\/www.europesays.com\/fr\/wp-json\/wp\/v2\/posts"}],"about":[{"href":"https:\/\/www.europesays.com\/fr\/wp-json\/wp\/v2\/types\/post"}],"author":[{"embeddable":true,"href":"https:\/\/www.europesays.com\/fr\/wp-json\/wp\/v2\/users\/2"}],"replies":[{"embeddable":true,"href":"https:\/\/www.europesays.com\/fr\/wp-json\/wp\/v2\/comments?post=372742"}],"version-history":[{"count":0,"href":"https:\/\/www.europesays.com\/fr\/wp-json\/wp\/v2\/posts\/372742\/revisions"}],"wp:featuredmedia":[{"embeddable":true,"href":"https:\/\/www.europesays.com\/fr\/wp-json\/wp\/v2\/media\/372743"}],"wp:attachment":[{"href":"https:\/\/www.europesays.com\/fr\/wp-json\/wp\/v2\/media?parent=372742"}],"wp:term":[{"taxonomy":"category","embeddable":true,"href":"https:\/\/www.europesays.com\/fr\/wp-json\/wp\/v2\/categories?post=372742"},{"taxonomy":"post_tag","embeddable":true,"href":"https:\/\/www.europesays.com\/fr\/wp-json\/wp\/v2\/tags?post=372742"}],"curies":[{"name":"wp","href":"https:\/\/api.w.org\/{rel}","templated":true}]}}