{"id":372744,"date":"2025-09-07T10:20:12","date_gmt":"2025-09-07T10:20:12","guid":{"rendered":"https:\/\/www.europesays.com\/fr\/372744\/"},"modified":"2025-09-07T10:20:12","modified_gmt":"2025-09-07T10:20:12","slug":"en-2013-lauthentification-de-coucher-de-soleil-a-montmajour-de-van-gogh","status":"publish","type":"post","link":"https:\/\/www.europesays.com\/fr\/372744\/","title":{"rendered":"en 2013, l\u2019authentification de \u00ab\u00a0Coucher de soleil \u00e0 Montmajour\u00a0\u00bb de Van Gogh"},"content":{"rendered":"<p>            L\u2019info du jour<\/p>\n<p>R\u00e9apparu apr\u00e8s un si\u00e8cle d\u2019oubli, le tableau <a href=\"https:\/\/fr.wikipedia.org\/wiki\/Coucher_de_soleil_%C3%A0_Montmajour#:~:text=Coucher%20de%20soleil%20%C3%A0%20Montmajour%20est%20une%20peinture%20%C3%A0%20l,&#039;abbaye%20en%20arri%C3%A8re%2Dplan.\" target=\"_blank\" rel=\"nofollow noopener\">\u201cCoucher de soleil \u00e0 Montmajour\u201d de Van Gogh<\/a> est une \u0153uvre majeure de sa p\u00e9riode arl\u00e9sienne de 1888. Longtemps rel\u00e9gu\u00e9e dans un grenier norv\u00e9gien, cette toile a \u00e9t\u00e9 authentifi\u00e9e en 2013 par le Mus\u00e9e Van Gogh. L\u2019authentification a repos\u00e9 sur une convergence de preuves scientifiques et historiques, incluant une lettre dans laquelle l\u2019artiste d\u00e9crit la sc\u00e8ne, l\u2019analyse des pigments et une cartographie de la trame de la toile. <\/p>\n<p>Ces m\u00e9thodes modernes ont r\u00e9habilit\u00e9 une peinture que Van Gogh lui-m\u00eame consid\u00e9rait comme un \u00e9chec, r\u00e9v\u00e9lant qu\u2019elle est en r\u00e9alit\u00e9 une \u0153uvre de transition cruciale vers le style expressif de ses chefs-d\u2019\u0153uvre les plus c\u00e9l\u00e8bres.<\/p>\n<p>\u00c0 la Une de \u00ab\u00a0Sud Ouest\u00a0\u00bb du 7\u00a0septembre 1997<\/p>\n<p>        <img decoding=\"async\" id=\"25804557\" src=\"https:\/\/www.europesays.com\/fr\/wp-content\/uploads\/2025\/09\/sudouest-page-1-8525980-page-001.jpg\" alt=\"Le 6\u00a0septembre 1997, avaient lieu les obs\u00e8ques de la princesse Diana\u00a0\u00e0 l\u2019abbaye de Westminster, \u00e0 Londres.\" itemprop=\"contentURL\"\/><\/p>\n<p>    Le 6\u00a0septembre 1997, avaient lieu les obs\u00e8ques de la princesse Diana\u00a0\u00e0 l\u2019abbaye de Westminster, \u00e0 Londres.<\/p>\n<p>Archives \u00ab\u00a0Sud Ouest\u00a0\u00bb<\/p>\n<p><strong>Pour retrouver et visualiser toutes les Unes de \u00ab\u00a0Sud Ouest\u00a0\u00bb depuis 1944\u00a0: <\/strong><a href=\"https:\/\/unes-anniversaires.sudouest.fr\/\" target=\"_blank\" rel=\"nofollow noopener\">cliquez ici<\/a>.<\/p>\n<p>Dans le calendrier<\/p>\n<p><strong>Sainte Reine,<\/strong> elle est v\u00e9n\u00e9r\u00e9e d\u00e8s le d\u00e9but du VIIe\u00a0si\u00e8cle dans la r\u00e9gion d\u2019Al\u00e9sia.<strong>\u00a0<\/strong>Les Reine sont\u00a0<strong>\u00e9l\u00e9gantes\u00a0<\/strong>et\u00a0<strong>joviales.\u00a0<\/strong>Leur couleur\u00a0:<strong> le rouge.\u00a0<\/strong>Leur chiffre\u00a0: <strong>le 4.<\/strong><\/p>\n<p><strong>Le dicton du jour\u00a0:<\/strong> \u00ab\u00a0\u00c0 la Sainte-Reine, s\u00e8me tes graines.\u00a0\u00bb<strong> <\/strong><\/p>\n<p>\u00c7a s\u2019est pass\u00e9 un 7\u00a0septembre<\/p>\n<p><strong>1923\u00a0<\/strong>Cr\u00e9ation d\u2019Interpol.\u00a0<strong>1953<\/strong>\u00a0Nikita Khrouchtchev<strong>\u00a0<\/strong>devient Premier secr\u00e9taire du Parti communiste de l\u2019Union sovi\u00e9tique.<strong>\u00a01973<\/strong> <a href=\"https:\/\/www.sudouest.fr\/premium\/dans-vos-departements\/dans-le-retro-en-1973-la-mutinerie-a-la-prison-de-saint-martin-de-re-en-charente-maritime-5694059.php#:~:text=Du%205%20au%206%20septembre,de%20mutinerie%20et%20sa%20conclusion.\" target=\"_blank\" rel=\"follow nofollow noopener\">Mutinerie \u00e0 la prison de Saint-Martin-de-R\u00e9<\/a>. <strong>1992 <\/strong>Cr\u00e9ation du groupe audiovisuel France T\u00e9l\u00e9visions. <strong>1994\u00a0<\/strong>D\u00e9c\u00e8s de Terence Young, cin\u00e9aste britannique, p\u00e8re cin\u00e9matographique de James Bond.\u00a0<strong>2007<\/strong>\u00a0D\u00e9but de la Coupe du monde de rugby \u00e0 XV en France. En match d\u2019ouverture, au stade de France, l\u2019\u00e9quipe de France perd contre l\u2019Argentine sur le score de 17 \u2013 12.\u00a0<strong>2008 <\/strong>Un moment rare, le <a href=\"https:\/\/www.sudouest.fr\/culture\/ferias\/feria-de-dax-le-jour-ou-le-toro-desgarbado-etait-gracie-par-miguel-angel-8513638.php\" target=\"_blank\" rel=\"follow nofollow noopener\">toro Desgarbado de l\u2019\u00e9levage Victoriano del Rio<\/a> est graci\u00e9 par Miguel Angel Perera \u00e0 Dax. <strong>2017<\/strong>\u00a0S\u00e9isme au Mexique, de magnitude de 8,1, sur l\u2019\u00e9chelle de Richter (98 morts).<\/p>\n<p>Ils sont n\u00e9s un 7\u00a0septembre<\/p>\n<p>Henri Sannier, journaliste fran\u00e7ais (1947). Gloria Gaynor, chanteuse am\u00e9ricaine (1949).<\/p>\n<p>Marcel Desailly, footballeur fran\u00e7ais (1968). Maud Fontenoy, navigatrice fran\u00e7aise (1977).<\/p>\n","protected":false},"excerpt":{"rendered":"L\u2019info du jour R\u00e9apparu apr\u00e8s un si\u00e8cle d\u2019oubli, le tableau \u201cCoucher de soleil \u00e0 Montmajour\u201d de Van Gogh&hellip;\n","protected":false},"author":2,"featured_media":372745,"comment_status":"","ping_status":"","sticky":false,"template":"","format":"standard","meta":{"footnotes":""},"categories":[1358],"tags":[1348,1384,1385,1386,58,59,1011,27],"class_list":{"0":"post-372744","1":"post","2":"type-post","3":"status-publish","4":"format-standard","5":"has-post-thumbnail","7":"category-arts-et-design","8":"tag-arts","9":"tag-arts-and-design","10":"tag-arts-et-design","11":"tag-design","12":"tag-divertissement","13":"tag-entertainment","14":"tag-fr","15":"tag-france"},"share_on_mastodon":{"url":"https:\/\/pubeurope.com\/@fr\/115162515388769887","error":""},"_links":{"self":[{"href":"https:\/\/www.europesays.com\/fr\/wp-json\/wp\/v2\/posts\/372744","targetHints":{"allow":["GET"]}}],"collection":[{"href":"https:\/\/www.europesays.com\/fr\/wp-json\/wp\/v2\/posts"}],"about":[{"href":"https:\/\/www.europesays.com\/fr\/wp-json\/wp\/v2\/types\/post"}],"author":[{"embeddable":true,"href":"https:\/\/www.europesays.com\/fr\/wp-json\/wp\/v2\/users\/2"}],"replies":[{"embeddable":true,"href":"https:\/\/www.europesays.com\/fr\/wp-json\/wp\/v2\/comments?post=372744"}],"version-history":[{"count":0,"href":"https:\/\/www.europesays.com\/fr\/wp-json\/wp\/v2\/posts\/372744\/revisions"}],"wp:featuredmedia":[{"embeddable":true,"href":"https:\/\/www.europesays.com\/fr\/wp-json\/wp\/v2\/media\/372745"}],"wp:attachment":[{"href":"https:\/\/www.europesays.com\/fr\/wp-json\/wp\/v2\/media?parent=372744"}],"wp:term":[{"taxonomy":"category","embeddable":true,"href":"https:\/\/www.europesays.com\/fr\/wp-json\/wp\/v2\/categories?post=372744"},{"taxonomy":"post_tag","embeddable":true,"href":"https:\/\/www.europesays.com\/fr\/wp-json\/wp\/v2\/tags?post=372744"}],"curies":[{"name":"wp","href":"https:\/\/api.w.org\/{rel}","templated":true}]}}