{"id":372746,"date":"2025-09-07T10:21:11","date_gmt":"2025-09-07T10:21:11","guid":{"rendered":"https:\/\/www.europesays.com\/fr\/372746\/"},"modified":"2025-09-07T10:21:11","modified_gmt":"2025-09-07T10:21:11","slug":"emmanuel-carrere-signe-le-livre-kolkhoze-un-des-favoris-pour-le-goncourt-2025","status":"publish","type":"post","link":"https:\/\/www.europesays.com\/fr\/372746\/","title":{"rendered":"Emmanuel Carr\u00e8re signe le livre \u00ab\u00a0Kolkhoze\u00a0\u00bb, un des favoris pour le Goncourt 2025"},"content":{"rendered":"<p>S&rsquo;il avait tendance dans ses pr\u00e9c\u00e9dents livres \u00e0 en rajouter dans un certain \u00e9blouissement de lui-m\u00eame, <strong>Emmanuel Carr\u00e8re signe avec Kolkhoze (un des favoris pour le Goncourt 2025)<\/strong> un texte pudique, grave, document\u00e9, dont on sort \u00e9bloui, et totalement conquis. Se mettant totalement \u00e0 nu, \u00e9vitant effets de manche et narcissisme exacerb\u00e9, il nous fait voyager dans son monde familial avec compassion pour ses proches o\u00f9 transparaissent son amour et son admiration pour sa m\u00e8re <a href=\"https:\/\/laprovence.com\/article\/france-monde\/28497831927087\/deces-de-lhistorienne-helene-carrere-dencausse-1re-femme-a-la-tete-de-lacademie-francaise\" target=\"_blank\" rel=\"nofollow noopener\">H\u00e9l\u00e8ne Carr\u00e8re d&rsquo;Encausse<\/a>. \u00c9crivaine, membre de l&rsquo;Acad\u00e9mie fran\u00e7aise \u00e0 partir de 1990, qui occupa le poste de secr\u00e9taire perp\u00e9tuel de l&rsquo;institution de\u00a01999 \u00e0 sa mort survenue le 5\u00a0ao\u00fbt\u00a02023 \u00e0 Paris.<\/p>\n<p>N\u00e9e Zourabichvili<\/p>\n<p>C&rsquo;est par <strong>l&rsquo;hommage rendu par la Nation fran\u00e7aise<\/strong> \u00e0 cette femme hors du commun, lors d&rsquo;une c\u00e9r\u00e9monie le 3 octobre 2023 dans la cour d&rsquo;honneur des Invalides, <a href=\"https:\/\/laprovence.com\/article\/france-monde\/5549693778234915\/france-macron-rend-un-dernier-hommage-a-lhistorienne-de-la-russie-helene-carrere-dencausse\" target=\"_blank\" rel=\"nofollow noopener\">en pr\u00e9sence d&rsquo;Emmanuel Macron<\/a> et des principaux corps constitu\u00e9s, que d\u00e9bute le r\u00e9cit. Pas de grandiloquence ici, mais un regard plein de tendresse d&rsquo;un fils pour celle qui n&rsquo;est plus. On pourrait, en se rapprochant des derni\u00e8res lignes des Mots de Sartre, dire qu&rsquo;il s&rsquo;agit ici du portrait compassionnel et n\u00e9anmoins critique, voire parfois terrifiant&#8230;<\/p>\n","protected":false},"excerpt":{"rendered":"S&rsquo;il avait tendance dans ses pr\u00e9c\u00e9dents livres \u00e0 en rajouter dans un certain \u00e9blouissement de lui-m\u00eame, Emmanuel Carr\u00e8re&hellip;\n","protected":false},"author":2,"featured_media":372747,"comment_status":"","ping_status":"","sticky":false,"template":"","format":"standard","meta":{"footnotes":""},"categories":[1357],"tags":[17,1379,50694,251,58,11513,59,652,1011,27,50695,2003,1380,5875,3789],"class_list":{"0":"post-372746","1":"post","2":"type-post","3":"status-publish","4":"format-standard","5":"has-post-thumbnail","7":"category-livres","8":"tag-17","9":"tag-books","10":"tag-carrere","11":"tag-culture","12":"tag-divertissement","13":"tag-emmanuel","14":"tag-entertainment","15":"tag-famille","16":"tag-fr","17":"tag-france","18":"tag-kolkhoze","19":"tag-livre","20":"tag-livres","21":"tag-mere","22":"tag-signe"},"share_on_mastodon":{"url":"https:\/\/pubeurope.com\/@fr\/115162519001714205","error":""},"_links":{"self":[{"href":"https:\/\/www.europesays.com\/fr\/wp-json\/wp\/v2\/posts\/372746","targetHints":{"allow":["GET"]}}],"collection":[{"href":"https:\/\/www.europesays.com\/fr\/wp-json\/wp\/v2\/posts"}],"about":[{"href":"https:\/\/www.europesays.com\/fr\/wp-json\/wp\/v2\/types\/post"}],"author":[{"embeddable":true,"href":"https:\/\/www.europesays.com\/fr\/wp-json\/wp\/v2\/users\/2"}],"replies":[{"embeddable":true,"href":"https:\/\/www.europesays.com\/fr\/wp-json\/wp\/v2\/comments?post=372746"}],"version-history":[{"count":0,"href":"https:\/\/www.europesays.com\/fr\/wp-json\/wp\/v2\/posts\/372746\/revisions"}],"wp:featuredmedia":[{"embeddable":true,"href":"https:\/\/www.europesays.com\/fr\/wp-json\/wp\/v2\/media\/372747"}],"wp:attachment":[{"href":"https:\/\/www.europesays.com\/fr\/wp-json\/wp\/v2\/media?parent=372746"}],"wp:term":[{"taxonomy":"category","embeddable":true,"href":"https:\/\/www.europesays.com\/fr\/wp-json\/wp\/v2\/categories?post=372746"},{"taxonomy":"post_tag","embeddable":true,"href":"https:\/\/www.europesays.com\/fr\/wp-json\/wp\/v2\/tags?post=372746"}],"curies":[{"name":"wp","href":"https:\/\/api.w.org\/{rel}","templated":true}]}}