{"id":372748,"date":"2025-09-07T10:22:09","date_gmt":"2025-09-07T10:22:09","guid":{"rendered":"https:\/\/www.europesays.com\/fr\/372748\/"},"modified":"2025-09-07T10:22:09","modified_gmt":"2025-09-07T10:22:09","slug":"des-affirmations-qui-sont-fausses-en-direct-sur-france-5-francois-bayrou-sagace-apres-ledito-dun-chroniqueur-de-c-a-vous","status":"publish","type":"post","link":"https:\/\/www.europesays.com\/fr\/372748\/","title":{"rendered":"\u201cDes affirmations qui sont fausses\u201d : En direct sur France 5, Fran\u00e7ois Bayrou s\u2019agace apr\u00e8s l\u2019\u00e9dito d\u2019un chroniqueur de \u201cC \u00e0 vous\u201d"},"content":{"rendered":"<p>La suite apr\u00e8s la publicit\u00e9<\/p>\n<p>Une tension on ne peut plus palpable\u2026 Hier soir, l\u2019animateur <a href=\"https:\/\/www.ozap.com\/actu\/Eglantine-Emeye-amandine-begot-et-paul-larrouturou-mohamed-bouhafsi-devoile-sa-bande-pour-sa-version-week-end-de-c-a-vous\/651394\" rel=\"nofollow noopener\" target=\"_blank\">Mohamed Bouhafsi<\/a> recevait dans \u201cC \u00e0 vous\u201d Fran\u00e7ois Bayrou, venu parler du vote de confiance du lundi 8 septembre 2025. Au cours de l\u2019\u00e9mission, le chroniqueur <a href=\"https:\/\/www.ozap.com\/actu\/evince-de-l-edito-politique-de-france-inter-au-profit-de-patrick-cohen-yael-goosz-quitte-ses-fonctions-de-chef-du-service-politique-de-la-station\/645620\" rel=\"nofollow noopener\" target=\"_blank\">Ya\u00ebl Goosz<\/a> a livr\u00e9 sa chronique intitul\u00e9e \u201cL\u2019\u00e9dito\u201d. Afin de conclure cette derni\u00e8re, celui qui a \u00e9t\u00e9 chef du service politique de France Inter de 2018 \u00e0 2024 a d\u00e9clar\u00e9 : \u201cEn \u00e9crivant cet \u00e9dito, je me suis souvenu, Fran\u00e7ois Bayrou, d&rsquo;une longue conversation qu&rsquo;on a eu ensemble. La campagne des europ\u00e9ennes 2009, c&rsquo;\u00e9tait \u00e0 \u00c9pinal dans les Vosges. On avait discut\u00e9 ensemble, vous m&rsquo;aviez parl\u00e9 d&rsquo;Henri IV, Palois et B\u00e9arnais comme vous. Ce roi libre dont vous avez \u00e9crit la biographie, r\u00e9conciliateur d&rsquo;une France d\u00e9chir\u00e9e, d\u00e9chir\u00e9e par les guerres de religion, c&rsquo;est votre mod\u00e8le\u201d.<\/p>\n<p>\u201cJe ne vous ai jamais dit \u00e7a\u201d<\/p>\n<p>Sur le plateau de <a href=\"https:\/\/www.ozap.com\/actu\/audiences-pre-access-pour-la-fin-de-sa-premiere-semaine-de-rentree-anne-elisabeth-lemoine-retrouve-son-million-de-telespectateurs-dans-c-a-vous-sur-france-5\/651467\" rel=\"nofollow noopener\" target=\"_blank\">France 5<\/a>, le chroniqueur a ajout\u00e9 : \u201cEt puis sur un ton un peu mystique, je m&rsquo;en souviens bien, vous m&rsquo;aviez dit que Fran\u00e7ois Mitterrand, telle une bonne f\u00e9e sur votre carri\u00e8re politique, vous avez pr\u00e9dit un destin pr\u00e9sidentiel. Aujourd&rsquo;hui, vous n&rsquo;\u00eates ni roi, ni pr\u00e9sident, mais pour quelques heures encore, premier ministre. Un demi-si\u00e8cle au moins de vie politique pour en arriver l\u00e0, \u00e0 quoi bon perdre avec panache ? Si votre discours de v\u00e9rit\u00e9 n&rsquo;a rien chang\u00e9 au r\u00e9el, vous aviez enfin les manettes, mais qu&rsquo;en avez-vous fait ? Tout \u00e7a pour \u00e7a ?\u201d.<\/p>\n<p>A la suite de cette chronique, <a href=\"https:\/\/www.ozap.com\/actu\/audiences-francois-bayrou-a-t-il-booste-le-20-heures-de-france-2-de-lea-salame\/651464\" rel=\"nofollow noopener\" target=\"_blank\">Fran\u00e7ois Bayrou<\/a>, visiblement agac\u00e9, a r\u00e9torqu\u00e9 : \u201cOn est oblig\u00e9s de supporter comme \u00e7a des affirmations de quelqu&rsquo;un qui n&rsquo;a aucune exp\u00e9rience et qui ne sait pas ce dont il parle. Et qui pr\u00e9tend que Fran\u00e7ois Mitterrand m&rsquo;avait pr\u00e9dit un destin pr\u00e9sidentiel. Jamais Fran\u00e7ois Mitterrand n&rsquo;a eu cette conversation avec moi, il en a eu beaucoup d&rsquo;autres. Et donc votre assurance, votre mani\u00e8re comme \u00e7a d&rsquo;ass\u00e9ner des v\u00e9rit\u00e9s, vous comprenez pas que c&rsquo;est g\u00eanant pour ceux qui vous \u00e9coutent\u201d.\u00a0<\/p>\n<p>Pour r\u00e9pondre au premier ministre, Ya\u00ebl Goosz a lanc\u00e9 : \u201c\u00c7a s&rsquo;appelle un \u00e9dito, c&rsquo;est un regard\u201d. Fran\u00e7ois Bayrou a alors fait savoir : \u201c\u00c7a ne s&rsquo;appelle pas un \u00e9dito. \u00c7a s&rsquo;appelle des affirmations qui sont fausses, je ne vous ai jamais dit \u00e7a\u201d. S\u2019adressant \u00e0 Mohamed Bouhafsi, l\u2019homme politique a surench\u00e9ri : \u201cInutile de d\u00e9fendre Ya\u00ebl Goze, comme il attaque, il se d\u00e9fendra bien tout seul\u201d.\u00a0<\/p>\n<p>A lire aussi : <a href=\"https:\/\/www.ozap.com\/actu\/surprise-francois-bayrou-donnera-une-interview-exclusive-aux-quatre-chaines-d-information-en-continu-ce-dimanche\/651382\" rel=\"nofollow noopener\" target=\"_blank\">Surprise, Fran\u00e7ois Bayrou donnera une interview exclusive aux quatre cha\u00eenes d&rsquo;information en continu, ce dimanche<\/a><\/p>\n<p>Tr\u00e8s pr\u00e9sent dans les m\u00e9dias ces derniers temps, le septuag\u00e9naire, dont les jours \u00e0 Matignon semblent compter, n\u2019a pas manqu\u00e9 de pr\u00e9ciser dans \u201c<a href=\"https:\/\/www.ozap.com\/actu\/audiences-pre-access-quelle-performance-pour-la-premiere-de-mohamed-bouhafsi-a-la-tete-de-c-a-vous-sur-france-5\/651385\" rel=\"nofollow noopener\" target=\"_blank\">C \u00e0 vous<\/a>\u201d : \u201cVous savez, il y a beaucoup de gens qui aimeraient comprendre les choses. Et qui consid\u00e8rent que lorsque quelqu&rsquo;un qui franchement a peu partag\u00e9 de ces choses ass\u00e8ne des contre-v\u00e9rit\u00e9s aussi lourdes\u2026\u201d.\u00a0<\/p>\n<p>Puremedias.com vous propose de d\u00e9couvrir cette s\u00e9quence.<\/p>\n","protected":false},"excerpt":{"rendered":"La suite apr\u00e8s la publicit\u00e9 Une tension on ne peut plus palpable\u2026 Hier soir, l\u2019animateur Mohamed Bouhafsi recevait&hellip;\n","protected":false},"author":2,"featured_media":372749,"comment_status":"","ping_status":"","sticky":false,"template":"","format":"standard","meta":{"footnotes":""},"categories":[1356],"tags":[58,59,1011,27,252,1364],"class_list":{"0":"post-372748","1":"post","2":"type-post","3":"status-publish","4":"format-standard","5":"has-post-thumbnail","7":"category-television","8":"tag-divertissement","9":"tag-entertainment","10":"tag-fr","11":"tag-france","12":"tag-television","13":"tag-tv"},"share_on_mastodon":{"url":"https:\/\/pubeurope.com\/@fr\/115162522831576015","error":""},"_links":{"self":[{"href":"https:\/\/www.europesays.com\/fr\/wp-json\/wp\/v2\/posts\/372748","targetHints":{"allow":["GET"]}}],"collection":[{"href":"https:\/\/www.europesays.com\/fr\/wp-json\/wp\/v2\/posts"}],"about":[{"href":"https:\/\/www.europesays.com\/fr\/wp-json\/wp\/v2\/types\/post"}],"author":[{"embeddable":true,"href":"https:\/\/www.europesays.com\/fr\/wp-json\/wp\/v2\/users\/2"}],"replies":[{"embeddable":true,"href":"https:\/\/www.europesays.com\/fr\/wp-json\/wp\/v2\/comments?post=372748"}],"version-history":[{"count":0,"href":"https:\/\/www.europesays.com\/fr\/wp-json\/wp\/v2\/posts\/372748\/revisions"}],"wp:featuredmedia":[{"embeddable":true,"href":"https:\/\/www.europesays.com\/fr\/wp-json\/wp\/v2\/media\/372749"}],"wp:attachment":[{"href":"https:\/\/www.europesays.com\/fr\/wp-json\/wp\/v2\/media?parent=372748"}],"wp:term":[{"taxonomy":"category","embeddable":true,"href":"https:\/\/www.europesays.com\/fr\/wp-json\/wp\/v2\/categories?post=372748"},{"taxonomy":"post_tag","embeddable":true,"href":"https:\/\/www.europesays.com\/fr\/wp-json\/wp\/v2\/tags?post=372748"}],"curies":[{"name":"wp","href":"https:\/\/api.w.org\/{rel}","templated":true}]}}