{"id":372750,"date":"2025-09-07T10:23:11","date_gmt":"2025-09-07T10:23:11","guid":{"rendered":"https:\/\/www.europesays.com\/fr\/372750\/"},"modified":"2025-09-07T10:23:11","modified_gmt":"2025-09-07T10:23:11","slug":"lautre-vie-de-garou-en-dehors-de-la-musique-le-chanteur-se-consacre-a-une-autre-passion-dans-un-lieu-recule-du-quebec","status":"publish","type":"post","link":"https:\/\/www.europesays.com\/fr\/372750\/","title":{"rendered":"L&rsquo;autre vie de Garou : en dehors de la musique, le chanteur se consacre \u00e0 une autre passion dans un lieu recul\u00e9 du Qu\u00e9bec"},"content":{"rendered":"<p>            <img loading=\"lazy\" decoding=\"async\" src=\"https:\/\/www.europesays.com\/fr\/wp-content\/uploads\/2025\/04\/70-60dc2d431f18d-35x35-1.jpg\" class=\"author-article-picture\" width=\"35\" height=\"35\"\/><\/p>\n<p>                Par<br \/>\n                                    <a class=\"author-article-bio-link\" href=\"https:\/\/www.purepeople.com\/auteur\/liane-lazaar_a70\" rel=\"nofollow noopener\" target=\"_blank\">Liane Lazaar<\/a><br \/>\n                                                    | R\u00e9dactrice<\/p>\n<p>\n                Liane Lazaar est r\u00e9dactrice web rattach\u00e9e au p\u00f4le TV de Purepeople.com. Elle conna\u00eet autant le parcours de Jean-Pierre Pernaut sur TF1 que les derniers rebondissements des candidats de t\u00e9l\u00e9-r\u00e9alit\u00e9 et a un go\u00fbt prononc\u00e9 pour les histoires de coeur.\n            <\/p>\n<p>\n    On ne pr\u00e9sente plus Garou, pr\u00e9sent sur la sc\u00e8ne musicale fran\u00e7aise depuis bient\u00f4t trente ans. Mais depuis quelques ann\u00e9es, il ne se cantonne pas \u00e0 la chanson. L&rsquo;artiste s&rsquo;est lanc\u00e9 dans un tout autre business, qui fait honneur \u00e0 ses racines canadiennes.\n<\/p>\n<\/p>\n<p>                    Garou dans \u00ab\u00a0C \u00e0 vous\u00a0\u00bb<\/p>\n<p>La suite apr\u00e8s la publicit\u00e9<\/p>\n<p>\u00c0 53 ans, <a href=\"https:\/\/www.purepeople.com\/people\/garou_p307\" rel=\"nofollow noopener\" target=\"_blank\">Garou<\/a> &#8211; invit\u00e9 ce jour dans Vivement dimanche &#8211; fait son retour sur le devant de la sc\u00e8ne. Le chanteur a sorti son nouvel et onzi\u00e8me album, intitul\u00e9 Un meilleur lendemain. Un opus enregistr\u00e9 avec ses \u00ab\u00a0potes qui viennent \u00e0 la maison\u00a0\u00bb, a-t-il fait savoir. D\u00e9cid\u00e9 \u00e0 renouer avec son public, Garou a \u00e9galement <strong>pr\u00e9vu une tourn\u00e9e en 2026<\/strong>. Mais lorsqu&rsquo;il ne travaille pas, il retrouve sa r\u00e9serve au Qu\u00e9bec, d&rsquo;o\u00f9 il est originaire, et plus pr\u00e9cis\u00e9ment <strong>dans la for\u00eat dont il est propri\u00e9taire.<\/strong><\/p>\n<p>\u00ab\u00a0C&rsquo;est pendant la p\u00e9riode de la pand\u00e9mie que<strong> j&rsquo;ai achet\u00e9 un endroit o\u00f9 il y a la for\u00eat <\/strong>et \u00e7a m&rsquo;a remis dans mon enfance o\u00f9 j&rsquo;ai grandi\u00a0\u00bb, confiait-il sur le plateau de C \u00e0 vous en 2022. Un endroit o\u00f9 il se sent le mieux, entour\u00e9 de nature et surtout loin du tumulte des villes. Sur place, Garou aime y faire tranquillement de la musique et y \u00e9crire ses chansons mais ce n&rsquo;est pas tout. Il a aussi acquis de nouvelles comp\u00e9tences, plus manuelles. \u00ab\u00a0J&rsquo;avais besoin de faire autre chose aussi. <strong>J&rsquo;ai une compagnie de r\u00e9cup\u00e9ration de bois anciens<\/strong>, plein de choses auxquelles je touche qui me passionnent\u00a0\u00bb, d\u00e9clarait-il en 2021 \u00e0 RTL Belgique. Et puis, Garou fait par ailleurs <strong>son propre sirop d&rsquo;\u00e9rable !<\/strong><\/p>\n<p>Garou est chanteur mais aussi ac\u00e9riculteur<\/p>\n<p>\u00ab\u00a0Ma ch\u00e9rie n&rsquo;en peut plus parce que d\u00e8s 6 heures le matin j&rsquo;ai envie d&rsquo;aller dans la for\u00eat. Je peux passer la journ\u00e9e l\u00e0 et j&rsquo;y suis heureux. En ce moment, je n&rsquo;en peux plus parce que je sais que dimanche je monte sur ma motoneige, je vais aller damer les pistes, couper les arbres qui sont tomb\u00e9s\u00a0puis voir les travaux de la cabane, parce que <strong>je suis en train de construire une cabane \u00e0 sucre, l&rsquo;endroit\u00a0o\u00f9 on fait le sirop d&rsquo;\u00e9rable<\/strong>. Donc je vais devenir un ac\u00e9riculteur \u00e0 partir du printemps quand la s\u00e8ve coulera. Je vais faire mon sirop\u00a0\u00bb, se r\u00e9jouissait-il en 2019 lors d&rsquo;une interview pour RTBF Actu.<\/p>\n<p>Sur sa propri\u00e9t\u00e9, Garou<strong> <\/strong>a aussi <strong>restaur\u00e9 une vieille grange<\/strong> pour en faire un studio d&rsquo;enregistrement. Il y avait aussi\u00a0tourn\u00e9 le clip de You Can&rsquo;t Hurry Love. Le reste du temps, cette grange sert de lieu de f\u00eate avec ses amis.<\/p>\n","protected":false},"excerpt":{"rendered":"Par Liane Lazaar | R\u00e9dactrice Liane Lazaar est r\u00e9dactrice web rattach\u00e9e au p\u00f4le TV de Purepeople.com. Elle conna\u00eet&hellip;\n","protected":false},"author":2,"featured_media":372751,"comment_status":"","ping_status":"","sticky":false,"template":"","format":"standard","meta":{"footnotes":""},"categories":[1355],"tags":[58,59,1011,27,1361,873],"class_list":{"0":"post-372750","1":"post","2":"type-post","3":"status-publish","4":"format-standard","5":"has-post-thumbnail","7":"category-musique","8":"tag-divertissement","9":"tag-entertainment","10":"tag-fr","11":"tag-france","12":"tag-music","13":"tag-musique"},"share_on_mastodon":{"url":"https:\/\/pubeurope.com\/@fr\/115162527242542869","error":""},"_links":{"self":[{"href":"https:\/\/www.europesays.com\/fr\/wp-json\/wp\/v2\/posts\/372750","targetHints":{"allow":["GET"]}}],"collection":[{"href":"https:\/\/www.europesays.com\/fr\/wp-json\/wp\/v2\/posts"}],"about":[{"href":"https:\/\/www.europesays.com\/fr\/wp-json\/wp\/v2\/types\/post"}],"author":[{"embeddable":true,"href":"https:\/\/www.europesays.com\/fr\/wp-json\/wp\/v2\/users\/2"}],"replies":[{"embeddable":true,"href":"https:\/\/www.europesays.com\/fr\/wp-json\/wp\/v2\/comments?post=372750"}],"version-history":[{"count":0,"href":"https:\/\/www.europesays.com\/fr\/wp-json\/wp\/v2\/posts\/372750\/revisions"}],"wp:featuredmedia":[{"embeddable":true,"href":"https:\/\/www.europesays.com\/fr\/wp-json\/wp\/v2\/media\/372751"}],"wp:attachment":[{"href":"https:\/\/www.europesays.com\/fr\/wp-json\/wp\/v2\/media?parent=372750"}],"wp:term":[{"taxonomy":"category","embeddable":true,"href":"https:\/\/www.europesays.com\/fr\/wp-json\/wp\/v2\/categories?post=372750"},{"taxonomy":"post_tag","embeddable":true,"href":"https:\/\/www.europesays.com\/fr\/wp-json\/wp\/v2\/tags?post=372750"}],"curies":[{"name":"wp","href":"https:\/\/api.w.org\/{rel}","templated":true}]}}