{"id":372752,"date":"2025-09-07T10:24:12","date_gmt":"2025-09-07T10:24:12","guid":{"rendered":"https:\/\/www.europesays.com\/fr\/372752\/"},"modified":"2025-09-07T10:24:12","modified_gmt":"2025-09-07T10:24:12","slug":"stephen-king-trouve-que-les-films-de-super-heros-relevent-dune-pornographie-de-la-violence","status":"publish","type":"post","link":"https:\/\/www.europesays.com\/fr\/372752\/","title":{"rendered":"Stephen King trouve que les films de super-h\u00e9ros rel\u00e8vent d\u2019une \u00ab\u00a0pornographie de la violence\u00a0\u00bb"},"content":{"rendered":"<p>Stephen King ne m\u00e2che pas ses mots concernant <a href=\"https:\/\/www.20minutes.fr\/arts-stars\/cinema\/4166579-20250804-4-fantastiques-maintiennent-tete-box-office-americain-malgre-chute-notable\" target=\"_blank\" class=\"c-link c-link--is-underlined\" rel=\"noopener\">les films<\/a> Marvel. L\u2019<a href=\"https:\/\/www.20minutes.fr\/arts-stars\/culture\/4078106-20240228-holly-stephen-king-revient-terrain-horrifique-connu\" target=\"_blank\" class=\"c-link c-link--is-underlined\" rel=\"noopener\">\u00e9crivain am\u00e9ricain<\/a>, qui d\u00e9tient le record d\u2019adaptations de ses \u0153uvres au cin\u00e9ma, n\u2019a pas m\u00e2ch\u00e9 ses mots en critiquant la repr\u00e9sentation de la violence dans ces blockbusters destin\u00e9s au grand public.<\/p>\n<p>\u00ab\u00a0Si vous regardez ces films de super-h\u00e9ros, vous verrez des super-vilains qui d\u00e9truisent des quartiers entiers mais vous ne voyez jamais une goutte de sang\u00a0\u00bb, a d\u00e9nonc\u00e9 l\u2019auteur de \u00c7a et Shining lors d\u2019un <a href=\"https:\/\/www.thetimes.com\/culture\/books\/article\/stephen-king-author-77-writing-dementia-worries-interview-2w85zz6cq\" rel=\"nofollow noopener\" target=\"_blank\" class=\"c-link c-link--is-underlined\">entretien<\/a> accord\u00e9 au Times. \u00ab\u00a0Et c\u2019est regrettable. C\u2019est presque de la pornographie.\u00a0\u00bb<\/p>\n<p>Adepte d\u2019un r\u00e9alisme brutal<\/p>\n<p>Face \u00e0 ce <a href=\"https:\/\/www.20minutes.fr\/culture\/2062287-20170506-video-javier-bardem-supporte-violence-cinema\" target=\"_blank\" class=\"c-link c-link--is-underlined\" rel=\"noopener\">traitement de la violence<\/a> qu\u2019il juge hypocrite et \u00e9dulcor\u00e9e, Stephen King met un point d\u2019honneur \u00e0 imposer l\u2019inverse dans les adaptations cin\u00e9matographiques de ses livres. C\u2019est le cas pour la derni\u00e8re en date, The Long Walk (Marche ou Cr\u00e8ve), pour laquelle le ma\u00eetre de l\u2019horreur a impos\u00e9 au sc\u00e9nariste JT Mollner et au r\u00e9alisateur Francis Lawrence de montrer sans fard la brutalit\u00e9 de l\u2019histoire qu\u2019il a imagin\u00e9e.<\/p>\n<p>\u00ab\u00a0Je leur ai dit que s\u2019ils ne comptaient pas montrer les choses comme elles sont dans The Long Walk, qu\u2019ils ne se fatiguent pas. Et donc ils ont fait un film assez brutal\u00a0\u00bb, a-t-il ajout\u00e9 avec satisfaction.<\/p>\n<p>L\u2019adaptation, port\u00e9e par Cooper Hoffman, David Jonsson et Charlie Plummer, d\u00e9peint un concours annuel o\u00f9 les participants doivent maintenir une vitesse d\u2019au moins cinq kilom\u00e8tres par heure sous peine d\u2019\u00eatre ex\u00e9cut\u00e9s. Pour Stephen King, cette violence explicite sert son propos narratif, contrairement aux films Marvel qu\u2019il accuse de spectaculariser la destruction sans en montrer les vraies cons\u00e9quences. Marche ou Cr\u00e8ve d\u00e9barque dans les salles fran\u00e7aises le 1er\u00a0octobre prochain.<\/p>\n","protected":false},"excerpt":{"rendered":"Stephen King ne m\u00e2che pas ses mots concernant les films Marvel. L\u2019\u00e9crivain am\u00e9ricain, qui d\u00e9tient le record d\u2019adaptations&hellip;\n","protected":false},"author":2,"featured_media":372753,"comment_status":"","ping_status":"","sticky":false,"template":"","format":"standard","meta":{"footnotes":""},"categories":[1354],"tags":[58,59,2081,1346,1011,27,2135,1360,973,27347,133,809],"class_list":{"0":"post-372752","1":"post","2":"type-post","3":"status-publish","4":"format-standard","5":"has-post-thumbnail","7":"category-films","8":"tag-divertissement","9":"tag-entertainment","10":"tag-film","11":"tag-films","12":"tag-fr","13":"tag-france","14":"tag-marvel","15":"tag-movies","16":"tag-people","17":"tag-stephen-king","18":"tag-video","19":"tag-violence"},"share_on_mastodon":{"url":"https:\/\/pubeurope.com\/@fr\/115162530726935398","error":""},"_links":{"self":[{"href":"https:\/\/www.europesays.com\/fr\/wp-json\/wp\/v2\/posts\/372752","targetHints":{"allow":["GET"]}}],"collection":[{"href":"https:\/\/www.europesays.com\/fr\/wp-json\/wp\/v2\/posts"}],"about":[{"href":"https:\/\/www.europesays.com\/fr\/wp-json\/wp\/v2\/types\/post"}],"author":[{"embeddable":true,"href":"https:\/\/www.europesays.com\/fr\/wp-json\/wp\/v2\/users\/2"}],"replies":[{"embeddable":true,"href":"https:\/\/www.europesays.com\/fr\/wp-json\/wp\/v2\/comments?post=372752"}],"version-history":[{"count":0,"href":"https:\/\/www.europesays.com\/fr\/wp-json\/wp\/v2\/posts\/372752\/revisions"}],"wp:featuredmedia":[{"embeddable":true,"href":"https:\/\/www.europesays.com\/fr\/wp-json\/wp\/v2\/media\/372753"}],"wp:attachment":[{"href":"https:\/\/www.europesays.com\/fr\/wp-json\/wp\/v2\/media?parent=372752"}],"wp:term":[{"taxonomy":"category","embeddable":true,"href":"https:\/\/www.europesays.com\/fr\/wp-json\/wp\/v2\/categories?post=372752"},{"taxonomy":"post_tag","embeddable":true,"href":"https:\/\/www.europesays.com\/fr\/wp-json\/wp\/v2\/tags?post=372752"}],"curies":[{"name":"wp","href":"https:\/\/api.w.org\/{rel}","templated":true}]}}