{"id":372754,"date":"2025-09-07T10:25:10","date_gmt":"2025-09-07T10:25:10","guid":{"rendered":"https:\/\/www.europesays.com\/fr\/372754\/"},"modified":"2025-09-07T10:25:10","modified_gmt":"2025-09-07T10:25:10","slug":"les-secrets-du-neurologue-richard-levy-pour-muscler-notre-cortex-la-partie-la-plus-puissante-de-notre-cerveau","status":"publish","type":"post","link":"https:\/\/www.europesays.com\/fr\/372754\/","title":{"rendered":"Les secrets du neurologue Richard Levy pour muscler notre cortex, la partie la plus puissante de notre cerveau"},"content":{"rendered":"<p>                             Par Sophie Carquain<\/p>\n<p>                Le 7 septembre 2025 \u00e0 08h00<\/p>\n<p>    Le cortex, la mati\u00e8re grise du cerveau qui n\u2019a de cesse d\u2019\u00e9voluer.<br \/>\n                Jolygon \/ Getty Images<\/p>\n<p><strong>INTERVIEW <\/strong>&#8211; Il d\u00e9lib\u00e8re, juge, cr\u00e9e. Fine \u00e9corce autour du cerveau, le cortex pr\u00e9frontal est le garant de notre potentiel\u2026 et de notre libert\u00e9. D\u00e9cryptage avec le Pr Richard Levy, neurologue, auteur de Cortex.<\/p>\n<p class=\"fig-paragraph\">Il est l\u2019une des t\u00eates pensantes de notre mati\u00e8re grise.\u00a0<a href=\"http:\/\/madame.lefigaro.fr\/bien-etre\/forme-detente\/dort-on-vraiment-mieux-dans-le-noir-complet-la-neurologue-isabelle-arnulf-repond-20250523\" target=\"_blank\" data-fig-type=\"Article\" rel=\"noopener\" data-gtm-custom-categorie=\"navigation\" data-gtm-custom-action=\"crossclick\" data-gtm-custom-label=\"Contextuel\" data-gtm-event=\"customEventSPE\" data-fig-domain=\"MADAME\">Neurologue<\/a>, ancien chercheur \u00e0 l\u2019universit\u00e9 de Yale, aujourd\u2019hui directeur de nombreuses institutions \u2013 dont l\u2019unit\u00e9 Frontlab \u00e0 l\u2019Institut du cerveau \u00e0 Paris \u2013, le professeur Richard Levy est aussi un homme chaleureux, p\u00e9dagogue, qui aime tisser des liens entre les disciplines. Ainsi, il sort facilement de sa posture d\u2019expert pour r\u00e9fl\u00e9chir \u00e0 l\u2019\u00e9ducation, \u00e0 la gen\u00e8se de la violence ou \u00e0 l\u2019impact des nouvelles technologies sur notre intelligence, \u00e0 laquelle il consacre un ouvrage, Cortex. Percez les secrets de l\u2019intelligence (\u00c9ditions Albin Michel), qui sort le 10 septembre. Rencontre avec un scientifique remarquable.<\/p>\n<p class=\"fig-paragraph\"><strong>Madame Figaro.<\/strong> <strong>\u2013 Depuis la vulgarisation de l\u2019imagerie c\u00e9r\u00e9brale, le cerveau fascine, et de congr\u00e8s en livres, il fait couler beaucoup d\u2019encre. En revanche, on n\u2019a pas beaucoup \u00e9voqu\u00e9 le cortex pr\u00e9frontal. C\u2019est quoi, exactement\u00a0?<\/strong><br \/><strong>Pr Richard Levy.<\/strong> \u2013 Je dirais d\u2019embl\u00e9e qu\u2019on ne lui accorde pas l\u2019importance qu\u2019il m\u00e9rite\u00a0!\u2026<\/p>\n<p class=\"fig-premium-paywall__infos\">\n        Cet article est r\u00e9serv\u00e9 aux abonn\u00e9s.        Il vous reste 86% \u00e0 d\u00e9couvrir.\n    <\/p>\n<p>                <img  data- alt=\"Le Figaro\" class=\"fig-img--complete fig-img\"\/><\/p>\n<p class=\"fig-premium-paywall__title\">Vente Flash<\/p>\n<p class=\"fig-premium-paywall__subtitle\">4,99\u20ac par mois pendant 12 mois. Sans engagement.<\/p>\n<p class=\"fig-premium-paywall__connect\">\n                D\u00e9j\u00e0 abonn\u00e9\u00a0?                <a class=\"fig-premium-paywall__connect-link\" href=\"https:\/\/connect.lefigaro.fr\/login?client=madame_web&amp;type=main&amp;redirect_uri=https%3A%2F%2Fmadame.lefigaro.fr%2Fbien-etre%2Fpsycho%2Fles-secrets-du-neurologue-richard-levy-pour-muscler-notre-cortex-la-partie-la-plus-puissante-de-notre-cerveau-20250907\" data-js-gtm=\"{&quot;customCategorie&quot;: &quot;conversion&quot;, &quot;customAction&quot;: &quot;before_Landing_Connexion_paywall_auto&quot;, &quot;customLabel&quot;: &quot;bWFkYW1lLmxlZmlnYXJvLmZyX18xZjA4NDBmZS00MTJhLTY3NDAtYTc2MS1hZmYzNWE3MmM2OTFfX0FydGljbGU=_Les secrets du neurologue Richard Levy pour muscler notre cortex, la partie la plus puissante de notre cerveau_319&quot;, &quot;customIDSPE&quot;: &quot;bWFkYW1lLmxlZmlnYXJvLmZyX18xZjA4NDBmZS00MTJhLTY3NDAtYTc2MS1hZmYzNWE3MmM2OTFfX0FydGljbGU=&quot;, &quot;event&quot;: &quot;customEventSPE&quot;}\" target=\"_blank\" rel=\"noopener\"><br \/>\n                    Connectez-vous<br \/>\n                <\/a>\n            <\/p>\n","protected":false},"excerpt":{"rendered":"Par Sophie Carquain Le 7 septembre 2025 \u00e0 08h00 Le cortex, la mati\u00e8re grise du cerveau qui n\u2019a&hellip;\n","protected":false},"author":2,"featured_media":372755,"comment_status":"","ping_status":"","sticky":false,"template":"","format":"standard","meta":{"footnotes":""},"categories":[10],"tags":[1011,27,72,7424,2173,71,41],"class_list":{"0":"post-372754","1":"post","2":"type-post","3":"status-publish","4":"format-standard","5":"has-post-thumbnail","7":"category-sante","8":"tag-fr","9":"tag-france","10":"tag-health","11":"tag-intelligence","12":"tag-interview","13":"tag-sante","14":"tag-sciences"},"share_on_mastodon":{"url":"https:\/\/pubeurope.com\/@fr\/115162534727667168","error":""},"_links":{"self":[{"href":"https:\/\/www.europesays.com\/fr\/wp-json\/wp\/v2\/posts\/372754","targetHints":{"allow":["GET"]}}],"collection":[{"href":"https:\/\/www.europesays.com\/fr\/wp-json\/wp\/v2\/posts"}],"about":[{"href":"https:\/\/www.europesays.com\/fr\/wp-json\/wp\/v2\/types\/post"}],"author":[{"embeddable":true,"href":"https:\/\/www.europesays.com\/fr\/wp-json\/wp\/v2\/users\/2"}],"replies":[{"embeddable":true,"href":"https:\/\/www.europesays.com\/fr\/wp-json\/wp\/v2\/comments?post=372754"}],"version-history":[{"count":0,"href":"https:\/\/www.europesays.com\/fr\/wp-json\/wp\/v2\/posts\/372754\/revisions"}],"wp:featuredmedia":[{"embeddable":true,"href":"https:\/\/www.europesays.com\/fr\/wp-json\/wp\/v2\/media\/372755"}],"wp:attachment":[{"href":"https:\/\/www.europesays.com\/fr\/wp-json\/wp\/v2\/media?parent=372754"}],"wp:term":[{"taxonomy":"category","embeddable":true,"href":"https:\/\/www.europesays.com\/fr\/wp-json\/wp\/v2\/categories?post=372754"},{"taxonomy":"post_tag","embeddable":true,"href":"https:\/\/www.europesays.com\/fr\/wp-json\/wp\/v2\/tags?post=372754"}],"curies":[{"name":"wp","href":"https:\/\/api.w.org\/{rel}","templated":true}]}}