{"id":372762,"date":"2025-09-07T10:29:08","date_gmt":"2025-09-07T10:29:08","guid":{"rendered":"https:\/\/www.europesays.com\/fr\/372762\/"},"modified":"2025-09-07T10:29:08","modified_gmt":"2025-09-07T10:29:08","slug":"greve-tcl-a-lyon-lundi-de-fortes-perturbations-annoncees-anticipez-votre-voyage-lyonmag-com","status":"publish","type":"post","link":"https:\/\/www.europesays.com\/fr\/372762\/","title":{"rendered":"Gr\u00e8ve TCL \u00e0 Lyon lundi : de fortes perturbations annonc\u00e9es, anticipez votre voyage ! &#8211; lyonmag.com"},"content":{"rendered":"<ol>\n<li><a href=\"https:\/\/news.google.com\/rss\/articles\/CBMiugFBVV95cUxQTzdfamlvaVc3N2RSdkphdDQ4V1pFalh2aXpQbm5ubm9UUlFfY2phLWVXNENwTE1iVGQybjh4Qmh5WUpIZ0pqQU42TTk5MXFWNkZXQ21rRzhZSGkzb092Qm1iMXFTVERmQ0E1c280ZUZ6SGcwOHVfRm1fUWVIUmNLNjdqUFhpSWZqTmJHMFNzT0k2dkh0TFd5NmtEQ1ZKN0FoSDRlM0NUeXBCYVg4YjRtR1dWbk5Nd2lGelE?oc=5\" target=\"_blank\" rel=\"nofollow noopener\">Gr\u00e8ve TCL \u00e0 Lyon lundi : de fortes perturbations annonc\u00e9es, anticipez votre voyage !<\/a>&nbsp;&nbsp;lyonmag.com<\/li>\n<li><a href=\"https:\/\/news.google.com\/rss\/articles\/CBMivgFBVV95cUxQd004ZHNEMXB5SFR4WC1UYXZHVWxoVU5sNzhLa3ZNVUcyeV9zN1p6Sy0zTGV5ck5IZjYzSEtIaUhwTVluV3hUQnZDTUNRRnJoZXgxcjlFWmFJVE1ZOXRTSFduOWR4Z3hCV242eWt6NldrQk5DVWRxTHRKNkZyY0sxU21fejFkSFNZWGplaE5HbGcyZHk4Z3p6Ri1TdlhMdlhQeURiVlVqNEpsMUZoWXhwbVRvWnowR0FxWXZ6cTFB?oc=5\" target=\"_blank\" rel=\"nofollow noopener\">M\u00e9tropole de Lyon. Gr\u00e8ve TCL : tramways supprim\u00e9s, lignes raccourcies, le r\u00e9seau lyonnais paralys\u00e9 ce lundi<\/a>&nbsp;&nbsp;Le Progr\u00e8s<\/li>\n<li><a href=\"https:\/\/news.google.com\/rss\/articles\/CBMi2gFBVV95cUxPbXRKQkczeTZUYU0yNGRnOVFhRG9VY3RIcUFFbFU0SGtHZElfbFBUajJUOXR3N0duRUNLeDBPZVo2bzVLYWYzdzlkWFVnZW0td1pwMmw5UXJseDJaT0szY19XRmQxWXlBaTBfUjRBdllaRVdrQU9POWFJVEtiZkcwdkwybWVrb1JJdDNJMGJjT1JVN2o1ckxoVHVFNHVIZF9TZTA0THBRYUZvRXYxaUJPMklPNDA5VWNtSVBoTWZiRU5iS0xINGlHdnZHMDI3TnRfcmw4eEw4R0U0Zw?oc=5\" target=\"_blank\" rel=\"nofollow noopener\">Les transports en commun tr\u00e8s perturb\u00e9s \u00e0 Lyon le 8 septembre, 700 agents du r\u00e9seau TCL en gr\u00e8ve<\/a>&nbsp;&nbsp;BFMTV<\/li>\n<li><a href=\"https:\/\/news.google.com\/rss\/articles\/CBMingFBVV95cUxQNnRaMjdrajRLMEJkRkdRYWtQS3p1UHlaM3JScW1na3hKRnIzTGlGZmQtdjhaajNiQ0wzWWV4SXUxbW4yQVVkcktaN2hKaVNzaEpzU1VPSUhQSnFiS3pKQVlTMFNQOHU5RUkxek13SS00Sk5LY3BnNHNTYnBRSDBtNjl5V3J3aGRBT19TZWhITm9JVG1lVEh1Qnc5ZU9IUQ?oc=5\" target=\"_blank\" rel=\"nofollow noopener\">Gr\u00e8ve TCL \u00e0 Lyon : quelles perturbations sur le r\u00e9seau demain ?<\/a>&nbsp;&nbsp;Lyon Capitale<\/li>\n<li><a href=\"https:\/\/news.google.com\/rss\/articles\/CBMiqwFBVV95cUxQOXhldk05OEJVZmlCdENRd2NNa2lMZjZTTXRBbGZtYnVwdVlDYTF3UDdiUFRNQlNBWTdXSDZCbTZEYXlsWlVsdnh6Yi1FOUQweWY1Rmo3eVA1U3BsMjJWMG1SbnE5QWRPNjBwdDVUU2hmQWhqaHlra2pVSV9GMW5pUUlWbVpud1BTVnR4bU5MMnRPUTkxR2c0cWN1c29rV2tRQXhQY1Rtd1hhQXc?oc=5\" target=\"_blank\" rel=\"nofollow noopener\">Gr\u00e8ve du 8 septembre : le r\u00e9seau TCL sera fortement perturb\u00e9 ce lundi<\/a>&nbsp;&nbsp;Radio SCOOP<\/li>\n<\/ol>\n","protected":false},"excerpt":{"rendered":"Gr\u00e8ve TCL \u00e0 Lyon lundi : de fortes perturbations annonc\u00e9es, anticipez votre voyage !&nbsp;&nbsp;lyonmag.com M\u00e9tropole de Lyon. Gr\u00e8ve&hellip;\n","protected":false},"author":2,"featured_media":372763,"comment_status":"","ping_status":"","sticky":false,"template":"","format":"standard","meta":{"footnotes":""},"categories":[6],"tags":[1111,11,2813,2190,1109,35,251,1112,33,2811,34,118,1011,27,1922,1110,1114,2428,2810,241,316,2812,517,800],"class_list":{"0":"post-372762","1":"post","2":"type-post","3":"status-publish","4":"format-standard","5":"has-post-thumbnail","7":"category-economie","8":"tag-actu","9":"tag-actualites","10":"tag-article","11":"tag-asvel","12":"tag-breves","13":"tag-business","14":"tag-culture","15":"tag-depeches","16":"tag-economie","17":"tag-economique","18":"tag-economy","19":"tag-faits-divers","20":"tag-fr","21":"tag-france","22":"tag-info","23":"tag-informations","24":"tag-infos","25":"tag-lyon","26":"tag-lyonmag","27":"tag-ol","28":"tag-politique","29":"tag-sociale","30":"tag-sport","31":"tag-transports"},"share_on_mastodon":{"url":"https:\/\/pubeurope.com\/@fr\/115162550485767535","error":""},"_links":{"self":[{"href":"https:\/\/www.europesays.com\/fr\/wp-json\/wp\/v2\/posts\/372762","targetHints":{"allow":["GET"]}}],"collection":[{"href":"https:\/\/www.europesays.com\/fr\/wp-json\/wp\/v2\/posts"}],"about":[{"href":"https:\/\/www.europesays.com\/fr\/wp-json\/wp\/v2\/types\/post"}],"author":[{"embeddable":true,"href":"https:\/\/www.europesays.com\/fr\/wp-json\/wp\/v2\/users\/2"}],"replies":[{"embeddable":true,"href":"https:\/\/www.europesays.com\/fr\/wp-json\/wp\/v2\/comments?post=372762"}],"version-history":[{"count":0,"href":"https:\/\/www.europesays.com\/fr\/wp-json\/wp\/v2\/posts\/372762\/revisions"}],"wp:featuredmedia":[{"embeddable":true,"href":"https:\/\/www.europesays.com\/fr\/wp-json\/wp\/v2\/media\/372763"}],"wp:attachment":[{"href":"https:\/\/www.europesays.com\/fr\/wp-json\/wp\/v2\/media?parent=372762"}],"wp:term":[{"taxonomy":"category","embeddable":true,"href":"https:\/\/www.europesays.com\/fr\/wp-json\/wp\/v2\/categories?post=372762"},{"taxonomy":"post_tag","embeddable":true,"href":"https:\/\/www.europesays.com\/fr\/wp-json\/wp\/v2\/tags?post=372762"}],"curies":[{"name":"wp","href":"https:\/\/api.w.org\/{rel}","templated":true}]}}