{"id":372764,"date":"2025-09-07T10:30:16","date_gmt":"2025-09-07T10:30:16","guid":{"rendered":"https:\/\/www.europesays.com\/fr\/372764\/"},"modified":"2025-09-07T10:30:16","modified_gmt":"2025-09-07T10:30:16","slug":"victime-de-sexisme-cette-elue-veut-emerger-par-ses-idees-et-non-son-decollete","status":"publish","type":"post","link":"https:\/\/www.europesays.com\/fr\/372764\/","title":{"rendered":"Victime de sexisme, cette \u00e9lue veut \u00ab\u00a0\u00e9merger par ses id\u00e9es et non son d\u00e9collet\u00e9\u00a0\u00bb"},"content":{"rendered":"<p> \u00abLes permanences c\u2019est \u00e0 l\u2019h\u00f4tel\u00a0?\u00a0\u00bb, \u00ab\u00a0T\u2019es bonne qu\u2019en politique\u00a0?\u00a0\u00bb, \u00ab\u00a0Tu es la plus belle \u00e9lue politique que j\u2019ai vu\u00a0\u00bb\u2026 Voil\u00e0 le type de <a href=\"https:\/\/www.20minutes.fr\/dossier\/sexisme\" class=\"c-link c-link--is-underlined\" target=\"_blank\" rel=\"noopener\">messages sexistes<\/a> et misogynes qu\u2019Elodie Jeanneteau re\u00e7oit r\u00e9guli\u00e8rement en priv\u00e9 ou sous ses publications sur les r\u00e9seaux sociaux. Tr\u00e8s active sur Facebook, Instagram et TikTok, la trentenaire en subit encore davantage depuis son \u00e9lection comme conseill\u00e8re d\u00e9partementale <a href=\"https:\/\/www.20minutes.fr\/dossier\/maine-et-loire\" class=\"c-link c-link--is-underlined\" target=\"_blank\" rel=\"noopener\">du Maine-et-Loire<\/a> en\u00a02023. Membre des commissions Sant\u00e9, enfance, famille et Transition \u00e9cologique, cette avocate de profession rend compte sur ses r\u00e9seaux de son action locale et des th\u00e9matiques qui lui sont ch\u00e8res, comme le font presque tous les politiques.<\/p>\n<p>Mais rien n\u2019y fait, et l\u2019\u00e9lue \u00e9cologiste continue d\u2019\u00eatre inond\u00e9e de messages plus en lien avec son apparence qu\u2019avec ses id\u00e9es. En \u00e9pluchant ses statistiques, Elodie Jeanneteau a d\u00e9couvert il y a peu que plus de 80\u00a0% de ses abonn\u00e9s <a href=\"https:\/\/www.20minutes.fr\/dossier\/reseaux_sociaux\" class=\"c-link c-link--is-underlined\" target=\"_blank\" rel=\"noopener\">sur les r\u00e9seaux<\/a> \u00e9taient des hommes. \u00ab\u00a0Un chiffre anormal car les th\u00e9matiques que j\u2019aborde dans mes publications sont plut\u00f4t f\u00e9minines\u00a0\u00bb, souligne la conseill\u00e8re d\u00e9partementale, surprise aussi de d\u00e9couvrir que la grande majorit\u00e9 de ses followers masculins n\u2019habitaient pas son canton d\u2019Angers. \u00ab\u00a0Je diffuse des id\u00e9es mais on me ram\u00e8ne toujours \u00e0 mon physique, comme si j\u2019\u00e9tais inscrite sur un site de rencontres\u00a0\u00bb, constate-t-elle.<\/p>\n<p>Des femmes politiques en position de \u00ab\u00a0proies\u00a0\u00bb<\/p>\n<p>Elodie Jeanneteau est loin d\u2019\u00eatre la seule dans ce cas : bon nombre de femmes politiques sont elles aussi victimes de sexisme ordinaire sur les r\u00e9seaux sociaux ou dans la sph\u00e8re publique. Une enqu\u00eate publi\u00e9e en\u00a02021 r\u00e9v\u00e9lait ainsi que <a href=\"https:\/\/acteurspublics.fr\/articles\/limpunite-regne-3-elues-locales-sur-4-confrontees-au-sexisme\/\" target=\"_blank\" class=\"c-link c-link--is-underlined\" rel=\"noopener\">74\u00a0% des \u00e9lues locales avaient d\u00e9j\u00e0 \u00e9t\u00e9 confront\u00e9es au sexisme<\/a> dans le cadre de leurs fonctions. \u00ab\u00a0Ce n\u2019est d\u00e9j\u00e0 pas simple pour une femme de se faire une place en politique, donc si on doit en plus subir des remarques d\u00e9plac\u00e9es \u00e0 chaque fois qu\u2019on s\u2019exprime\u00a0\u00bb, d\u00e9plore l\u2019avocate angevine.<\/p>\n<p><a href=\"https:\/\/www.20minutes.fr\/dossier\/sexisme\" class=\"c-link c-btn c-btn--primary\" target=\"_blank\" rel=\"noopener\">Notre dossier sur le sexisme<\/a><\/p>\n<p><a href=\"https:\/\/elodiejeanneteau.fr\/tribune\/\" target=\"_blank\" class=\"c-link c-link--is-underlined\" rel=\"noopener\">Dans une tribune publi\u00e9e le 19\u00a0ao\u00fbt<\/a> et d\u00e9j\u00e0 sign\u00e9e par une grosse centaine d\u2019\u00e9lus, parmi lesquels les \u00c9cologistes Marine Tondelier et David Cormand, Elodie Jeanneteau pointe du doigt les algorithmes des r\u00e9seaux sociaux qui \u00ab\u00a0enferment les femmes politiques dans une bulle masculine\u00a0\u00bb, les pla\u00e7ant en position de \u00ab\u00a0proies.\u00a0\u00bb Plusieurs \u00e9tudes ont en effet d\u00e9montr\u00e9 que les algorithmes n\u2019\u00e9taient pas neutres et \u00e9taient m\u00eame souvent sexistes. En favorisant la diffusion de publications qui g\u00e9n\u00e8rent de l\u2019interaction rapide (likes, commentaires, partages\u2026), ils renforcent ainsi les st\u00e9r\u00e9otypes sexistes en r\u00e9duisant souvent les femmes \u00e0 leur physique.<\/p>\n<p>\u00ab\u00a0Les algorithmes peuvent \u00eatre corrig\u00e9s\u00a0\u00bb<\/p>\n<p>Le Haut conseil \u00e0 l\u2019\u00e9galit\u00e9 entre les hommes et les femmes <a href=\"https:\/\/www.radiofrance.fr\/franceinter\/sur-les-reseaux-sociaux-les-femmes-sont-releguees-au-second-plan-alerte-une-etude-8331809\" rel=\"nofollow noopener\" target=\"_blank\" class=\"c-link c-link--is-underlined\">ne dit pas autre chose<\/a>. \u00ab\u00a0Les r\u00e9seaux sociaux participent au triple processus d\u2019invisibilisation des femmes, de reproduction des st\u00e9r\u00e9otypes de genre et de diffusion de la violence symbolique et physique envers les femmes, d\u00e9taillait-il dans un rapport publi\u00e9 fin\u00a02023. Ce qui pose la question cruciale de la responsabilit\u00e9 des plateformes dans la perp\u00e9tuation des in\u00e9galit\u00e9s et de la violence en ligne.\u00a0\u00bb<\/p>\n<\/p>\n<p>Deux ans plus tard, le sexisme et la misogynie en ligne n\u2019ont pas disparu, loin de l\u00e0. \u00ab\u00a0Les algorithmes ne sont pourtant pas des lois naturelles et peuvent \u00eatre corrig\u00e9s\u00a0\u00bb, souligne Elodie Jeanneteau, qui entend solliciter prochainement les dirigeants de Meta, la maison m\u00e8re de Facebook et Instagram, pour une rencontre. \u00ab\u00a0Il faut que les grandes plateformes soient plus transparentes et revoient leurs algorithmes pour qu\u2019une femme en politique puisse \u00e9merger par ses id\u00e9es et non son d\u00e9collet\u00e9\u00a0\u00bb, clame-t-elle, estimant qu\u2019il s\u2019agit l\u00e0 \u00ab\u00a0d\u2019un vrai probl\u00e8me d\u00e9mocratique et d\u2019\u00e9galit\u00e9.\u00a0\u00bb<\/p>\n","protected":false},"excerpt":{"rendered":"\u00abLes permanences c\u2019est \u00e0 l\u2019h\u00f4tel\u00a0?\u00a0\u00bb, \u00ab\u00a0T\u2019es bonne qu\u2019en politique\u00a0?\u00a0\u00bb, \u00ab\u00a0Tu es la plus belle \u00e9lue politique que j\u2019ai&hellip;\n","protected":false},"author":2,"featured_media":372765,"comment_status":"","ping_status":"","sticky":false,"template":"","format":"standard","meta":{"footnotes":""},"categories":[5],"tags":[47,11,1438,7904,30456,9968,4688,1294,1011,27,2440,14,13291,12,2636,316,938,3667,104,2439,5030,28],"class_list":{"0":"post-372764","1":"post","2":"type-post","3":"status-publish","4":"format-standard","5":"has-post-thumbnail","7":"category-international","8":"tag-actualite","9":"tag-actualites","10":"tag-angers","11":"tag-by-the-web","12":"tag-conseil-departemental","13":"tag-departement","14":"tag-facebook","15":"tag-femme","16":"tag-fr","17":"tag-france","18":"tag-instagram","19":"tag-international","20":"tag-maine-et-loire","21":"tag-news","22":"tag-pays-de-la-loire","23":"tag-politique","24":"tag-reseaux-sociaux","25":"tag-sexisme","26":"tag-societe","27":"tag-tiktok","28":"tag-tribune","29":"tag-world"},"share_on_mastodon":{"url":"https:\/\/pubeurope.com\/@fr\/115162554296488809","error":""},"_links":{"self":[{"href":"https:\/\/www.europesays.com\/fr\/wp-json\/wp\/v2\/posts\/372764","targetHints":{"allow":["GET"]}}],"collection":[{"href":"https:\/\/www.europesays.com\/fr\/wp-json\/wp\/v2\/posts"}],"about":[{"href":"https:\/\/www.europesays.com\/fr\/wp-json\/wp\/v2\/types\/post"}],"author":[{"embeddable":true,"href":"https:\/\/www.europesays.com\/fr\/wp-json\/wp\/v2\/users\/2"}],"replies":[{"embeddable":true,"href":"https:\/\/www.europesays.com\/fr\/wp-json\/wp\/v2\/comments?post=372764"}],"version-history":[{"count":0,"href":"https:\/\/www.europesays.com\/fr\/wp-json\/wp\/v2\/posts\/372764\/revisions"}],"wp:featuredmedia":[{"embeddable":true,"href":"https:\/\/www.europesays.com\/fr\/wp-json\/wp\/v2\/media\/372765"}],"wp:attachment":[{"href":"https:\/\/www.europesays.com\/fr\/wp-json\/wp\/v2\/media?parent=372764"}],"wp:term":[{"taxonomy":"category","embeddable":true,"href":"https:\/\/www.europesays.com\/fr\/wp-json\/wp\/v2\/categories?post=372764"},{"taxonomy":"post_tag","embeddable":true,"href":"https:\/\/www.europesays.com\/fr\/wp-json\/wp\/v2\/tags?post=372764"}],"curies":[{"name":"wp","href":"https:\/\/api.w.org\/{rel}","templated":true}]}}