{"id":372766,"date":"2025-09-07T10:31:14","date_gmt":"2025-09-07T10:31:14","guid":{"rendered":"https:\/\/www.europesays.com\/fr\/372766\/"},"modified":"2025-09-07T10:31:14","modified_gmt":"2025-09-07T10:31:14","slug":"patrick-cohen-va-deposer-plainte-apres-la-publication-de-ses-echanges-prives-avec-des-cadres-ps","status":"publish","type":"post","link":"https:\/\/www.europesays.com\/fr\/372766\/","title":{"rendered":"Patrick Cohen va d\u00e9poser plainte apr\u00e8s la publication de ses \u00e9changes priv\u00e9s avec des cadres PS"},"content":{"rendered":"<p>        <img decoding=\"async\" loading=\"lazy\" src=\"https:\/\/www.europesays.com\/fr\/wp-content\/uploads\/2025\/09\/2bfff89_1720614747693-000-oj2ej.jpg\"  width=\"728\" height=\"409\" alt=\"Patrick Cohen, France Inter radio station journalist, works at the Maison de la Radio in Paris on May 18, 2017. (Photo by GEOFFROY VAN DER HASSELT \/ AFP)\"\/>  <\/p>\n<p>GEOFFROY VAN DER HASSELT \/ AFP<\/p>\n<p>Patrick Cohen, France Inter radio station journalist, works at the Maison de la Radio in Paris on May 18, 2017. (Photo by GEOFFROY VAN DER HASSELT \/ AFP)<\/p>\n<p class=\"asset asset-text\">MEDIA &#8211; \u00ab\u00a0Tous les coups sont permis\u00a0\u00bb. Patrick Cohen est encore estomaqu\u00e9 <a href=\"https:\/\/www.huffingtonpost.fr\/politique\/article\/pourquoi-la-video-legrand-cohen-avec-le-ps-a-tout-pour-declencher-une-bronca-opportuniste_254488.html\" target=\"_blank\" rel=\"noopener\">d\u2019avoir \u00e9t\u00e9 espionn\u00e9 \u00e0 son insu <\/a>avec le journaliste Thomas Legrand, et compte bien porter plainte. Dans une vid\u00e9o diffus\u00e9e vendredi 5\u00a0septembre par le m\u00e9dia tr\u00e8s conservateur L\u2019Incorrect et film\u00e9e en juillet dans un restaurant parisien, on voyait les deux hommes parler avec Pierre Jouvet et Luc Broussy, respectivement secr\u00e9taire g\u00e9n\u00e9ral et pr\u00e9sident du conseil national du PS.<\/p>\n<p class=\"asset asset-text\">Au cours de cette discussion, o\u00f9 est aussi \u00e9voqu\u00e9e la strat\u00e9gie de la gauche en vue de la pr\u00e9sidentielle de 2027, <a href=\"https:\/\/www.huffingtonpost.fr\/medias\/article\/thomas-legrand-suspendu-par-france-inter-apres-une-video-compromettante-et-anti-dati-avec-des-cadres-ps_254486.html\" target=\"_blank\" rel=\"noopener\">Thomas Legrand, qui travaille pour France Inter <\/a>et Lib\u00e9ration, d\u00e9clare notamment\u00a0: \u00ab\u00a0Nous, on fait ce qu\u2019il faut pour (Rachida) Dati, Patrick (Cohen) et moi. \u00bb Ce qui a pu \u00eatre interpr\u00e9t\u00e9 comme un parti pris \u00e0 l\u2019encontre de la ministre de la Culture.<\/p>\n<p class=\"asset asset-text\">Critiqu\u00e9s par de nombreux responsables politiques pour ces propos litigieux film\u00e9s \u00e0 leur insu, les deux journalistes ont d\u00e9fendu samedi 6\u00a0septembre leur impartialit\u00e9 et annonc\u00e9 porter plainte.<\/p>\n<p>    \u00ab\u00a0Vol de conversation priv\u00e9e\u00a0\u00bb    <\/p>\n<p class=\"asset asset-text\">\u00ab\u00a0Tous les coups sont permis, c\u2019est hallucinant\u00a0\u00bb, a d\u00e9clar\u00e9 Patrick Cohen \u00e0 <a href=\"https:\/\/www.latribune.fr\/la-tribune-dimanche\/societe\/polemique-a-france-inter-il-y-a-une-plainte-qui-va-etre-deposee-patrick-cohen-invoque-le-droit-a-la-vie-privee-1032011.html\" target=\"_blank\" rel=\"noopener\" title=\"Nouvelle fen\u00eatre\">La Tribune Dimanch<\/a>e. Pour lui, \u00ab\u00a0il s\u2019agit d\u2019un vol de conversation priv\u00e9e\u00a0\u00bb et une plainte va \u00eatre d\u00e9pos\u00e9e. \u00ab\u00a0Nous sommes d\u2019ailleurs en train de regarder si on peut l\u2019\u00e9tendre \u00e0 tous ceux qui ont repris et diffus\u00e9 cette vid\u00e9o.\u00a0\u00bb, poursuit le journaliste.<\/p>\n<p class=\"asset asset-text\">\u00ab\u00a0On a pris des bouts de phrase. Il n\u2019y a pas 20 secondes de conversation suivie. C\u2019est compl\u00e8tement manipulatoire\u00a0\u00bb, a-t-il ajout\u00e9 aupr\u00e8s de l\u2019AFP.<\/p>\n<p class=\"asset asset-text\">En ce qui concerne le fond de la discussion, la journaliste, qui office \u00e9galement dans C \u00e0 vous sur France 5, tient \u00e0 souligner que \u00ab\u00a0L\u2019Incorrect s\u2019est bien gard\u00e9 de pr\u00e9ciser que ce rendez-vous a eu lieu \u00e0 l\u2019initiative de la direction du PS, qui se plaignait du traitement n\u00e9gatif du parti et d\u2019Olivier Faure\u00a0sur l\u2019antenne de France Inter, et dans mes \u00e9ditos en particulier. Nous n\u2019\u00e9tions pas entre amis dans un esprit de connivence, c\u2019\u00e9tait tout sauf une r\u00e9union conspirative.\u00a0\u00bb<\/p>\n<p>    \u00ab\u00a0Complot\u00a0\u00bb, \u00ab\u00a0infiltration\u00a0\u00bb, \u00ab\u00a0mafia\u00a0\u00bb    <\/p>\n<p class=\"asset asset-text\">Dans un message publi\u00e9 sur X vendredi soir, Rachida Dati, investie comme candidate des R\u00e9publicains \u00e0 la mairie de Paris, a demand\u00e9 que des mesures soient prises envers les deux chroniqueurs, d\u00e9non\u00e7ant des \u00ab\u00a0propos graves et contraires \u00e0 la d\u00e9ontologie\u00a0\u00bb.<\/p>\n<p class=\"asset asset-text\">\u00ab\u00a0Complot\u00a0\u00bb, \u00ab\u00a0infiltration\u00a0\u00bb, \u00ab\u00a0mafia\u00a0\u00bb\u00a0: tr\u00e8s rapidement, les critiques ont fus\u00e9, aussi bien du c\u00f4t\u00e9 des R\u00e9publicains, que du Rassemblement national et de La France insoumise<\/p>\n<p class=\"asset asset-text\">Le PS s\u2019est lui d\u00e9fendu en assurant qu\u2019\u00ab\u00a0aucune collusion n\u2019existe entre le Parti socialiste et les journalistes quels qu\u2019ils soient\u00a0\u00bb, et accus\u00e9 L\u2019Incorrect, m\u00e9dia cr\u00e9\u00e9 par des proches de Marion Mar\u00e9chal en 2017, d\u2019avoir pour \u00ab\u00a0seul but d\u2019entretenir une lecture complotiste du monde\u00a0\u00bb.<\/p>\n","protected":false},"excerpt":{"rendered":"GEOFFROY VAN DER HASSELT \/ AFP Patrick Cohen, France Inter radio station journalist, works at the Maison de&hellip;\n","protected":false},"author":2,"featured_media":372767,"comment_status":"","ping_status":"","sticky":false,"template":"","format":"standard","meta":{"footnotes":""},"categories":[4],"tags":[11,251,1011,27,2957,500,12,13960,25],"class_list":{"0":"post-372766","1":"post","2":"type-post","3":"status-publish","4":"format-standard","5":"has-post-thumbnail","7":"category-france","8":"tag-actualites","9":"tag-culture","10":"tag-fr","11":"tag-france","12":"tag-journaliste","13":"tag-medias","14":"tag-news","15":"tag-patrick-cohen","16":"tag-republique-francaise"},"share_on_mastodon":{"url":"https:\/\/pubeurope.com\/@fr\/115162558304581556","error":""},"_links":{"self":[{"href":"https:\/\/www.europesays.com\/fr\/wp-json\/wp\/v2\/posts\/372766","targetHints":{"allow":["GET"]}}],"collection":[{"href":"https:\/\/www.europesays.com\/fr\/wp-json\/wp\/v2\/posts"}],"about":[{"href":"https:\/\/www.europesays.com\/fr\/wp-json\/wp\/v2\/types\/post"}],"author":[{"embeddable":true,"href":"https:\/\/www.europesays.com\/fr\/wp-json\/wp\/v2\/users\/2"}],"replies":[{"embeddable":true,"href":"https:\/\/www.europesays.com\/fr\/wp-json\/wp\/v2\/comments?post=372766"}],"version-history":[{"count":0,"href":"https:\/\/www.europesays.com\/fr\/wp-json\/wp\/v2\/posts\/372766\/revisions"}],"wp:featuredmedia":[{"embeddable":true,"href":"https:\/\/www.europesays.com\/fr\/wp-json\/wp\/v2\/media\/372767"}],"wp:attachment":[{"href":"https:\/\/www.europesays.com\/fr\/wp-json\/wp\/v2\/media?parent=372766"}],"wp:term":[{"taxonomy":"category","embeddable":true,"href":"https:\/\/www.europesays.com\/fr\/wp-json\/wp\/v2\/categories?post=372766"},{"taxonomy":"post_tag","embeddable":true,"href":"https:\/\/www.europesays.com\/fr\/wp-json\/wp\/v2\/tags?post=372766"}],"curies":[{"name":"wp","href":"https:\/\/api.w.org\/{rel}","templated":true}]}}