{"id":372768,"date":"2025-09-07T10:32:12","date_gmt":"2025-09-07T10:32:12","guid":{"rendered":"https:\/\/www.europesays.com\/fr\/372768\/"},"modified":"2025-09-07T10:32:12","modified_gmt":"2025-09-07T10:32:12","slug":"video-des-blocs-de-pierre-se-decrochent-soudainement-de-la-montagne-sous-les-yeux-des-promeneurs-les-images-sont-impressionnantes","status":"publish","type":"post","link":"https:\/\/www.europesays.com\/fr\/372768\/","title":{"rendered":"VID\u00c9O Des blocs de pierre se d\u00e9crochent soudainement de la montagne sous les yeux des promeneurs\u00a0: les images sont impressionnantes"},"content":{"rendered":"<p>\n                                                                Un impressionnant \u00e9boulement rocheux s\u2019est produit en Haute-Savoie, dans le Cirque du Fer \u00e0 Cheval, ce samedi 6\u00a0septembre 2025 en fin de matin\u00e9e.\n                            <\/p>\n<p>Les images font froid dans le dos mais la pr\u00e9fecture assure que, pour l\u2019heure, aucune victime n\u2019est \u00e0 d\u00e9plorer.<\/p>\n<p>Un impressionnant \u00e9boulement rocheux s\u2019est produit ce samedi 6\u00a0septembre 2025 \u00e0 Sixt-Fer-\u00e0-Cheval, dans le Cirque du Fer \u00e0 Cheval, en Haute-Savoie.<\/p>\n<p>12\u00a0000\u00a0m3 de roche<\/p>\n<p>\u00ab\u00a0Ce samedi 6\u00a0septembre 2025 vers 11\u00a0h\u00a030, un important \u00e9boulement rocheux s\u2019est produit sur les hauteurs de la commune de Sixt-Fer-\u00e0-Cheval\u00a0\u00bb, d\u00e9taille la pr\u00e9fecture de Haute-Savoie dans un communiqu\u00e9, cit\u00e9 par<a href=\"https:\/\/www.francebleu.fr\/infos\/environnement\/un-important-eboulement-a-sixt-fer-a-cheval-l-acces-au-fond-de-la-combe-interdit-5688078\" target=\"_self\" rel=\"nofollow noopener\"> ici<\/a>\u00a0Pays de Savoie notamment.<\/p>\n<p>Interdit d\u2019acc\u00e8s<\/p>\n<p>Huit sapeurs-pompiers ont \u00e9t\u00e9 envoy\u00e9s sur place ainsi que quatre gendarmes. L\u2019\u00e9boulement s\u2019est produit \u00e0 environ 1\u00a0300 m\u00e8tres d\u2019altitude. Des sp\u00e9cialistes ont \u00e9t\u00e9 d\u00e9ploy\u00e9s pour \u00e9valuer la stabilit\u00e9 du secteur. 12\u00a0000 m\u00e8tres cubes de roche se sont effondr\u00e9s.<\/p>\n<p>Le maire de la commune de Sixt-Fer-\u00e0-Cheval a pris un \u00ab\u00a0arr\u00eat\u00e9 d\u2019interdiction d\u2019acc\u00e8s au Fond de la Combe\u00a0\u00bb, a inform\u00e9 la pr\u00e9fecture.<\/p>\n<p>Le 7\u00a0ao\u00fbt dernier, le secteur avait d\u00e9j\u00e0 connu des \u00e9boulements impressionnants, rappelle la radio locale. Des rochers s\u2019\u00e9taient d\u00e9tach\u00e9s des parois et avaient d\u00e9val\u00e9 la montagne vers le Passage de la Rigole.<\/p>\n","protected":false},"excerpt":{"rendered":"Un impressionnant \u00e9boulement rocheux s\u2019est produit en Haute-Savoie, dans le Cirque du Fer \u00e0 Cheval, ce samedi 6\u00a0septembre&hellip;\n","protected":false},"author":2,"featured_media":372769,"comment_status":"","ping_status":"","sticky":false,"template":"","format":"standard","meta":{"footnotes":""},"categories":[2],"tags":[11,1011,27,12],"class_list":{"0":"post-372768","1":"post","2":"type-post","3":"status-publish","4":"format-standard","5":"has-post-thumbnail","7":"category-actualites","8":"tag-actualites","9":"tag-fr","10":"tag-france","11":"tag-news"},"share_on_mastodon":{"url":"https:\/\/pubeurope.com\/@fr\/115162562142694152","error":""},"_links":{"self":[{"href":"https:\/\/www.europesays.com\/fr\/wp-json\/wp\/v2\/posts\/372768","targetHints":{"allow":["GET"]}}],"collection":[{"href":"https:\/\/www.europesays.com\/fr\/wp-json\/wp\/v2\/posts"}],"about":[{"href":"https:\/\/www.europesays.com\/fr\/wp-json\/wp\/v2\/types\/post"}],"author":[{"embeddable":true,"href":"https:\/\/www.europesays.com\/fr\/wp-json\/wp\/v2\/users\/2"}],"replies":[{"embeddable":true,"href":"https:\/\/www.europesays.com\/fr\/wp-json\/wp\/v2\/comments?post=372768"}],"version-history":[{"count":0,"href":"https:\/\/www.europesays.com\/fr\/wp-json\/wp\/v2\/posts\/372768\/revisions"}],"wp:featuredmedia":[{"embeddable":true,"href":"https:\/\/www.europesays.com\/fr\/wp-json\/wp\/v2\/media\/372769"}],"wp:attachment":[{"href":"https:\/\/www.europesays.com\/fr\/wp-json\/wp\/v2\/media?parent=372768"}],"wp:term":[{"taxonomy":"category","embeddable":true,"href":"https:\/\/www.europesays.com\/fr\/wp-json\/wp\/v2\/categories?post=372768"},{"taxonomy":"post_tag","embeddable":true,"href":"https:\/\/www.europesays.com\/fr\/wp-json\/wp\/v2\/tags?post=372768"}],"curies":[{"name":"wp","href":"https:\/\/api.w.org\/{rel}","templated":true}]}}