{"id":372770,"date":"2025-09-07T10:33:10","date_gmt":"2025-09-07T10:33:10","guid":{"rendered":"https:\/\/www.europesays.com\/fr\/372770\/"},"modified":"2025-09-07T10:33:10","modified_gmt":"2025-09-07T10:33:10","slug":"saint-etienne-un-incendie-ce-dimanche-matin","status":"publish","type":"post","link":"https:\/\/www.europesays.com\/fr\/372770\/","title":{"rendered":"Saint-Etienne : un incendie ce dimanche matin"},"content":{"rendered":"<p>Les pompiers st\u00e9phanois ont \u00e9t\u00e9 appel\u00e9s ce dimanche pour un feu d&rsquo;appartement. <\/p>\n<p>Ce dimanche peu avant 11 heures, un incendie s&rsquo;est d\u00e9clar\u00e9 dans un appartement du quartier de La Marandini\u00e8re,\u00a0au 4e \u00e9tage d\u2019un immeuble d\u2019habitation de 5 \u00e9tages. \u00ab\u00a0L\u2019action rapide des secours a permis de maitriser rapidement le sinistre au moyen d\u2019une lance incendie et ainsi d\u2019\u00e9viter sa propagation\u00a0\u00bb, indique le SDIS42. <strong>Il n&rsquo;y a pas eu de victime, les occupants avaient \u00e9vacu\u00e9 leur logement avant l\u2019arriv\u00e9e des secours.<\/strong><\/p>\n<p>Une enqu\u00eate devra d\u00e9terminer l&rsquo;origine du sinistre.<\/p>\n<p>ZF<\/p>\n<p>Photo : illustration<\/p>\n<p>\u00a0<\/p>\n","protected":false},"excerpt":{"rendered":"Les pompiers st\u00e9phanois ont \u00e9t\u00e9 appel\u00e9s ce dimanche pour un feu d&rsquo;appartement. Ce dimanche peu avant 11 heures,&hellip;\n","protected":false},"author":2,"featured_media":372771,"comment_status":"","ping_status":"","sticky":false,"template":"","format":"standard","meta":{"footnotes":""},"categories":[9653],"tags":[1111,11,2430,1777,674,1011,27,12,25,4001],"class_list":{"0":"post-372770","1":"post","2":"type-post","3":"status-publish","4":"format-standard","5":"has-post-thumbnail","7":"category-saint-etienne","8":"tag-actu","9":"tag-actualites","10":"tag-auvergne-rhone-alpes","11":"tag-eu","12":"tag-europe","13":"tag-fr","14":"tag-france","15":"tag-news","16":"tag-republique-francaise","17":"tag-saint-etienne"},"share_on_mastodon":{"url":"https:\/\/pubeurope.com\/@fr\/115162566070357923","error":""},"_links":{"self":[{"href":"https:\/\/www.europesays.com\/fr\/wp-json\/wp\/v2\/posts\/372770","targetHints":{"allow":["GET"]}}],"collection":[{"href":"https:\/\/www.europesays.com\/fr\/wp-json\/wp\/v2\/posts"}],"about":[{"href":"https:\/\/www.europesays.com\/fr\/wp-json\/wp\/v2\/types\/post"}],"author":[{"embeddable":true,"href":"https:\/\/www.europesays.com\/fr\/wp-json\/wp\/v2\/users\/2"}],"replies":[{"embeddable":true,"href":"https:\/\/www.europesays.com\/fr\/wp-json\/wp\/v2\/comments?post=372770"}],"version-history":[{"count":0,"href":"https:\/\/www.europesays.com\/fr\/wp-json\/wp\/v2\/posts\/372770\/revisions"}],"wp:featuredmedia":[{"embeddable":true,"href":"https:\/\/www.europesays.com\/fr\/wp-json\/wp\/v2\/media\/372771"}],"wp:attachment":[{"href":"https:\/\/www.europesays.com\/fr\/wp-json\/wp\/v2\/media?parent=372770"}],"wp:term":[{"taxonomy":"category","embeddable":true,"href":"https:\/\/www.europesays.com\/fr\/wp-json\/wp\/v2\/categories?post=372770"},{"taxonomy":"post_tag","embeddable":true,"href":"https:\/\/www.europesays.com\/fr\/wp-json\/wp\/v2\/tags?post=372770"}],"curies":[{"name":"wp","href":"https:\/\/api.w.org\/{rel}","templated":true}]}}