{"id":372772,"date":"2025-09-07T10:34:10","date_gmt":"2025-09-07T10:34:10","guid":{"rendered":"https:\/\/www.europesays.com\/fr\/372772\/"},"modified":"2025-09-07T10:34:10","modified_gmt":"2025-09-07T10:34:10","slug":"20-joueurs-utilises-une-equipe-type-se-degage","status":"publish","type":"post","link":"https:\/\/www.europesays.com\/fr\/372772\/","title":{"rendered":"20 joueurs utilis\u00e9s, une \u00e9quipe type se d\u00e9gage"},"content":{"rendered":"<p>L&rsquo;entra\u00eeneur norv\u00e9gien de l&rsquo;AS Saint-\u00c9tienne dispose d&rsquo;un effectif pl\u00e9thorique pour la saison \u00e0 venir. Il s&rsquo;est d\u00e9j\u00e0 appuy\u00e9 sur vingt joueurs diff\u00e9rents en quatre journ\u00e9es. Le technicien doit composer avec quelques absences depuis le d\u00e9but de la saison, notamment celle de <strong>Djylian N&rsquo;Guessan<\/strong> qui peut l\u00e9gitimement pr\u00e9tendre \u00e0 se faire une place dans le groupe. Plusieurs joueurs sont actuellement \u00e0 l&rsquo;infirmerie et devraient manquer la reprise de la comp\u00e9tition face au Clermont Foot 63 (ndlr, Annan, Appiah voire Jaber).\u00a0<\/p>\n<p>Malgr\u00e9 tout, une colonne vert\u00e9brale se d\u00e9gage d\u00e9j\u00e0 avec notamment quatre joueurs qui ont disput\u00e9 l&rsquo;int\u00e9gralit\u00e9 des rencontres : le capitaine <strong>Gautier Larsonneur<\/strong>, <strong>Chico Lamba<\/strong>, <strong>Micka\u00ebl Nad\u00e9<\/strong> et <strong>Florian Tardieu<\/strong>. C&rsquo;est le jeune <strong>Lassana Traor\u00e9<\/strong> qui totalise le plus faible temps de jeu (12 minutes).\u00a0<\/p>\n<tr>\n<td style=\"width: 6.2192%;\"><\/td>\n<td style=\"width: 54.8443%;\">\n<p><strong>Joueurs<\/strong><\/p>\n<\/td>\n<td style=\"width: 38.8833%;\">\n<p><strong>Minutes jou\u00e9es<\/strong><\/p>\n<\/td>\n<\/tr>\n<tr>\n<td style=\"width: 6.2192%; text-align: center;\">1<\/td>\n<td style=\"width: 54.8443%; text-align: center;\">G. Larsonneur<\/td>\n<td style=\"width: 38.8833%; text-align: center;\">401&prime;<\/td>\n<\/tr>\n<tr>\n<td style=\"width: 6.2192%; text-align: center;\">2<\/td>\n<td style=\"width: 54.8443%; text-align: center;\">C. Lamba<\/td>\n<td style=\"width: 38.8833%; text-align: center;\">401&prime;<\/td>\n<\/tr>\n<tr>\n<td style=\"width: 6.2192%; text-align: center;\">3<\/td>\n<td style=\"width: 54.8443%; text-align: center;\">M. Nad\u00e9<\/td>\n<td style=\"width: 38.8833%; text-align: center;\">401&prime;<\/td>\n<\/tr>\n<tr>\n<td style=\"width: 6.2192%; text-align: center;\">4<\/td>\n<td style=\"width: 54.8443%; text-align: center;\">F. Tardieu<\/td>\n<td style=\"width: 38.8833%; text-align: center;\">401&prime;<\/td>\n<\/tr>\n<tr>\n<td style=\"width: 6.2192%; text-align: center;\">5<\/td>\n<td style=\"width: 54.8443%; text-align: center;\">Z. Davitashvili\u00a0<\/td>\n<td style=\"width: 38.8833%; text-align: center;\">311&prime;<\/td>\n<\/tr>\n<tr>\n<td style=\"width: 6.2192%; text-align: center;\">6<\/td>\n<td style=\"width: 54.8443%; text-align: center;\">J. Ferreira<\/td>\n<td style=\"width: 38.8833%; text-align: center;\">285&prime;<\/td>\n<\/tr>\n<tr>\n<td style=\"width: 6.2192%; text-align: center;\">7<\/td>\n<td style=\"width: 54.8443%; text-align: center;\">A. Moueffek<\/td>\n<td style=\"width: 38.8833%; text-align: center;\">282&prime;<\/td>\n<\/tr>\n<tr>\n<td style=\"width: 6.2192%; text-align: center;\">8<\/td>\n<td style=\"width: 54.8443%; text-align: center;\">E. Annan \ud83d\ude91<\/td>\n<td style=\"width: 38.8833%; text-align: center;\">208&prime;<\/td>\n<\/tr>\n<tr>\n<td style=\"width: 6.2192%; text-align: center;\">9<\/td>\n<td style=\"width: 54.8443%; text-align: center;\">M. Jaber \ud83d\ude91<\/td>\n<td style=\"width: 38.8833%; text-align: center;\">245&prime;<\/td>\n<\/tr>\n<tr>\n<td style=\"width: 6.2192%; text-align: center;\">10<\/td>\n<td style=\"width: 54.8443%; text-align: center;\">A. Boakye<\/td>\n<td style=\"width: 38.8833%; text-align: center;\">243&prime;<\/td>\n<\/tr>\n<tr>\n<td style=\"width: 6.2192%; text-align: center;\">11<\/td>\n<td style=\"width: 54.8443%; text-align: center;\">I. Cardona<\/td>\n<td style=\"width: 38.8833%; text-align: center;\">238&prime;<\/td>\n<\/tr>\n<tr>\n<td style=\"width: 6.2192%; text-align: center;\">12<\/td>\n<td style=\"width: 54.8443%; text-align: center;\">L. Gadegbeku<\/td>\n<td style=\"width: 38.8833%; text-align: center;\">187&prime;<\/td>\n<\/tr>\n<tr>\n<td style=\"width: 6.2192%; text-align: center;\">13<\/td>\n<td style=\"width: 54.8443%; text-align: center;\">J. Duffus<\/td>\n<td style=\"width: 38.8833%; text-align: center;\">162&prime;<\/td>\n<\/tr>\n<tr>\n<td style=\"width: 6.2192%; text-align: center;\">14<\/td>\n<td style=\"width: 54.8443%; text-align: center;\">D. Appiah \ud83d\ude91<\/td>\n<td style=\"width: 38.8833%; text-align: center;\">141&prime;<\/td>\n<\/tr>\n<tr>\n<td style=\"width: 6.2192%; text-align: center;\">15<\/td>\n<td style=\"width: 54.8443%; text-align: center;\">M. Bernauer<\/td>\n<td style=\"width: 38.8833%; text-align: center;\">100&prime;<\/td>\n<\/tr>\n<tr>\n<td style=\"width: 6.2192%; text-align: center;\">16<\/td>\n<td style=\"width: 54.8443%; text-align: center;\">L. Stassin<\/td>\n<td style=\"width: 38.8833%; text-align: center;\">99&prime;<\/td>\n<\/tr>\n<tr>\n<td style=\"width: 6.2192%; text-align: center;\">17<\/td>\n<td style=\"width: 54.8443%; text-align: center;\">N. El Jamali<\/td>\n<td style=\"width: 38.8833%; text-align: center;\">97&prime;<\/td>\n<\/tr>\n<tr>\n<td style=\"width: 6.2192%; text-align: center;\">18<\/td>\n<td style=\"width: 54.8443%; text-align: center;\">B. Old<\/td>\n<td style=\"width: 38.8833%; text-align: center;\">90&prime;<\/td>\n<\/tr>\n<tr>\n<td style=\"width: 6.2192%; text-align: center;\">19<\/td>\n<td style=\"width: 54.8443%; text-align: center;\">I. Miladinovic<\/td>\n<td style=\"width: 38.8833%; text-align: center;\">35&prime;<\/td>\n<\/tr>\n<tr>\n<td style=\"width: 6.2192%; text-align: center;\">20<\/td>\n<td style=\"width: 54.8443%; text-align: center;\">L. Traor\u00e9<\/td>\n<td style=\"width: 38.8833%; text-align: center;\">12&prime;<\/td>\n<\/tr>\n<p>En se basant sur les temps de jeu, voici l&rsquo;\u00e9quipe type de ce d\u00e9but de saison \u00e0 l&rsquo;AS Saint-\u00c9tienne. \u00a0\u00a0<\/p>\n<p><img decoding=\"async\" src=\"https:\/\/www.europesays.com\/fr\/wp-content\/uploads\/2025\/09\/0fc09ed3824b58339287fd4bf132a7bbfa0e7989.jpg\" class=\"fr-fic fr-dib\"\/><\/p>\n","protected":false},"excerpt":{"rendered":"L&rsquo;entra\u00eeneur norv\u00e9gien de l&rsquo;AS Saint-\u00c9tienne dispose d&rsquo;un effectif pl\u00e9thorique pour la saison \u00e0 venir. Il s&rsquo;est d\u00e9j\u00e0 appuy\u00e9&hellip;\n","protected":false},"author":2,"featured_media":372773,"comment_status":"","ping_status":"","sticky":false,"template":"","format":"standard","meta":{"footnotes":""},"categories":[9653],"tags":[1111,11,2430,1777,674,1011,27,12,25,4001],"class_list":{"0":"post-372772","1":"post","2":"type-post","3":"status-publish","4":"format-standard","5":"has-post-thumbnail","7":"category-saint-etienne","8":"tag-actu","9":"tag-actualites","10":"tag-auvergne-rhone-alpes","11":"tag-eu","12":"tag-europe","13":"tag-fr","14":"tag-france","15":"tag-news","16":"tag-republique-francaise","17":"tag-saint-etienne"},"share_on_mastodon":{"url":"https:\/\/pubeurope.com\/@fr\/115162570112723687","error":""},"_links":{"self":[{"href":"https:\/\/www.europesays.com\/fr\/wp-json\/wp\/v2\/posts\/372772","targetHints":{"allow":["GET"]}}],"collection":[{"href":"https:\/\/www.europesays.com\/fr\/wp-json\/wp\/v2\/posts"}],"about":[{"href":"https:\/\/www.europesays.com\/fr\/wp-json\/wp\/v2\/types\/post"}],"author":[{"embeddable":true,"href":"https:\/\/www.europesays.com\/fr\/wp-json\/wp\/v2\/users\/2"}],"replies":[{"embeddable":true,"href":"https:\/\/www.europesays.com\/fr\/wp-json\/wp\/v2\/comments?post=372772"}],"version-history":[{"count":0,"href":"https:\/\/www.europesays.com\/fr\/wp-json\/wp\/v2\/posts\/372772\/revisions"}],"wp:featuredmedia":[{"embeddable":true,"href":"https:\/\/www.europesays.com\/fr\/wp-json\/wp\/v2\/media\/372773"}],"wp:attachment":[{"href":"https:\/\/www.europesays.com\/fr\/wp-json\/wp\/v2\/media?parent=372772"}],"wp:term":[{"taxonomy":"category","embeddable":true,"href":"https:\/\/www.europesays.com\/fr\/wp-json\/wp\/v2\/categories?post=372772"},{"taxonomy":"post_tag","embeddable":true,"href":"https:\/\/www.europesays.com\/fr\/wp-json\/wp\/v2\/tags?post=372772"}],"curies":[{"name":"wp","href":"https:\/\/api.w.org\/{rel}","templated":true}]}}