{"id":372778,"date":"2025-09-07T10:38:10","date_gmt":"2025-09-07T10:38:10","guid":{"rendered":"https:\/\/www.europesays.com\/fr\/372778\/"},"modified":"2025-09-07T10:38:10","modified_gmt":"2025-09-07T10:38:10","slug":"authenticite-quietude-et-vue-a-couper-le-souffle-en-balade-a-sanary-sur-mer-la-perle-varoise","status":"publish","type":"post","link":"https:\/\/www.europesays.com\/fr\/372778\/","title":{"rendered":"Authenticit\u00e9, qui\u00e9tude et vue \u00e0 couper le souffle&#8230; en balade \u00e0 Sanary-sur-Mer, la perle varoise"},"content":{"rendered":"<p>Ils font la beaut\u00e9 du paysage. Quand viennent les f\u00eates de fin d&rsquo;ann\u00e9e, ils s&rsquo;illuminent. Le reste du temps, ils nous renvoient au charme et \u00e0 l&rsquo;authenticit\u00e9 de la Provence. \u00c0 <a href=\"https:\/\/www.laprovence.com\/var\/sanary-sur-mer-83123\" target=\"_blank\" rel=\"nofollow noopener\">Sanary-sur-Mer<\/a>, les pointus (ces petites barques traditionnelles de p\u00eache) participent \u00e0 la renomm\u00e9e de ce port, souvent cit\u00e9 parmi les plus beaux de France, qu&rsquo;on appelait \u00ab\u00a0port d&rsquo;Ollioules\u00a0\u00bb jusqu&rsquo;en\u00a01688. De fa\u00e7on r\u00e9guli\u00e8re, comme pour les journ\u00e9es du patrimoine, les pointus reprennent vie, participent aux animations de la ville et offrent de belles promenades \u00e0 leur bord. Parmi eux, 35 sont labellis\u00e9s Bateaux d&rsquo;int\u00e9r\u00eat patrimonial, et l&rsquo;un d&rsquo;entre eux, Le Go\u00e9land, est class\u00e9 au titre des Monuments historiques. Une fiert\u00e9 pour la ville, et pour la douzaine de p\u00eacheurs qui exercent leur activit\u00e9 sous l&rsquo;\u0153il \u00e9merveill\u00e9 des 17 000 \u00e2mes qui peuplent la commune. Et des touristes qui, \u00e0 diverses p\u00e9riodes de l&rsquo;ann\u00e9e, multiplient jusqu&rsquo;\u00e0 trois le nombre d&rsquo;habitants.<\/p>\n<p>Un des plus beaux march\u00e9s de France<\/p>\n<p>Pour comprendre leur engouement, nous commen\u00e7ons notre balade par la d\u00e9couverte du march\u00e9 quotidien, sur les all\u00e9es d&rsquo;Estienne d&rsquo;Orves. \u00c9lu <a href=\"https:\/\/www.laprovence.com\/article\/region\/77328993275968\/sanary-sur-mer-le-marche-qui-met-en-valeur-les-createurs\" target=\"_blank\" rel=\"nofollow noopener\">\u00ab\u00a0Plus beau march\u00e9 de France\u00a0\u00bb<\/a> en 2018, il se colore des fruits et l\u00e9gumes du coin&#8230;<\/p>\n","protected":false},"excerpt":{"rendered":"Ils font la beaut\u00e9 du paysage. Quand viennent les f\u00eates de fin d&rsquo;ann\u00e9e, ils s&rsquo;illuminent. Le reste du&hellip;\n","protected":false},"author":2,"featured_media":372779,"comment_status":"","ping_status":"","sticky":false,"template":"","format":"standard","meta":{"footnotes":""},"categories":[9619],"tags":[17,1111,11,20734,7552,50697,1777,674,1011,27,12,882,50696,25,50699,50698,2310,602,13373],"class_list":{"0":"post-372778","1":"post","2":"type-post","3":"status-publish","4":"format-standard","5":"has-post-thumbnail","7":"category-toulon","8":"tag-17","9":"tag-actu","10":"tag-actualites","11":"tag-authenticite","12":"tag-balade","13":"tag-couper","14":"tag-eu","15":"tag-europe","16":"tag-fr","17":"tag-france","18":"tag-news","19":"tag-provence-alpes-cote-dazur","20":"tag-quietude","21":"tag-republique-francaise","22":"tag-sanary-sur-mer","23":"tag-souffle","24":"tag-toulon","25":"tag-tourisme","26":"tag-vue"},"share_on_mastodon":{"url":"https:\/\/pubeurope.com\/@fr\/115162585811967845","error":""},"_links":{"self":[{"href":"https:\/\/www.europesays.com\/fr\/wp-json\/wp\/v2\/posts\/372778","targetHints":{"allow":["GET"]}}],"collection":[{"href":"https:\/\/www.europesays.com\/fr\/wp-json\/wp\/v2\/posts"}],"about":[{"href":"https:\/\/www.europesays.com\/fr\/wp-json\/wp\/v2\/types\/post"}],"author":[{"embeddable":true,"href":"https:\/\/www.europesays.com\/fr\/wp-json\/wp\/v2\/users\/2"}],"replies":[{"embeddable":true,"href":"https:\/\/www.europesays.com\/fr\/wp-json\/wp\/v2\/comments?post=372778"}],"version-history":[{"count":0,"href":"https:\/\/www.europesays.com\/fr\/wp-json\/wp\/v2\/posts\/372778\/revisions"}],"wp:featuredmedia":[{"embeddable":true,"href":"https:\/\/www.europesays.com\/fr\/wp-json\/wp\/v2\/media\/372779"}],"wp:attachment":[{"href":"https:\/\/www.europesays.com\/fr\/wp-json\/wp\/v2\/media?parent=372778"}],"wp:term":[{"taxonomy":"category","embeddable":true,"href":"https:\/\/www.europesays.com\/fr\/wp-json\/wp\/v2\/categories?post=372778"},{"taxonomy":"post_tag","embeddable":true,"href":"https:\/\/www.europesays.com\/fr\/wp-json\/wp\/v2\/tags?post=372778"}],"curies":[{"name":"wp","href":"https:\/\/api.w.org\/{rel}","templated":true}]}}