{"id":372780,"date":"2025-09-07T10:39:15","date_gmt":"2025-09-07T10:39:15","guid":{"rendered":"https:\/\/www.europesays.com\/fr\/372780\/"},"modified":"2025-09-07T10:39:15","modified_gmt":"2025-09-07T10:39:15","slug":"lubb-brille-toulon-convainc-castres-surpris","status":"publish","type":"post","link":"https:\/\/www.europesays.com\/fr\/372780\/","title":{"rendered":"l\u2019UBB brille, Toulon convainc, Castres surpris"},"content":{"rendered":"<p>            <img decoding=\"async\" alt=\"L\u2019ailier international de l\u2019UBB, Louis Bielle-Biarrey, en pleine action.\" src=\"https:\/\/www.europesays.com\/fr\/wp-content\/uploads\/2025\/09\/bielle-biarrey-iconsport_269429_0037.jpeg\" width=\"375\" height=\"250\" loading=\"lazy\"\/><\/p>\n<p>\n    L\u2019ailier international de l\u2019UBB, Louis Bielle-Biarrey, en pleine action.<\/p>\n<p>                FEP \/ Icon Sport<br \/>\n                                        \/<br \/>\n                                                    \u00a9 Philippe Lecoeur<\/p>\n<p>Dans un stade Chaban-Delmas plein, comme c\u2019est redevenu une \u2013\u00a0belle\u00a0\u2013 habitude en Gironde depuis que la balle ovale y a supplant\u00e9 le ballon rond, l\u2019Union Bordeaux B\u00e8gles a lanc\u00e9 sa saison ce samedi 6 septembre face \u00e0 La Rochelle. L\u2019UBB, en pleine progression (double finaliste du Top\u00a014 et championne d\u2019Europe), est en qu\u00eate de son premier bouclier de Brennus, tandis que les Maritimes, qui sortent d\u2019une saison rat\u00e9e, veulent de nouveau jouer les premiers r\u00f4les. Les 32\u00a0000\u00a0spectateurs ont assist\u00e9 \u00e0 une rencontre serr\u00e9e jusqu\u2019\u00e0 la mi-temps (6-3). Au retour des vestiaires, la fus\u00e9e locale, Louis Bielle-Biarrey, inscrit le premier essai de la partie (46e) et les visiteurs ne pourront jamais revenir malgr\u00e9 un beau forcing en fin de rencontre (23-18).<\/p>\n<p>    La suite apr\u00e8s cette publicit\u00e9<\/p>\n<p>Plus t\u00f4t dans la soir\u00e9e, Toulon, consid\u00e9r\u00e9 comme l\u2019un des outsiders pour le titre, s\u2019\u00e9tait d\u00e9fait sans grande difficult\u00e9 de Montpellier (27-17) qui \u00e9voluait pourtant dans son stade. L\u2019Anglais Zach Mercer en a profit\u00e9 pour marquer un essai pour ses d\u00e9buts varois. En fin d\u2019apr\u00e8s-midi, le LOU Rugby avait domin\u00e9 \u00e0 domicile le Racing\u00a092\u00a0(32-7) tandis que le Castres olympique se faisait surprendre chez lui par la Section paloise (17-15 pour les B\u00e9arnais). Cette premi\u00e8re journ\u00e9e de Top\u00a014 avait commenc\u00e9 par la d\u00e9faite du promu Montalbanais \u00e0 Paris\u00a0(lire ci-dessus)\u00a0et le succ\u00e8s de l\u2019Aviron bayonnais \u00e0 Perpignan (26-19). Elle se terminera ce soir par un app\u00e9tissant Clermont-Ferrand-Toulouse.<\/p>\n","protected":false},"excerpt":{"rendered":"L\u2019ailier international de l\u2019UBB, Louis Bielle-Biarrey, en pleine action. FEP \/ Icon Sport \/ \u00a9 Philippe Lecoeur Dans&hellip;\n","protected":false},"author":2,"featured_media":372781,"comment_status":"","ping_status":"","sticky":false,"template":"","format":"standard","meta":{"footnotes":""},"categories":[9619],"tags":[1111,11,1777,674,1011,27,12,882,25,2310],"class_list":{"0":"post-372780","1":"post","2":"type-post","3":"status-publish","4":"format-standard","5":"has-post-thumbnail","7":"category-toulon","8":"tag-actu","9":"tag-actualites","10":"tag-eu","11":"tag-europe","12":"tag-fr","13":"tag-france","14":"tag-news","15":"tag-provence-alpes-cote-dazur","16":"tag-republique-francaise","17":"tag-toulon"},"share_on_mastodon":{"url":"https:\/\/pubeurope.com\/@fr\/115162589768862706","error":""},"_links":{"self":[{"href":"https:\/\/www.europesays.com\/fr\/wp-json\/wp\/v2\/posts\/372780","targetHints":{"allow":["GET"]}}],"collection":[{"href":"https:\/\/www.europesays.com\/fr\/wp-json\/wp\/v2\/posts"}],"about":[{"href":"https:\/\/www.europesays.com\/fr\/wp-json\/wp\/v2\/types\/post"}],"author":[{"embeddable":true,"href":"https:\/\/www.europesays.com\/fr\/wp-json\/wp\/v2\/users\/2"}],"replies":[{"embeddable":true,"href":"https:\/\/www.europesays.com\/fr\/wp-json\/wp\/v2\/comments?post=372780"}],"version-history":[{"count":0,"href":"https:\/\/www.europesays.com\/fr\/wp-json\/wp\/v2\/posts\/372780\/revisions"}],"wp:featuredmedia":[{"embeddable":true,"href":"https:\/\/www.europesays.com\/fr\/wp-json\/wp\/v2\/media\/372781"}],"wp:attachment":[{"href":"https:\/\/www.europesays.com\/fr\/wp-json\/wp\/v2\/media?parent=372780"}],"wp:term":[{"taxonomy":"category","embeddable":true,"href":"https:\/\/www.europesays.com\/fr\/wp-json\/wp\/v2\/categories?post=372780"},{"taxonomy":"post_tag","embeddable":true,"href":"https:\/\/www.europesays.com\/fr\/wp-json\/wp\/v2\/tags?post=372780"}],"curies":[{"name":"wp","href":"https:\/\/api.w.org\/{rel}","templated":true}]}}