{"id":372782,"date":"2025-09-07T10:40:15","date_gmt":"2025-09-07T10:40:15","guid":{"rendered":"https:\/\/www.europesays.com\/fr\/372782\/"},"modified":"2025-09-07T10:40:15","modified_gmt":"2025-09-07T10:40:15","slug":"quand-art-et-vin-se-rencontrent-au-domaine-massillan","status":"publish","type":"post","link":"https:\/\/www.europesays.com\/fr\/372782\/","title":{"rendered":"quand art et vin se rencontrent au Domaine Massillan"},"content":{"rendered":"<p>            Par<br \/>\n        <strong><br \/>\n            <a href=\"https:\/\/actu.fr\/auteur\/manon-haddouche\" title=\"Consulter tous les articles de Manon Haddouche\" rel=\"nofollow noopener\" target=\"_blank\">Manon Haddouche<\/a><br \/>\n        <\/strong><\/p>\n<p>        Publi\u00e9 le<\/p>\n<p>            7 sept. 2025 \u00e0 12h33        <\/p>\n<p>Depuis le vendredi 5 septembre et jusqu\u2019au samedi 4 octobre, le<strong> Domaine Massillan \u00e0 Teyran<\/strong> accueille l\u2019exposition \u00ab The Art of Wine \u00bb dans le cadre de la<strong> troisi\u00e8me \u00e9dition des \u0152noculturelles<\/strong>, (reconnues parmi le top 100 des Troph\u00e9es de l\u2019\u0152notourisme 2024). Sept artistes y pr\u00e9sentent des<strong> \u0153uvres inspir\u00e9es par les vins du Grand Pic Saint-Loup<\/strong>, tandis que des <strong>ateliers sensoriels<\/strong> et des<strong> d\u00e9gustations<\/strong> permettent aux visiteurs de vivre une exp\u00e9rience originale <strong>m\u00ealant art et terroir<\/strong>. Le coup d\u2019envoi sera donn\u00e9 lors du vernissage le vendredi 5 septembre \u00e0 18h. L\u2019occasion d\u2019\u00e9changer avec les artistes et d\u00e9couvrir les cuv\u00e9es dans une ambiance conviviale.\u00a0<\/p>\n<p>Un parcours sensoriel au c\u0153ur du vin<\/p>\n<p class=\" wall-content\">Cette ann\u00e9e, <strong>sept artistes locaux<\/strong> (Annabel Fontecave, Annick Poveda, Claude Corbier, Cristina Calaras, Judith Brunel, Martine Bruggeman et Emma Shulman paradise) pr\u00e9sentent donc leurs \u0153uvres, inspir\u00e9es par les vins du domaine. Chacune a \u00e9t\u00e9 con\u00e7ue <strong>apr\u00e8s d\u00e9gustation des cuv\u00e9es<\/strong> et<strong> \u00e9changes avec le vigneron<\/strong>, offrant au visiteur un <strong>voyage sensoriel in\u00e9dit<\/strong> o\u00f9 art et vin se r\u00e9pondent.<\/p>\n<p>    <a href=\"https:\/\/www.google.com\/maps\/embed?pb=!1m18!1m12!1m3!1d2634.165165602452!2d3.9175318112498334!3d43.67036875120052!2m3!1f0!2f0!3f0!3m2!1i1024!2i768!4f13.1!3m3!1m2!1s0x12b6a63c2391eb0d%3A0x5877471e48a43652!2sDomaine%20Massillan%20-%20Vignoble%20pr%C3%A8s%20de%20Montpellier!5e1!3m2!1sfr!2sfr!4v1756817810758!5m2!1sfr!2sfr\" title=\"Ouvrie le lien\" rel=\"nofollow noopener\" target=\"_blank\">Cliquez ici pour visualiser le contenu<\/a><\/p>\n<p>Des ateliers pour \u00e9veiller les sens<\/p>\n<p class=\" wall-content\">L\u2019exp\u00e9rience ne s\u2019arr\u00eate pas aux \u0153uvres expos\u00e9es. Le Domaine Massillan propose \u00e9galement des <strong>ateliers ouverts \u00e0 tous<\/strong> : une<strong> d\u00e9gustation sensorielle<\/strong> \u00ab Dans la peau des artistes \u00bb avec Alicia Koch le samedi 13 septembre de 10h \u00e0 12h, et une session \u00ab <strong>Ha\u00efku &amp; D\u00e9gustation<\/strong> \u00bb avec Emma Shulman le samedi 20 septembre de 13h30 \u00e0 16h30. Chaque atelier est propos\u00e9 au tarif de 15 euros, avec inscription obligatoire au 04 67 04 46 76 ou par email : <a href=\"https:\/\/actu.fr\/cdn-cgi\/l\/email-protection\" class=\"__cf_email__\" data-cfemail=\"b2d1dddfdfd7c0d1dbd3def2dfd3c1c1dbdeded3dc9cd4c0\" rel=\"nofollow noopener\" target=\"_blank\">[email\u00a0protected]<\/a>.<\/p>\n<p><strong>&gt;<\/strong> Troisi\u00e8me \u00e9dition des \u0152noculturelles, du vendredi 5 septembre au samedi 4 octobre, au Domaine Massillan, \u00e0 Teyran. Renseignements et r\u00e9servations <a href=\"https:\/\/mail.google.com\/mail\/u\/0\/#search\/oenoculturelles\/FMfcgzQcpdfQWnNxzhgWlPcPLWGMFmQX?projector=1&amp;messagePartId=0.1\" rel=\"nofollow noopener\" target=\"_blank\">par ici<\/a>.<\/p>\n<p class=\" wall-content\">Personnalisez votre actualit\u00e9 en ajoutant vos villes et m\u00e9dias en favori avec <a href=\"https:\/\/moncompte.actu.fr\" title=\"D\u00e9couvez Mon Actu\" rel=\"nofollow noopener\" data-trk=\"{&quot;cta&quot;:{&quot;action&quot;:&quot;https:\\\/\\\/moncompte.actu.fr&quot;,&quot;category&quot;:&quot;mon compte&quot;,&quot;from&quot;:&quot;article footer&quot;,&quot;name&quot;:&quot;Mon actu&quot;,&quot;type&quot;:&quot;cta&quot;}}\" target=\"_blank\">Mon Actu<\/a>.<\/p>\n","protected":false},"excerpt":{"rendered":"Par Manon Haddouche Publi\u00e9 le 7 sept. 2025 \u00e0 12h33 Depuis le vendredi 5 septembre et jusqu\u2019au samedi&hellip;\n","protected":false},"author":2,"featured_media":372783,"comment_status":"","ping_status":"","sticky":false,"template":"","format":"standard","meta":{"footnotes":""},"categories":[9599],"tags":[1111,11,1777,674,1011,27,2208,12,2680,25,104],"class_list":{"0":"post-372782","1":"post","2":"type-post","3":"status-publish","4":"format-standard","5":"has-post-thumbnail","7":"category-montpellier","8":"tag-actu","9":"tag-actualites","10":"tag-eu","11":"tag-europe","12":"tag-fr","13":"tag-france","14":"tag-montpellier","15":"tag-news","16":"tag-occitanie","17":"tag-republique-francaise","18":"tag-societe"},"share_on_mastodon":{"url":"https:\/\/pubeurope.com\/@fr\/115162593631813409","error":""},"_links":{"self":[{"href":"https:\/\/www.europesays.com\/fr\/wp-json\/wp\/v2\/posts\/372782","targetHints":{"allow":["GET"]}}],"collection":[{"href":"https:\/\/www.europesays.com\/fr\/wp-json\/wp\/v2\/posts"}],"about":[{"href":"https:\/\/www.europesays.com\/fr\/wp-json\/wp\/v2\/types\/post"}],"author":[{"embeddable":true,"href":"https:\/\/www.europesays.com\/fr\/wp-json\/wp\/v2\/users\/2"}],"replies":[{"embeddable":true,"href":"https:\/\/www.europesays.com\/fr\/wp-json\/wp\/v2\/comments?post=372782"}],"version-history":[{"count":0,"href":"https:\/\/www.europesays.com\/fr\/wp-json\/wp\/v2\/posts\/372782\/revisions"}],"wp:featuredmedia":[{"embeddable":true,"href":"https:\/\/www.europesays.com\/fr\/wp-json\/wp\/v2\/media\/372783"}],"wp:attachment":[{"href":"https:\/\/www.europesays.com\/fr\/wp-json\/wp\/v2\/media?parent=372782"}],"wp:term":[{"taxonomy":"category","embeddable":true,"href":"https:\/\/www.europesays.com\/fr\/wp-json\/wp\/v2\/categories?post=372782"},{"taxonomy":"post_tag","embeddable":true,"href":"https:\/\/www.europesays.com\/fr\/wp-json\/wp\/v2\/tags?post=372782"}],"curies":[{"name":"wp","href":"https:\/\/api.w.org\/{rel}","templated":true}]}}