{"id":372784,"date":"2025-09-07T10:41:12","date_gmt":"2025-09-07T10:41:12","guid":{"rendered":"https:\/\/www.europesays.com\/fr\/372784\/"},"modified":"2025-09-07T10:41:12","modified_gmt":"2025-09-07T10:41:12","slug":"futurapolis-sante-2025-la-recherche-medicale-au-coeur-de-montpellier","status":"publish","type":"post","link":"https:\/\/www.europesays.com\/fr\/372784\/","title":{"rendered":"Futurapolis Sant\u00e9 2025 : la recherche m\u00e9dicale au c\u0153ur de Montpellier\u00a0"},"content":{"rendered":"<p>\u201cLa sant\u00e9 ? Un thriller scientifique\u201c, \u00e9crit \u00c9tienne Gernelle, directeur du magazine Le Point, en introduction du dossier de presse. Car chaque mois, une d\u00e9couverte bouleverse la recherche, que ce soit en oncologie, en th\u00e9rapie g\u00e9nique ou en intelligence artificielle. \u00c0 Futurapolis Sant\u00e9, chercheurs, praticiens, entrepreneurs et patients viendront partager leurs savoirs et ouvrir le d\u00e9bat sur l\u2019avenir de la m\u00e9decine.\u00a0<\/p>\n","protected":false},"excerpt":{"rendered":"\u201cLa sant\u00e9 ? Un thriller scientifique\u201c, \u00e9crit \u00c9tienne Gernelle, directeur du magazine Le Point, en introduction du dossier&hellip;\n","protected":false},"author":2,"featured_media":372785,"comment_status":"","ping_status":"","sticky":false,"template":"","format":"standard","meta":{"footnotes":""},"categories":[9599],"tags":[1111,11,1777,674,1011,27,2208,12,2680,25],"class_list":{"0":"post-372784","1":"post","2":"type-post","3":"status-publish","4":"format-standard","5":"has-post-thumbnail","7":"category-montpellier","8":"tag-actu","9":"tag-actualites","10":"tag-eu","11":"tag-europe","12":"tag-fr","13":"tag-france","14":"tag-montpellier","15":"tag-news","16":"tag-occitanie","17":"tag-republique-francaise"},"share_on_mastodon":{"url":"https:\/\/pubeurope.com\/@fr\/115162597503133273","error":""},"_links":{"self":[{"href":"https:\/\/www.europesays.com\/fr\/wp-json\/wp\/v2\/posts\/372784","targetHints":{"allow":["GET"]}}],"collection":[{"href":"https:\/\/www.europesays.com\/fr\/wp-json\/wp\/v2\/posts"}],"about":[{"href":"https:\/\/www.europesays.com\/fr\/wp-json\/wp\/v2\/types\/post"}],"author":[{"embeddable":true,"href":"https:\/\/www.europesays.com\/fr\/wp-json\/wp\/v2\/users\/2"}],"replies":[{"embeddable":true,"href":"https:\/\/www.europesays.com\/fr\/wp-json\/wp\/v2\/comments?post=372784"}],"version-history":[{"count":0,"href":"https:\/\/www.europesays.com\/fr\/wp-json\/wp\/v2\/posts\/372784\/revisions"}],"wp:featuredmedia":[{"embeddable":true,"href":"https:\/\/www.europesays.com\/fr\/wp-json\/wp\/v2\/media\/372785"}],"wp:attachment":[{"href":"https:\/\/www.europesays.com\/fr\/wp-json\/wp\/v2\/media?parent=372784"}],"wp:term":[{"taxonomy":"category","embeddable":true,"href":"https:\/\/www.europesays.com\/fr\/wp-json\/wp\/v2\/categories?post=372784"},{"taxonomy":"post_tag","embeddable":true,"href":"https:\/\/www.europesays.com\/fr\/wp-json\/wp\/v2\/tags?post=372784"}],"curies":[{"name":"wp","href":"https:\/\/api.w.org\/{rel}","templated":true}]}}