{"id":372786,"date":"2025-09-07T10:45:06","date_gmt":"2025-09-07T10:45:06","guid":{"rendered":"https:\/\/www.europesays.com\/fr\/372786\/"},"modified":"2025-09-07T10:45:06","modified_gmt":"2025-09-07T10:45:06","slug":"ici-sotteville-les-rouen-76300-actualites-et-infos-de-votre-ville-en-continu","status":"publish","type":"post","link":"https:\/\/www.europesays.com\/fr\/372786\/","title":{"rendered":"ici Sotteville-l\u00e8s-Rouen (76300) : actualit\u00e9s et infos de votre ville en continu"},"content":{"rendered":"<p>Quel est le portrait des habitants de Sotteville-l\u00e8s-Rouen ?<\/p>\n<p>Sotteville-l\u00e8s-Rouen s&rsquo;\u00e9tend sur un territoire de 7,43 km\u00b2. En 2018, sa population se chiffrait \u00e0 28 958 habitants, ce qui repr\u00e9sente une densit\u00e9 de population de 3 897,4 habitants par kilom\u00e8tre carr\u00e9. Cette ville figurait donc parmi les plus dens\u00e9ment peupl\u00e9es du d\u00e9partement de la Seine-Maritime.<\/p>\n<p>Quelles sont les caract\u00e9ristiques des logements de Sotteville-l\u00e8s-Rouen<\/p>\n<p>Sotteville-l\u00e8s-Rouen d\u00e9nombre pr\u00e8s de 15 000 logements et environ 29 000 habitants, r\u00e9partis sur 7,43 km\u00b2. La localit\u00e9 a une densit\u00e9 r\u00e9sidentielle faible mais une forte densit\u00e9 de population (respectivement 19,8 log\/ha et 3 897,4 hab\/km\u00b2). Elles sont toutes deux sup\u00e9rieures \u00e0 celles du d\u00e9partement (1 log\/ha et 198,9 habitants par km\u00b2).<\/p>\n<p>Quelles sont les caract\u00e9ristiques de la r\u00e9partition des logements de la ville<\/p>\n<p>Au sein de la localit\u00e9, on comptabilise actuellement une plus grande part de locataires que de propri\u00e9taires : 49\u00a0% des r\u00e9sidences principales sont occup\u00e9es par des propri\u00e9taires alors que 51\u00a0% sont occup\u00e9es par des locataires (dont 1,2 % \u00e0 titre gratuit). Parmi les habitations de Sotteville-l\u00e8s-Rouen, 1,2\u00a0% sont des r\u00e9sidences secondaires, 6,7\u00a0% des logements vacants et 92,2\u00a0% sont des r\u00e9sidences principales. Par ailleurs, 32,2\u00a0% de ces derni\u00e8res sont des logements sociaux. La majorit\u00e9 des m\u00e9nages ont emm\u00e9nag\u00e9 r\u00e9cemment (il y a entre 2 et 4 ans) dans la municipalit\u00e9.<\/p>\n<p>Quelques chiffres \u00e0 conna\u00eetre sur les pi\u00e8ces des logements de la localit\u00e9<\/p>\n<p>Les logements de la ville sont en majorit\u00e9 des maisons (50,8 %). Les maisons familiales (4 pi\u00e8ces) sont les plus nombreuses. Elles repr\u00e9sentent 33,9 % de ces derni\u00e8res et ont une surface principalement comprise entre 60 et 80 m\u00b2. On trouve \u00e9galement de nombreuses maisons de 5 pi\u00e8ces (24,6 %). En ce qui concerne les appartements, ils sont moins nombreux (7 177) et sont principalement compos\u00e9s de 3 pi\u00e8ces. Leur surface moyenne est le plus souvent comprise entre 60 et 80 m\u00b2. Enfin, on peut remarquer que les maisons et les immeubles ont majoritairement \u00e9t\u00e9 construits entre 1946 et 1970.<\/p>\n<p>D\u00e9couvrez quelques informations chiffr\u00e9es \u00e0 propos de l&rsquo;imp\u00f4t sur le revenu \u00e0 Sotteville-l\u00e8s-Rouen<\/p>\n<p>La ville de Sotteville-l\u00e8s-Rouen d\u00e9compte un total de 17 903 foyers fiscaux. Parmi eux, 55,2 % sont en dessous du seuil d&rsquo;imposition. Ce chiffre est l\u00e9g\u00e8rement plus important que celui du d\u00e9partement qui s&rsquo;\u00e9l\u00e8ve \u00e0 52,5 %. Le revenu m\u00e9dian des habitants se chiffre \u00e0 20 550 \u20ac annuels, soit 1 380 \u20ac de moins que celui du pays. Les habitants de Sotteville-l\u00e8s-Rouen paient en moyenne un imp\u00f4t sur le revenu de 978 \u20ac par foyer. Ce dernier est donc inf\u00e9rieur \u00e0 celui de la Seine-Maritime qui s&rsquo;\u00e9l\u00e8ve \u00e0 1 485 \u20ac. Par ailleurs, 36,5 % des foyers ont d\u00e9clar\u00e9 percevoir une retraite ou une pension.<\/p>\n<p>Les foyers fiscaux d\u00e9clarant un revenu fiscal de r\u00e9f\u00e9rence au-dessous de 50 000 euros paient environ 48,1 % du montant total de l&rsquo;imp\u00f4t sur le revenu de cette localit\u00e9. La contribution des foyers d\u00e9clarant un revenu annuel sup\u00e9rieur \u00e0 100 000 euros est de 13,7 % de l&rsquo;imp\u00f4t net de la municipalit\u00e9.<\/p>\n<p>Caract\u00e9ristiques et informations pratiques \u00e0 propos de l&#8217;emploi \u00e0 Sotteville-l\u00e8s-Rouen<\/p>\n<p>En 2018, \u00e0 Sotteville-l\u00e8s-Rouen, on recensait 17 675 habitants en \u00e2ge de travailler, parmi lesquels 12 918 \u00e9taient actifs, le taux d&rsquo;activit\u00e9 atteignait donc 73,09 %. La part d&rsquo;actifs \u00e9tait alors analogue \u00e0 celle de la France, o\u00f9 le taux d&rsquo;activit\u00e9 \u00e9tait de 71,9 %.<\/p>\n<p>Parmi ces actifs, il y avait 2 271 ch\u00f4meurs, ce qui repr\u00e9sente un taux de ch\u00f4mage de 17,58 %. Il y avait alors un tr\u00e8s fort \u00e9cart avec les statistiques sur l&rsquo;ensemble du territoire national, qui affichait un taux de ch\u00f4mage de 9,1 %.<\/p>\n<p>Taux de ch\u00f4mage par CSP \u00e0 Sotteville-l\u00e8s-Rouen<\/p>\n<p>\u00c0 Sotteville-l\u00e8s-Rouen, en 2018, le plus fort taux de ch\u00f4mage se trouvait chez les ouvriers : 22,65 % \u00e9taient au ch\u00f4mage. On trouvait ensuite les employ\u00e9s (18,84 %), les commer\u00e7ants, artisans et chefs d&rsquo;entreprises (12,98 %), les professions interm\u00e9diaires (9,91 %) et les cadres (3,01 %). Il y avait six agriculteurs dans la ville, et aucun n&rsquo;\u00e9tait sans travail.<\/p>\n","protected":false},"excerpt":{"rendered":"Quel est le portrait des habitants de Sotteville-l\u00e8s-Rouen ? Sotteville-l\u00e8s-Rouen s&rsquo;\u00e9tend sur un territoire de 7,43 km\u00b2. En&hellip;\n","protected":false},"author":2,"featured_media":11291,"comment_status":"","ping_status":"","sticky":false,"template":"","format":"standard","meta":{"footnotes":""},"categories":[9587],"tags":[1111,11,1777,674,1011,27,12,5161,25,9590],"class_list":{"0":"post-372786","1":"post","2":"type-post","3":"status-publish","4":"format-standard","5":"has-post-thumbnail","7":"category-rouen","8":"tag-actu","9":"tag-actualites","10":"tag-eu","11":"tag-europe","12":"tag-fr","13":"tag-france","14":"tag-news","15":"tag-normandie","16":"tag-republique-francaise","17":"tag-rouen"},"share_on_mastodon":{"url":"https:\/\/pubeurope.com\/@fr\/115162613201933444","error":""},"_links":{"self":[{"href":"https:\/\/www.europesays.com\/fr\/wp-json\/wp\/v2\/posts\/372786","targetHints":{"allow":["GET"]}}],"collection":[{"href":"https:\/\/www.europesays.com\/fr\/wp-json\/wp\/v2\/posts"}],"about":[{"href":"https:\/\/www.europesays.com\/fr\/wp-json\/wp\/v2\/types\/post"}],"author":[{"embeddable":true,"href":"https:\/\/www.europesays.com\/fr\/wp-json\/wp\/v2\/users\/2"}],"replies":[{"embeddable":true,"href":"https:\/\/www.europesays.com\/fr\/wp-json\/wp\/v2\/comments?post=372786"}],"version-history":[{"count":0,"href":"https:\/\/www.europesays.com\/fr\/wp-json\/wp\/v2\/posts\/372786\/revisions"}],"wp:featuredmedia":[{"embeddable":true,"href":"https:\/\/www.europesays.com\/fr\/wp-json\/wp\/v2\/media\/11291"}],"wp:attachment":[{"href":"https:\/\/www.europesays.com\/fr\/wp-json\/wp\/v2\/media?parent=372786"}],"wp:term":[{"taxonomy":"category","embeddable":true,"href":"https:\/\/www.europesays.com\/fr\/wp-json\/wp\/v2\/categories?post=372786"},{"taxonomy":"post_tag","embeddable":true,"href":"https:\/\/www.europesays.com\/fr\/wp-json\/wp\/v2\/tags?post=372786"}],"curies":[{"name":"wp","href":"https:\/\/api.w.org\/{rel}","templated":true}]}}