{"id":372787,"date":"2025-09-07T10:48:10","date_gmt":"2025-09-07T10:48:10","guid":{"rendered":"https:\/\/www.europesays.com\/fr\/372787\/"},"modified":"2025-09-07T10:48:10","modified_gmt":"2025-09-07T10:48:10","slug":"pro-d2-eric-escande-et-sa-tres-bonne-rentree-ont-fait-chavirer-grenoble","status":"publish","type":"post","link":"https:\/\/www.europesays.com\/fr\/372787\/","title":{"rendered":"Pro D2 &#8211; Eric Escande et sa \u00ab\u00a0tr\u00e8s bonne rentr\u00e9e\u00a0\u00bb ont fait chavirer Grenoble"},"content":{"rendered":"<p>\n                Auteur d\u2019un match en demi-teinte, Grenoble a su acc\u00e9l\u00e9rer et d\u00e9crocher un succ\u00e8s bonifi\u00e9 face \u00e0 Aurillac. Dans la douleur, un homme est pourtant venu illuminer le ciel is\u00e9rois : \u00c9ric Escande.\n            <\/p>\n<p>Tout aura \u00e9t\u00e9 une question de timing dans ce match. Chaque \u00e9quipe a frapp\u00e9, mais Grenoble a mieux encaiss\u00e9. Il faut dire que la rencontre a d\u00e9but\u00e9 tambour battant. \u00c0 peine quinze minutes de jeu, sur une action de classe conclue par un encha\u00eenement de passes ex\u00e9cut\u00e9 \u00e0 la perfection, Aurillac a trouv\u00e9 la faille en premier et a refroidi le Stade des Alpes. S\u2019en sont suivis les assauts grenoblois, le courage aurillacois et des p\u00e9nalit\u00e9s successives d\u2019un c\u00f4t\u00e9 comme de l\u2019autre. La sir\u00e8ne a sonn\u00e9 : trois petits points d\u2019avance pour les Is\u00e9rois \u00e0 la pause\u2026 Un moindre mal !<\/p>\n<p>Escande, \u00e0 point nomm\u00e9<\/p>\n<p>L\u00e0 encore, on vous l\u2019avait dit, tout a \u00e9t\u00e9 une question de timing. Et c\u2019est \u00e0 la 55e minute, alors que les deux \u00e9quipes se neutralisaient encore, que le staff grenoblois a d\u00e9cid\u00e9 de faire entrer en sc\u00e8ne \u00c9ric Escande\u2026 La bascule ! Le demi de m\u00eal\u00e9e rempla\u00e7ant n\u2019a pas attendu plus d\u2019une minute pour inscrire son essai donnant une bouff\u00e9e d\u2019air et un \u00e9lan \u00e0 son \u00e9quipe pour la fin de rencontre. Une entr\u00e9e remarquable et remarqu\u00e9e, notamment par son entra\u00eeneur, Patrick P\u00e9zeri : \u00ab\u00a0\u00c9ric a fait une tr\u00e8s bonne rentr\u00e9e avec les qualit\u00e9s qu\u2019on lui conna\u00eet : sa capacit\u00e9 \u00e0 mettre de la vitesse, \u00e0 tenir le ballon et \u00e0 faire les bons choix. Il est entr\u00e9 avec comme consignes de coller un peu plus au ballon, de mettre plus de vitesse sur les rucks pour cr\u00e9er encore plus d\u2019espace et d\u2019\u00eatre vraiment dans l\u2019efficacit\u00e9.\u00a0\u00bb<\/p>\n<p>Encore une fois, le banc du FCG a fait la diff\u00e9rence. Bien que les titulaires, \u00e0 l\u2019image des fr\u00e8res Trouilloud, aient largement contribu\u00e9 \u00e0 ce succ\u00e8s, les \u00ab\u00a0finisseurs\u00a0\u00bb ont fait le job. \u00c9ric Escande a \u00e9t\u00e9 au four et au moulin et a permis au FC Grenoble Rugby de respirer dans un match \u00e9touffant. Malin dans sa lecture, rapide derri\u00e8re les rucks, dynamique dans sa distribution, Escande a \u00e9clabouss\u00e9 la fin de match de son exp\u00e9rience et de son intelligence. R\u00e9sultat : trois essais \u00e0 partir de la 55e et un bonus offensif s\u00e9curis\u00e9 gr\u00e2ce au banc.<\/p>\n<p>Mais au-del\u00e0 du score flatteur, ce succ\u00e8s a surtout illustr\u00e9 encore une fois la r\u00e9silience de ce groupe grenoblois. Encore en rodage, parfois impr\u00e9cis, les co\u00e9quipiers d\u2019\u00c9ric Escande ont tout de m\u00eame su insister et frapper l\u00e0 o\u00f9 \u00e7a faisait mal. Chaque impact a fait reculer la d\u00e9fense d\u2019Aurillac et la vitesse apport\u00e9e par le banc a fini par dynamiter la rencontre et lib\u00e9rer le Stade des Alpes. Une mont\u00e9e en puissance qui porte sa marque de fabrique : de la r\u00e9silience, de l\u2019unit\u00e9 et une force collective qui s\u2019exprime dans la souffrance, mais surtout quand l\u2019instant d\u00e9cisif se pr\u00e9sente.<\/p>\n<p>En bref, Grenoble se bat, Grenoble souffle mais, surtout, Grenoble se rassure. Neuf points sur dix possibles, un groupe soud\u00e9 et coriace : la formule du succ\u00e8s semble avoir \u00e9t\u00e9 trouv\u00e9e en Is\u00e8re. Il ne reste plus qu\u2019\u00e0 tenir le rythme\u2026 Et jusqu\u2019au bout cette fois !<\/p>\n","protected":false},"excerpt":{"rendered":"Auteur d\u2019un match en demi-teinte, Grenoble a su acc\u00e9l\u00e9rer et d\u00e9crocher un succ\u00e8s bonifi\u00e9 face \u00e0 Aurillac. Dans&hellip;\n","protected":false},"author":2,"featured_media":372788,"comment_status":"","ping_status":"","sticky":false,"template":"","format":"standard","meta":{"footnotes":""},"categories":[9566],"tags":[1111,11,2430,1777,674,1011,27,2731,12,25],"class_list":{"0":"post-372787","1":"post","2":"type-post","3":"status-publish","4":"format-standard","5":"has-post-thumbnail","7":"category-grenoble","8":"tag-actu","9":"tag-actualites","10":"tag-auvergne-rhone-alpes","11":"tag-eu","12":"tag-europe","13":"tag-fr","14":"tag-france","15":"tag-grenoble","16":"tag-news","17":"tag-republique-francaise"},"share_on_mastodon":{"url":"https:\/\/pubeurope.com\/@fr\/115162625109703287","error":""},"_links":{"self":[{"href":"https:\/\/www.europesays.com\/fr\/wp-json\/wp\/v2\/posts\/372787","targetHints":{"allow":["GET"]}}],"collection":[{"href":"https:\/\/www.europesays.com\/fr\/wp-json\/wp\/v2\/posts"}],"about":[{"href":"https:\/\/www.europesays.com\/fr\/wp-json\/wp\/v2\/types\/post"}],"author":[{"embeddable":true,"href":"https:\/\/www.europesays.com\/fr\/wp-json\/wp\/v2\/users\/2"}],"replies":[{"embeddable":true,"href":"https:\/\/www.europesays.com\/fr\/wp-json\/wp\/v2\/comments?post=372787"}],"version-history":[{"count":0,"href":"https:\/\/www.europesays.com\/fr\/wp-json\/wp\/v2\/posts\/372787\/revisions"}],"wp:featuredmedia":[{"embeddable":true,"href":"https:\/\/www.europesays.com\/fr\/wp-json\/wp\/v2\/media\/372788"}],"wp:attachment":[{"href":"https:\/\/www.europesays.com\/fr\/wp-json\/wp\/v2\/media?parent=372787"}],"wp:term":[{"taxonomy":"category","embeddable":true,"href":"https:\/\/www.europesays.com\/fr\/wp-json\/wp\/v2\/categories?post=372787"},{"taxonomy":"post_tag","embeddable":true,"href":"https:\/\/www.europesays.com\/fr\/wp-json\/wp\/v2\/tags?post=372787"}],"curies":[{"name":"wp","href":"https:\/\/api.w.org\/{rel}","templated":true}]}}