{"id":372789,"date":"2025-09-07T10:49:52","date_gmt":"2025-09-07T10:49:52","guid":{"rendered":"https:\/\/www.europesays.com\/fr\/372789\/"},"modified":"2025-09-07T10:49:52","modified_gmt":"2025-09-07T10:49:52","slug":"un-premier-complexe-de-padel-entierement-solarise-de-2-300-m%c2%b2-va-voir-le-jour-en-bretagne","status":"publish","type":"post","link":"https:\/\/www.europesays.com\/fr\/372789\/","title":{"rendered":"Un premier complexe de padel enti\u00e8rement solaris\u00e9, de 2 300 m\u00b2, va voir le jour en Bretagne"},"content":{"rendered":"<p>  En Ille-et-Vilaine, la commune de Cesson-S\u00e9vign\u00e9 ent\u00e9rine la construction d\u2019un complexe de padel solaire. \u00c9quip\u00e9 d\u2019une centrale photovolta\u00efque de 474 kWc, ce premier centre en Bretagne offrira aux habitants un acc\u00e8s \u00e0 6 terrains de padel semi-indoor et produira chaque ann\u00e9e pr\u00e8s de 580 MWh d\u2019\u00e9lectricit\u00e9 locale et d\u00e9carbon\u00e9e. L\u2019\u00e9nergie pourra \u00eatre autoconsomm\u00e9e en circuit court. La r\u00e9alisation est int\u00e9gralement financ\u00e9e par SeeYouSun et LATRIBU padel, sans co\u00fbt initial pour la commune. Ouverture pr\u00e9vue fin 2026.&#13;<br \/>\n&#13;<br \/>\n\u00a0<\/p>\n<p>Le padel conna\u00eet un engouement sans pr\u00e9c\u00e9dent en France, avec plus de 250 000 joueurs r\u00e9guliers et 1 000 terrains construits en 5 ans. L<strong>a ville de Cesson-S\u00e9vign\u00e9, aux portes de Rennes, se dote d\u2019un complexe de derni\u00e8re g\u00e9n\u00e9ration. D\u2019une surface de 2 304 m\u00b2 , il accueillera 6 terrains de padel<\/strong> <strong>semi-indoor.<\/strong> \u00ab Le b\u00e2timent sera semi-clos en fa\u00e7ade, avec un habillage en bardage bac acier ou en toile tendue. Cette configuration garantit \u00e0 la fois une bonne luminosit\u00e9 naturelle, une protection contre les intemp\u00e9ries et une r\u00e9duction des nuisances.\u00a0\u00bb pr\u00e9cisent<a href=\"https:\/\/www.bretagne-economique.com\/actualites\/see-you-sun-inaugure-son-premier-centre-de-padel-entierement-solarise\/\" rel=\"nofollow noopener\" target=\"_blank\"> SeeYouSun et LATRIBU padel, les initiateurs et financeurs du projet.<\/a><\/p>\n<p>Une infrastructure solaire<\/p>\n<p>Sur le plan \u00e9nerg\u00e9tique, le complexe de padel sera int\u00e9gralement solaris\u00e9. I<strong>l sera \u00e9quip\u00e9 en toitures de 1 053 panneaux photovolta\u00efques, d\u2019une puissance de 474 kWc.<\/strong> La centrale photovolta\u00efque produira pr\u00e8s de 580 MWh d\u2019\u00e9lectricit\u00e9 verte chaque ann\u00e9e (9 545 MWh sur 30 ans). <strong>A moyen terme, l\u2019\u00e9nergie pourra \u00eatre prioritairement consomm\u00e9e localement, par les habitants et les commerces de mani\u00e8re \u00e0 renforcer la souverainet\u00e9 \u00e9nerg\u00e9tique du territoire.<\/strong> \u00ab\u00a0Notre ambition est de donner vie aux premi\u00e8res villes solaires partout en France. Des villes o\u00f9 le soleil nous permet non seulement de produire notre \u00e9nergie au local, mais aussi de la partager et d\u2019offrir de nouveaux services aux populations. La commune de Cesson-S\u00e9vign\u00e9 a adh\u00e9r\u00e9 \u00e0 cette d\u00e9marche. Il s\u2019agit de notre tout premier projet solaire en commun \u00bb, d\u00e9clare Fran\u00e7ois Gu\u00e9rin, pr\u00e9sident de SeeYouSun. Le futur complexe prendra place \u00e0 proximit\u00e9 imm\u00e9diate des \u00e9quipements d\u00e9di\u00e9s aux sports de raquette (tennis de table, tennis, badminton\u2026), tout en restant proche du centre-ville, pour garantir accessibilit\u00e9 et coh\u00e9rence avec le maillage sportif existant. <strong>Cesson-S\u00e9vign\u00e9 fait partie de la m\u00e9tropole rennaise et compte un peu plus de 18 000 habitants.<\/strong><\/p>\n<p>Un partenariat in\u00e9dit<\/p>\n<p>Ce projet repose sur un partenariat in\u00e9dit avec deux entreprises locales. <strong>La premi\u00e8re SeeYouSun, assurera le d\u00e9veloppement, le financement, la construction et l\u2019exploitation de la centrale photovolta\u00efque en toiture. \u00ab Gr\u00e2ce au mod\u00e8le du tiers-investissement, la solarisation du site sera int\u00e9gralement prise en charge par SeeYouSun, sans co\u00fbt direct pour la commune <\/strong>\u00bb, pr\u00e9cise l\u2019entreprise. La seconde, lATRIBU padel, exploitant sportif, prendra en charge le d\u00e9veloppement, le financement, la construction, l\u2019exploitation et l\u2019animation des six terrains semi-indoor de padel, avec l\u2019ambition de d\u00e9mocratiser ce sport en plein essor.<strong> Ces engagements sont d\u00e9sormais formalis\u00e9s \u00e0 travers la signature des conventions d\u2019occupation temporaires d\u2019une dur\u00e9e de 30 ans, qui fixent les responsabilit\u00e9s respectives de chaque partenaire<\/strong>. L\u2019ouverture de ce complexe sportif nouvelle g\u00e9n\u00e9nation est pr\u00e9vue fin 2026.<\/p>\n","protected":false},"excerpt":{"rendered":"En Ille-et-Vilaine, la commune de Cesson-S\u00e9vign\u00e9 ent\u00e9rine la construction d\u2019un complexe de padel solaire. \u00c9quip\u00e9 d\u2019une centrale photovolta\u00efque&hellip;\n","protected":false},"author":2,"featured_media":372790,"comment_status":"","ping_status":"","sticky":false,"template":"","format":"standard","meta":{"footnotes":""},"categories":[2821],"tags":[1111,11,829,1777,674,1011,27,12,584,25],"class_list":{"0":"post-372789","1":"post","2":"type-post","3":"status-publish","4":"format-standard","5":"has-post-thumbnail","7":"category-rennes","8":"tag-actu","9":"tag-actualites","10":"tag-bretagne","11":"tag-eu","12":"tag-europe","13":"tag-fr","14":"tag-france","15":"tag-news","16":"tag-rennes","17":"tag-republique-francaise"},"share_on_mastodon":{"url":"https:\/\/pubeurope.com\/@fr\/115162632829247864","error":""},"_links":{"self":[{"href":"https:\/\/www.europesays.com\/fr\/wp-json\/wp\/v2\/posts\/372789","targetHints":{"allow":["GET"]}}],"collection":[{"href":"https:\/\/www.europesays.com\/fr\/wp-json\/wp\/v2\/posts"}],"about":[{"href":"https:\/\/www.europesays.com\/fr\/wp-json\/wp\/v2\/types\/post"}],"author":[{"embeddable":true,"href":"https:\/\/www.europesays.com\/fr\/wp-json\/wp\/v2\/users\/2"}],"replies":[{"embeddable":true,"href":"https:\/\/www.europesays.com\/fr\/wp-json\/wp\/v2\/comments?post=372789"}],"version-history":[{"count":0,"href":"https:\/\/www.europesays.com\/fr\/wp-json\/wp\/v2\/posts\/372789\/revisions"}],"wp:featuredmedia":[{"embeddable":true,"href":"https:\/\/www.europesays.com\/fr\/wp-json\/wp\/v2\/media\/372790"}],"wp:attachment":[{"href":"https:\/\/www.europesays.com\/fr\/wp-json\/wp\/v2\/media?parent=372789"}],"wp:term":[{"taxonomy":"category","embeddable":true,"href":"https:\/\/www.europesays.com\/fr\/wp-json\/wp\/v2\/categories?post=372789"},{"taxonomy":"post_tag","embeddable":true,"href":"https:\/\/www.europesays.com\/fr\/wp-json\/wp\/v2\/tags?post=372789"}],"curies":[{"name":"wp","href":"https:\/\/api.w.org\/{rel}","templated":true}]}}