{"id":372791,"date":"2025-09-07T10:52:43","date_gmt":"2025-09-07T10:52:43","guid":{"rendered":"https:\/\/www.europesays.com\/fr\/372791\/"},"modified":"2025-09-07T10:52:43","modified_gmt":"2025-09-07T10:52:43","slug":"retour-en-41-photos-sur-un-week-end-inoubliable-a-strasbourg","status":"publish","type":"post","link":"https:\/\/www.europesays.com\/fr\/372791\/","title":{"rendered":"retour en 41 photos sur un week-end inoubliable \u00e0 Strasbourg"},"content":{"rendered":"<p><strong>Acrobates suspendu(e)s, fanfare masqu\u00e9e et th\u00e9\u00e2tre de rue en pagaille : pour ses 10 ans, le FARSe a transform\u00e9 Strasbourg en terrain de jeu g\u00e9ant pour les arts de rue. Moment de f\u00eate partag\u00e9 par toutes les g\u00e9n\u00e9rations, les Strasbourgeois(es) ont encore une fois r\u00e9pondu pr\u00e9sent(e)s pour c\u00e9l\u00e9brer ce rendez-vous devenu incontournable au fil des ann\u00e9es. Point d\u2019orgue du week-end, le spectacle TAWA de la compagnie Gratte Ciel a ensorcel\u00e9 le public samedi soir, laissant derri\u00e8re lui des yeux \u00e9merveill\u00e9s.<\/strong><\/p>\n","protected":false},"excerpt":{"rendered":"Acrobates suspendu(e)s, fanfare masqu\u00e9e et th\u00e9\u00e2tre de rue en pagaille : pour ses 10 ans, le FARSe a&hellip;\n","protected":false},"author":2,"featured_media":372792,"comment_status":"","ping_status":"","sticky":false,"template":"","format":"standard","meta":{"footnotes":""},"categories":[2820],"tags":[1111,11,44973,1777,674,44974,1011,27,775,12,50542,25,50700,640],"class_list":{"0":"post-372791","1":"post","2":"type-post","3":"status-publish","4":"format-standard","5":"has-post-thumbnail","7":"category-strasbourg","8":"tag-actu","9":"tag-actualites","10":"tag-arts-de-rue","11":"tag-eu","12":"tag-europe","13":"tag-farse","14":"tag-fr","15":"tag-france","16":"tag-grand-est","17":"tag-news","18":"tag-photoreportage","19":"tag-republique-francaise","20":"tag-spectacles-de-rue","21":"tag-strasbourg"},"share_on_mastodon":{"url":"https:\/\/pubeurope.com\/@fr\/115162641291245815","error":""},"_links":{"self":[{"href":"https:\/\/www.europesays.com\/fr\/wp-json\/wp\/v2\/posts\/372791","targetHints":{"allow":["GET"]}}],"collection":[{"href":"https:\/\/www.europesays.com\/fr\/wp-json\/wp\/v2\/posts"}],"about":[{"href":"https:\/\/www.europesays.com\/fr\/wp-json\/wp\/v2\/types\/post"}],"author":[{"embeddable":true,"href":"https:\/\/www.europesays.com\/fr\/wp-json\/wp\/v2\/users\/2"}],"replies":[{"embeddable":true,"href":"https:\/\/www.europesays.com\/fr\/wp-json\/wp\/v2\/comments?post=372791"}],"version-history":[{"count":0,"href":"https:\/\/www.europesays.com\/fr\/wp-json\/wp\/v2\/posts\/372791\/revisions"}],"wp:featuredmedia":[{"embeddable":true,"href":"https:\/\/www.europesays.com\/fr\/wp-json\/wp\/v2\/media\/372792"}],"wp:attachment":[{"href":"https:\/\/www.europesays.com\/fr\/wp-json\/wp\/v2\/media?parent=372791"}],"wp:term":[{"taxonomy":"category","embeddable":true,"href":"https:\/\/www.europesays.com\/fr\/wp-json\/wp\/v2\/categories?post=372791"},{"taxonomy":"post_tag","embeddable":true,"href":"https:\/\/www.europesays.com\/fr\/wp-json\/wp\/v2\/tags?post=372791"}],"curies":[{"name":"wp","href":"https:\/\/api.w.org\/{rel}","templated":true}]}}