{"id":372793,"date":"2025-09-07T10:53:18","date_gmt":"2025-09-07T10:53:18","guid":{"rendered":"https:\/\/www.europesays.com\/fr\/372793\/"},"modified":"2025-09-07T10:53:18","modified_gmt":"2025-09-07T10:53:18","slug":"foire-europeenne-de-strasbourg-2025-bonnes-affaires-animations-la-93e-edition-en-images","status":"publish","type":"post","link":"https:\/\/www.europesays.com\/fr\/372793\/","title":{"rendered":"Foire europ\u00e9enne de Strasbourg 2025. Bonnes affaires, animations&#8230; la 93e \u00e9dition en images"},"content":{"rendered":"<p>La Foire europ\u00e9enne de Strasbourg 2025 reste le rendez-vous des bonnes affaires. Ses organisateurs\u00a0l&rsquo;\u00e9toffent davantage chaque ann\u00e9e d&rsquo;animations en tout genre\u00a0: d\u00e9monstrations culinaires de chefs, spectacles de danse du Pacifique, visites de chars militaires, expo et concerts&#8230; Aper\u00e7u en images, ce samedi 6 septembre.<\/p>\n<p>&#13;<br \/>\n              Thomas Toussaint, avec N.S. &#8211; &#13;<br \/>\n        &#13;<br \/>\n          Aujourd&rsquo;hui \u00e0 12:00&#13;<br \/>\n    &#13;<br \/>\n                  | mis \u00e0 jour aujourd&rsquo;hui \u00e0 12:20&#13;<br \/>\n              &#8211; Temps de lecture : &#13;<br \/>\n  &#13;\n<\/p>\n<ul class=\"galerieContent carousel-wrapper__slides\" id=\"8452802a-8a08-4fd1-ad3b-c46d6c26e3ff\">        &#13;<\/p>\n<li class=\"carousel-wrapper__slides--slide item\" id=\"slide-1\">&#13;<br \/>\n                                    &#13;<br \/>\n                        <a class=\"chocolat-image GA-tracking\" data-ga_type=\"click\" data-ga_category=\"D\u00e9tail\" data-ga_action=\"zoomer\" data-ga_label=\"aggrandir image\" href=\"https:\/\/cdn-s-www.dna.fr\/images\/573E396A-47BB-4E05-812F-205482F2C879\/NW_raw\/comme-toujours-la-foire-permet-de-rencontrer-le-monde-agricole-village-agriculture-photo-thomas-toussaint-1757182079.jpg\" title=\"Comme toujours, la foire permet de rencontrer le monde agricole [Village agriculture]. Photo Thomas Toussaint\" target=\"_blank\" rel=\"noopener\">&#13;<br \/>\n                            <img decoding=\"async\" src=\"https:\/\/www.europesays.com\/fr\/wp-content\/uploads\/2025\/09\/comme-toujours-la-foire-permet-de-rencontrer-le-monde-agricole-village-agriculture-photo-thomas-tous.jpeg\"   alt=\"Comme toujours, la foire permet de rencontrer le monde agricole [Village agriculture]. Photo Thomas Toussaint\" fetchpriority=\"high\" data-mobile=\"NW_detail_M|1757182079\" data-base=\"NW_detail|1757182079\"\/>&#13;<br \/>\n                        <\/a>&#13;<\/p>\n<p>Comme toujours, la foire permet de rencontrer le monde agricole [Village agriculture]. Photo Thomas Toussaint<\/p>\n<p>                        &#13;<br \/>\n                                           &#13;\n                <\/li>\n<p>&#13;<br \/>\n            &#13;<\/p>\n<li class=\"carousel-wrapper__slides--slide item slideWithPub\" id=\"slide-2\">&#13;<br \/>\n                        &#13;<br \/>\n                            <a class=\"chocolat-image\" title=\"Publicit\u00e9\" href=\"data:image\/gif;base64,R0lGODlhAQABAAD\/ACwAAAAAAQABAAACADs=\">&#13;<br \/>\n                                <img decoding=\"async\" src=\"data:image\/gif;base64,R0lGODlhAQABAAD\/ACwAAAAAAQABAAACADs=\" alt=\"Publicit\u00e9\" loading=\"lazy\" fetchpriority=\"low\"\/>&#13;<br \/>\n                            <\/a>&#13;<br \/>\n                        &#13;\n                    <\/li>\n<p>&#13;<\/p>\n<li class=\"carousel-wrapper__slides--slide item\" id=\"slide-3\">&#13;<br \/>\n                                    &#13;<br \/>\n                        <a class=\"chocolat-image GA-tracking\" data-ga_type=\"click\" data-ga_category=\"D\u00e9tail\" data-ga_action=\"zoomer\" data-ga_label=\"aggrandir image\" href=\"https:\/\/cdn-s-www.dna.fr\/images\/5EAB41C4-6AE6-43B1-87BE-CB711C2BC940\/NW_raw\/au-village-des-armees-jardins-du-pmc-petits-(et-grands)-peuvent-grimper-dans-une-jeep-ou-un-char-et-tenir-le-volant-photo-thomas-toussaint-1757182079.jpg\" title=\"Au Village des arm\u00e9es [jardins du PMC], petits (et grands) peuvent grimper dans une jeep ou un char, et... tenir le volant\u00a0! Photo Thomas Toussaint\" target=\"_blank\" rel=\"noopener\">&#13;<br \/>\n                            <img decoding=\"async\" src=\"https:\/\/www.europesays.com\/fr\/wp-content\/uploads\/2025\/09\/au-village-des-armees-jardins-du-pmc-petits-(et-grands)-peuvent-grimper-dans-une-jeep-ou-un-char-et-.jpeg\"   alt=\"Au Village des arm\u00e9es [jardins du PMC], petits (et grands) peuvent grimper dans une jeep ou un char, et... tenir le volant\u00a0! Photo Thomas Toussaint\" loading=\"lazy\" fetchpriority=\"low\" data-mobile=\"NW_detail_M|1757182079\" data-base=\"NW_detail|1757182079\"\/>&#13;<br \/>\n                        <\/a>&#13;<\/p>\n<p>Au Village des arm\u00e9es [jardins du PMC], petits (et grands) peuvent grimper dans une jeep ou un char, et&#8230; tenir le volant\u00a0! Photo Thomas Toussaint<\/p>\n<p>                        &#13;<br \/>\n                                           &#13;\n                <\/li>\n<p>&#13;<br \/>\n            &#13;<\/p>\n<li class=\"carousel-wrapper__slides--slide item\" id=\"slide-4\">&#13;<br \/>\n                                    &#13;<br \/>\n                        <a class=\"chocolat-image GA-tracking\" data-ga_type=\"click\" data-ga_category=\"D\u00e9tail\" data-ga_action=\"zoomer\" data-ga_label=\"aggrandir image\" href=\"https:\/\/cdn-s-www.dna.fr\/images\/7B77D622-FD9C-4C3B-BE0C-69C8476B1001\/NW_raw\/la-foire-reste-le-rendez-vous-des-bonnes-affaires-et-des-demonstrations-comme-ici-avec-un-nageur-dans-un-spa-avenue-herrenschmidt-photo-thomas-toussaint-1757182079.jpg\" title=\"La foire reste le rendez-vous des bonnes affaires et des... d\u00e9monstrations. Comme ici, avec un nageur dans un spa [avenue Herrenschmidt]. Photo Thomas Toussaint\" target=\"_blank\" rel=\"noopener\">&#13;<br \/>\n                            <img decoding=\"async\" src=\"https:\/\/www.europesays.com\/fr\/wp-content\/uploads\/2025\/09\/la-foire-reste-le-rendez-vous-des-bonnes-affaires-et-des-demonstrations-comme-ici-avec-un-nageur-dan.jpeg\"   alt=\"La foire reste le rendez-vous des bonnes affaires et des... d\u00e9monstrations. Comme ici, avec un nageur dans un spa [avenue Herrenschmidt]. Photo Thomas Toussaint\" loading=\"lazy\" fetchpriority=\"low\" data-mobile=\"NW_detail_M|1757182079\" data-base=\"NW_detail|1757182079\"\/>&#13;<br \/>\n                        <\/a>&#13;<\/p>\n<p>La foire reste le rendez-vous des bonnes affaires et des&#8230; d\u00e9monstrations. Comme ici, avec un nageur dans un spa [avenue Herrenschmidt]. Photo Thomas Toussaint<\/p>\n<p>                        &#13;<br \/>\n                                           &#13;\n                <\/li>\n<p>&#13;<br \/>\n            &#13;<\/p>\n<li class=\"carousel-wrapper__slides--slide item\" id=\"slide-5\">&#13;<br \/>\n                                    &#13;<br \/>\n                        <a class=\"chocolat-image GA-tracking\" data-ga_type=\"click\" data-ga_category=\"D\u00e9tail\" data-ga_action=\"zoomer\" data-ga_label=\"aggrandir image\" href=\"https:\/\/cdn-s-www.dna.fr\/images\/08E8FF8A-B3D5-4893-9940-72B51B521FCB\/NW_raw\/certains-attendent-ce-rendez-vous-de-la-rentree-pour-denicher-le-matelas-qui-leur-va-bien-hall-2-la-cuisine-de-leurs-reves-ou-l-epluche-legume-qui-va-changer-leur-vie-photo-thomas-toussaint-1757182079.jpg\" title=\"Certains attendent ce rendez-vous de la rentr\u00e9e pour d\u00e9nicher le matelas qui leur va bien [hall 2], la cuisine de leurs r\u00eaves ou... l&#039;\u00e9pluche-l\u00e9gume qui va changer leur vie \u00a0? Photo Thomas Toussaint\" target=\"_blank\" rel=\"noopener\">&#13;<br \/>\n                            <img decoding=\"async\" src=\"https:\/\/www.europesays.com\/fr\/wp-content\/uploads\/2025\/09\/certains-attendent-ce-rendez-vous-de-la-rentree-pour-denicher-le-matelas-qui-leur-va-bien-hall-2-la-.jpeg\"   alt=\"Certains attendent ce rendez-vous de la rentr\u00e9e pour d\u00e9nicher le matelas qui leur va bien [hall 2], la cuisine de leurs r\u00eaves ou... l'\u00e9pluche-l\u00e9gume qui va changer leur vie \u00a0? Photo Thomas Toussaint\" loading=\"lazy\" fetchpriority=\"low\" data-mobile=\"NW_detail_M|1757182079\" data-base=\"NW_detail|1757182079\"\/>&#13;<br \/>\n                        <\/a>&#13;<\/p>\n<p>Certains attendent ce rendez-vous de la rentr\u00e9e pour d\u00e9nicher le matelas qui leur va bien [hall 2], la cuisine de leurs r\u00eaves ou&#8230; l&rsquo;\u00e9pluche-l\u00e9gume qui va changer leur vie \u00a0? Photo Thomas Toussaint<\/p>\n<p>                        &#13;<br \/>\n                                           &#13;\n                <\/li>\n<p>&#13;<br \/>\n            &#13;<\/p>\n<li class=\"carousel-wrapper__slides--slide item\" id=\"slide-6\">&#13;<br \/>\n                                    &#13;<br \/>\n                        <a class=\"chocolat-image GA-tracking\" data-ga_type=\"click\" data-ga_category=\"D\u00e9tail\" data-ga_action=\"zoomer\" data-ga_label=\"aggrandir image\" href=\"https:\/\/cdn-s-www.dna.fr\/images\/17450175-4F8F-472F-B194-0615AD3A7646\/NW_raw\/cette-93e-edition-a-l-instar-des-precedentes-offre-aux-visiteurs-quantite-de-possibilites-de-gouter-des-saveurs-d-ailleurs-et-de-s-en-procurer-les-produits-hall-1-espace-gastronomie-photo-thomas-toussaint-1757182079.jpg\" title=\"Cette 93e \u00e9dition, \u00e0 l&#039;instar des pr\u00e9c\u00e9dentes, offre aux visiteurs quantit\u00e9 de possibilit\u00e9s de go\u00fbter des saveurs d&#039;ailleurs et de s&#039;en procurer les produits [hall 1 - Espace gastronomie]. Photo Thomas Toussaint\" target=\"_blank\" rel=\"noopener\">&#13;<br \/>\n                            <img decoding=\"async\" src=\"https:\/\/www.europesays.com\/fr\/wp-content\/uploads\/2025\/09\/cette-93e-edition-a-l-instar-des-precedentes-offre-aux-visiteurs-quantite-de-possibilites-de-gouter-.jpeg\"   alt=\"Cette 93e \u00e9dition, \u00e0 l'instar des pr\u00e9c\u00e9dentes, offre aux visiteurs quantit\u00e9 de possibilit\u00e9s de go\u00fbter des saveurs d'ailleurs et de s'en procurer les produits [hall 1 - Espace gastronomie]. Photo Thomas Toussaint\" loading=\"lazy\" fetchpriority=\"low\" data-mobile=\"NW_detail_M|1757182079\" data-base=\"NW_detail|1757182079\"\/>&#13;<br \/>\n                        <\/a>&#13;<\/p>\n<p>Cette 93e \u00e9dition, \u00e0 l&rsquo;instar des pr\u00e9c\u00e9dentes, offre aux visiteurs quantit\u00e9 de possibilit\u00e9s de go\u00fbter des saveurs d&rsquo;ailleurs et de s&rsquo;en procurer les produits [hall 1 &#8211; Espace gastronomie]. Photo Thomas Toussaint<\/p>\n<p>                        &#13;<br \/>\n                                           &#13;\n                <\/li>\n<p>&#13;<br \/>\n            &#13;<\/p>\n<li class=\"carousel-wrapper__slides--slide item slideWithPub\" id=\"slide-7\">&#13;<br \/>\n                        &#13;<br \/>\n                            <a class=\"chocolat-image\" title=\"Publicit\u00e9\" href=\"data:image\/gif;base64,R0lGODlhAQABAAD\/ACwAAAAAAQABAAACADs=\">&#13;<br \/>\n                                <img decoding=\"async\" src=\"data:image\/gif;base64,R0lGODlhAQABAAD\/ACwAAAAAAQABAAACADs=\" alt=\"Publicit\u00e9\" loading=\"lazy\" fetchpriority=\"low\"\/>&#13;<br \/>\n                            <\/a>&#13;<br \/>\n                        &#13;\n                    <\/li>\n<p>&#13;<\/p>\n<li class=\"carousel-wrapper__slides--slide item\" id=\"slide-8\">&#13;<br \/>\n                                    &#13;<br \/>\n                        <a class=\"chocolat-image GA-tracking\" data-ga_type=\"click\" data-ga_category=\"D\u00e9tail\" data-ga_action=\"zoomer\" data-ga_label=\"aggrandir image\" href=\"https:\/\/cdn-s-www.dna.fr\/images\/81932155-BA63-4205-BF71-DFB507B6E0C6\/NW_raw\/avec-ses-fleurs-de-tiare-le-village-pacifique-est-a-nouveau-la-hall-rhin-photo-thomas-toussaint-1757182079.jpg\" title=\"Avec ses fleurs de tiar\u00e9, le Village Pacifique est \u00e0 nouveau l\u00e0 [hall Rhin]. Photo Thomas Toussaint\" target=\"_blank\" rel=\"noopener\">&#13;<br \/>\n                            <img decoding=\"async\" src=\"https:\/\/www.europesays.com\/fr\/wp-content\/uploads\/2025\/09\/avec-ses-fleurs-de-tiare-le-village-pacifique-est-a-nouveau-la-hall-rhin-photo-thomas-toussaint-1757.jpeg\"   alt=\"Avec ses fleurs de tiar\u00e9, le Village Pacifique est \u00e0 nouveau l\u00e0 [hall Rhin]. Photo Thomas Toussaint\" loading=\"lazy\" fetchpriority=\"low\" data-mobile=\"NW_detail_M|1757182079\" data-base=\"NW_detail|1757182079\"\/>&#13;<br \/>\n                        <\/a>&#13;<\/p>\n<p>Avec ses fleurs de tiar\u00e9, le Village Pacifique est \u00e0 nouveau l\u00e0 [hall Rhin]. Photo Thomas Toussaint<\/p>\n<p>                        &#13;<br \/>\n                                           &#13;\n                <\/li>\n<p>&#13;<br \/>\n            &#13;<\/p>\n<li class=\"carousel-wrapper__slides--slide item\" id=\"slide-9\">&#13;<br \/>\n                                    &#13;<br \/>\n                        <a class=\"chocolat-image GA-tracking\" data-ga_type=\"click\" data-ga_category=\"D\u00e9tail\" data-ga_action=\"zoomer\" data-ga_label=\"aggrandir image\" href=\"https:\/\/cdn-s-www.dna.fr\/images\/7D5EF5A9-2CA7-4ECF-A0FD-7A7FE860E2C0\/NW_raw\/l-economie-sociale-et-solidaire-(ess)-est-representee-notamment-par-des-commercants-du-monde-hall-5-photo-thomas-toussaint-1757182079.jpg\" title=\"L&#039;\u00e9conomie sociale et solidaire (ESS) est repr\u00e9sent\u00e9e, notamment par des \u00ab\u00a0commer\u00e7ants du monde\u00a0\u00bb [hall 5]. Photo Thomas Toussaint\" target=\"_blank\" rel=\"noopener\">&#13;<br \/>\n                            <img decoding=\"async\" src=\"https:\/\/www.europesays.com\/fr\/wp-content\/uploads\/2025\/09\/l-economie-sociale-et-solidaire-(ess)-est-representee-notamment-par-des-commercants-du-monde-hall-5-.jpeg\"   alt=\"L'\u00e9conomie sociale et solidaire (ESS) est repr\u00e9sent\u00e9e, notamment par des \u00ab\u00a0commer\u00e7ants du monde\u00a0\u00bb [hall 5]. Photo Thomas Toussaint\" loading=\"lazy\" fetchpriority=\"low\" data-mobile=\"NW_detail_M|1757182079\" data-base=\"NW_detail|1757182079\"\/>&#13;<br \/>\n                        <\/a>&#13;<\/p>\n<p>L&rsquo;\u00e9conomie sociale et solidaire (ESS) est repr\u00e9sent\u00e9e, notamment par des \u00ab\u00a0commer\u00e7ants du monde\u00a0\u00bb [hall 5]. Photo Thomas Toussaint<\/p>\n<p>                        &#13;<br \/>\n                                           &#13;\n                <\/li>\n<p>&#13;<br \/>\n            &#13;<\/p>\n<li class=\"carousel-wrapper__slides--slide item\" id=\"slide-10\">&#13;<br \/>\n                                    &#13;<br \/>\n                        <a class=\"chocolat-image GA-tracking\" data-ga_type=\"click\" data-ga_category=\"D\u00e9tail\" data-ga_action=\"zoomer\" data-ga_label=\"aggrandir image\" href=\"https:\/\/cdn-s-www.dna.fr\/images\/FFCE38C0-FD93-47B1-A218-E3F6103F76E1\/NW_raw\/des-animations-egayent-regulierement-les-travees-galerie-de-la-foire-nef-du-pex-plus-de-500-sont-annoncees-sur-les-dix-jours-photo-thomas-toussaint-1757182079.jpg\" title=\"Des\u00a0animations\u00a0\u00e9gayent r\u00e9guli\u00e8rement les trav\u00e9es [Galerie de la foire - Nef du PEX]. Plus de 500 sont annonc\u00e9es sur les dix jours. Photo Thomas Toussaint\" target=\"_blank\" rel=\"noopener\">&#13;<br \/>\n                            <img decoding=\"async\" src=\"https:\/\/www.europesays.com\/fr\/wp-content\/uploads\/2025\/09\/des-animations-egayent-regulierement-les-travees-galerie-de-la-foire-nef-du-pex-plus-de-500-sont-ann.jpeg\"   alt=\"Des\u00a0animations\u00a0\u00e9gayent r\u00e9guli\u00e8rement les trav\u00e9es [Galerie de la foire - Nef du PEX]. Plus de 500 sont annonc\u00e9es sur les dix jours. Photo Thomas Toussaint\" loading=\"lazy\" fetchpriority=\"low\" data-mobile=\"NW_detail_M|1757182079\" data-base=\"NW_detail|1757182079\"\/>&#13;<br \/>\n                        <\/a>&#13;<\/p>\n<p>Des\u00a0animations\u00a0\u00e9gayent r\u00e9guli\u00e8rement les trav\u00e9es [Galerie de la foire &#8211; Nef du PEX]. Plus de 500 sont annonc\u00e9es sur les dix jours. Photo Thomas Toussaint<\/p>\n<p>                        &#13;<br \/>\n                                           &#13;\n                <\/li>\n<p>&#13;<br \/>\n            &#13;<\/p>\n<li class=\"carousel-wrapper__slides--slide item\" id=\"slide-11\">&#13;<br \/>\n                                    &#13;<br \/>\n                        <a class=\"chocolat-image GA-tracking\" data-ga_type=\"click\" data-ga_category=\"D\u00e9tail\" data-ga_action=\"zoomer\" data-ga_label=\"aggrandir image\" href=\"https:\/\/cdn-s-www.dna.fr\/images\/C3DACD90-A15D-4084-955C-084621C1E22B\/NW_raw\/pour-la-2e-annee-consecutive-la-foire-affiche-toute-une-programmation-musicale-hall-4-foireurop-live-a-partir-de-18h-gratuitement-et-jusqu-a-minuit-photo-thomas-toussaint-1757182079.jpg\" title=\"Pour la 2e ann\u00e9e cons\u00e9cutive, la foire affiche toute une programmation musicale [hall 4 - foireurop&#039;Live]. A partir de 18h, gratuitement\u00a0; et jusqu&#039;\u00e0 minuit. Photo Thomas Toussaint\" target=\"_blank\" rel=\"noopener\">&#13;<br \/>\n                            <img decoding=\"async\" src=\"https:\/\/www.europesays.com\/fr\/wp-content\/uploads\/2025\/09\/pour-la-2e-annee-consecutive-la-foire-affiche-toute-une-programmation-musicale-hall-4-foireurop-live.jpeg\"   alt=\"Pour la 2e ann\u00e9e cons\u00e9cutive, la foire affiche toute une programmation musicale [hall 4 - foireurop'Live]. A partir de 18h, gratuitement\u00a0; et jusqu'\u00e0 minuit. Photo Thomas Toussaint\" loading=\"lazy\" fetchpriority=\"low\" data-mobile=\"NW_detail_M|1757182079\" data-base=\"NW_detail|1757182079\"\/>&#13;<br \/>\n                        <\/a>&#13;<\/p>\n<p>Pour la 2e ann\u00e9e cons\u00e9cutive, la foire affiche toute une programmation musicale [hall 4 &#8211; foireurop&rsquo;Live]. A partir de 18h, gratuitement\u00a0; et jusqu&rsquo;\u00e0 minuit. Photo Thomas Toussaint<\/p>\n<p>                        &#13;<br \/>\n                                           &#13;\n                <\/li>\n<p>&#13;<br \/>\n            &#13;<\/p>\n<li class=\"carousel-wrapper__slides--slide item slideWithPub\" id=\"slide-12\">&#13;<br \/>\n                        &#13;<br \/>\n                            <a class=\"chocolat-image\" title=\"Publicit\u00e9\" href=\"data:image\/gif;base64,R0lGODlhAQABAAD\/ACwAAAAAAQABAAACADs=\">&#13;<br \/>\n                                <img decoding=\"async\" src=\"data:image\/gif;base64,R0lGODlhAQABAAD\/ACwAAAAAAQABAAACADs=\" alt=\"Publicit\u00e9\" loading=\"lazy\" fetchpriority=\"low\"\/>&#13;<br \/>\n                            <\/a>&#13;<br \/>\n                        &#13;\n                    <\/li>\n<p>&#13;<\/p>\n<li class=\"carousel-wrapper__slides--slide item\" id=\"slide-13\">&#13;<br \/>\n                                    &#13;<br \/>\n                        <a class=\"chocolat-image GA-tracking\" data-ga_type=\"click\" data-ga_category=\"D\u00e9tail\" data-ga_action=\"zoomer\" data-ga_label=\"aggrandir image\" href=\"https:\/\/cdn-s-www.dna.fr\/images\/B457EB20-5039-433D-98DB-C0FD1D9DC7C3\/NW_raw\/en-2025-pas-de-pays-invite-mais-deux-pays-mis-a-l-honneur-l-irlande-(avec-une-expo-immersive)-et-l-italie-photo-thomas-toussaint-1757183177.jpg\" title=\"En 2025, pas de pays invit\u00e9, mais deux pays mis \u00e0 l&#039;honneur \u00a0: l&#039;Irlande (avec une expo immersive) et l&#039;Italie. Photo Thomas Toussaint\" target=\"_blank\" rel=\"noopener\">&#13;<br \/>\n                            <img decoding=\"async\" src=\"https:\/\/www.europesays.com\/fr\/wp-content\/uploads\/2025\/09\/en-2025-pas-de-pays-invite-mais-deux-pays-mis-a-l-honneur-l-irlande-(avec-une-expo-immersive)-et-l-i.jpeg\"   alt=\"En 2025, pas de pays invit\u00e9, mais deux pays mis \u00e0 l'honneur \u00a0: l'Irlande (avec une expo immersive) et l'Italie. Photo Thomas Toussaint\" loading=\"lazy\" fetchpriority=\"low\" data-mobile=\"NW_detail_M|1757183177\" data-base=\"NW_detail|1757183177\"\/>&#13;<br \/>\n                        <\/a>&#13;<\/p>\n<p>En 2025, pas de pays invit\u00e9, mais deux pays mis \u00e0 l&rsquo;honneur \u00a0: l&rsquo;Irlande (avec une expo immersive) et l&rsquo;Italie. Photo Thomas Toussaint<\/p>\n<p>                        &#13;<br \/>\n                                           &#13;\n                <\/li>\n<p>&#13;<br \/>\n            &#13;<\/p>\n<li class=\"carousel-wrapper__slides--slide item\" id=\"slide-14\">&#13;<br \/>\n                                    &#13;<br \/>\n                        <a class=\"chocolat-image GA-tracking\" data-ga_type=\"click\" data-ga_category=\"D\u00e9tail\" data-ga_action=\"zoomer\" data-ga_label=\"aggrandir image\" href=\"https:\/\/cdn-s-www.dna.fr\/images\/C44511ED-C278-4533-85CD-B1611AC92202\/NW_raw\/les-chefs-cuisiniers-de-la-fraternelle-d-alsace-proposent-des-demonstrations-et-joutes-culinaires-en-continu-a-retrouver-les-week-ends-photo-thomas-toussaint-1757182079.jpg\" title=\"Les chefs cuisiniers de la Fraternelle d&#039;Alsace proposent des d\u00e9monstrations et joutes culinaires en continu. A retrouver les week-ends. Photo Thomas Toussaint\" target=\"_blank\" rel=\"noopener\">&#13;<br \/>\n                            <img decoding=\"async\" src=\"https:\/\/www.europesays.com\/fr\/wp-content\/uploads\/2025\/09\/les-chefs-cuisiniers-de-la-fraternelle-d-alsace-proposent-des-demonstrations-et-joutes-culinaires-en.jpeg\"   alt=\"Les chefs cuisiniers de la Fraternelle d'Alsace proposent des d\u00e9monstrations et joutes culinaires en continu. A retrouver les week-ends. Photo Thomas Toussaint\" loading=\"lazy\" fetchpriority=\"low\" data-mobile=\"NW_detail_M|1757182079\" data-base=\"NW_detail|1757182079\"\/>&#13;<br \/>\n                        <\/a>&#13;<\/p>\n<p>Les chefs cuisiniers de la Fraternelle d&rsquo;Alsace proposent des d\u00e9monstrations et joutes culinaires en continu. A retrouver les week-ends. Photo Thomas Toussaint<\/p>\n<p>                        &#13;<br \/>\n                                           &#13;\n                <\/li>\n<p>&#13;<br \/>\n            &#13;\n                <\/ul>\n","protected":false},"excerpt":{"rendered":"La Foire europ\u00e9enne de Strasbourg 2025 reste le rendez-vous des bonnes affaires. Ses organisateurs\u00a0l&rsquo;\u00e9toffent davantage chaque ann\u00e9e d&rsquo;animations&hellip;\n","protected":false},"author":2,"featured_media":372794,"comment_status":"","ping_status":"","sticky":false,"template":"","format":"standard","meta":{"footnotes":""},"categories":[2820],"tags":[1111,11,327,1477,1687,33,2880,1777,674,1685,49688,1011,27,5325,2798,775,12,25,640],"class_list":{"0":"post-372793","1":"post","2":"type-post","3":"status-publish","4":"format-standard","5":"has-post-thumbnail","7":"category-strasbourg","8":"tag-actu","9":"tag-actualites","10":"tag-agriculture","11":"tag-artisanat","12":"tag-culture-loisirs","13":"tag-economie","14":"tag-edition-strasbourg","15":"tag-eu","16":"tag-europe","17":"tag-foire-et-salon","18":"tag-foire-europeenne","19":"tag-fr","20":"tag-france","21":"tag-galerie-media","22":"tag-galerie-photo","23":"tag-grand-est","24":"tag-news","25":"tag-republique-francaise","26":"tag-strasbourg"},"share_on_mastodon":{"url":"https:\/\/pubeurope.com\/@fr\/115162645429460780","error":""},"_links":{"self":[{"href":"https:\/\/www.europesays.com\/fr\/wp-json\/wp\/v2\/posts\/372793","targetHints":{"allow":["GET"]}}],"collection":[{"href":"https:\/\/www.europesays.com\/fr\/wp-json\/wp\/v2\/posts"}],"about":[{"href":"https:\/\/www.europesays.com\/fr\/wp-json\/wp\/v2\/types\/post"}],"author":[{"embeddable":true,"href":"https:\/\/www.europesays.com\/fr\/wp-json\/wp\/v2\/users\/2"}],"replies":[{"embeddable":true,"href":"https:\/\/www.europesays.com\/fr\/wp-json\/wp\/v2\/comments?post=372793"}],"version-history":[{"count":0,"href":"https:\/\/www.europesays.com\/fr\/wp-json\/wp\/v2\/posts\/372793\/revisions"}],"wp:featuredmedia":[{"embeddable":true,"href":"https:\/\/www.europesays.com\/fr\/wp-json\/wp\/v2\/media\/372794"}],"wp:attachment":[{"href":"https:\/\/www.europesays.com\/fr\/wp-json\/wp\/v2\/media?parent=372793"}],"wp:term":[{"taxonomy":"category","embeddable":true,"href":"https:\/\/www.europesays.com\/fr\/wp-json\/wp\/v2\/categories?post=372793"},{"taxonomy":"post_tag","embeddable":true,"href":"https:\/\/www.europesays.com\/fr\/wp-json\/wp\/v2\/tags?post=372793"}],"curies":[{"name":"wp","href":"https:\/\/api.w.org\/{rel}","templated":true}]}}