{"id":372795,"date":"2025-09-07T10:54:26","date_gmt":"2025-09-07T10:54:26","guid":{"rendered":"https:\/\/www.europesays.com\/fr\/372795\/"},"modified":"2025-09-07T10:54:26","modified_gmt":"2025-09-07T10:54:26","slug":"nice-les-musees-municipaux-seront-ouverts-pendant-2","status":"publish","type":"post","link":"https:\/\/www.europesays.com\/fr\/372795\/","title":{"rendered":"Nice : les mus\u00e9es municipaux seront ouverts pendant\u00a0(\u2026)"},"content":{"rendered":"<p>Durant la 3e Conf\u00e9rence des Nations-Unies, Christian Estrosi, maire de Nice, a souhait\u00e9 que tous les mus\u00e9es de la ville soient ouverts au public du 9 juin au 13 juin, y compris le jour de leur fermeture hebdomadaire. L\u2019occasion pour les Ni\u00e7ois et les nombreux visiteurs de d\u00e9couvrir ou red\u00e9couvrir les 11 expositions de la Biennale des Arts et de l\u2019Oc\u00e9an.<\/p>\n<p>Horaires des mus\u00e9es <\/p>\n<p>Mus\u00e9e Matisse \u2013 10h-18h<br class=\"autobr\"\/><br \/>\nMus\u00e9e des Beaux-Arts Jules Ch\u00e9ret \u2013 10h-18h<br class=\"autobr\"\/><br \/>\nMus\u00e9e de la Photographie Charles N\u00e8gre \u2013 10h-18h<br class=\"autobr\"\/><br \/>\n\u00c0 noter\u00a0: <strong>Seul le mus\u00e9e de la Photographie Charles N\u00e8gre sera exceptionnellement ferm\u00e9 le dimanche 8 juin.<\/strong><br class=\"autobr\"\/><br \/>\nMus\u00e9e d\u2019Arch\u00e9ologie de Nice-Cimiez \u2013 10h-18h<br class=\"autobr\"\/><br \/>\nMus\u00e9e de Pr\u00e9histoire de Terra Amata \u2013 10h-18h<br class=\"autobr\"\/><br \/>\nMus\u00e9e Mass\u00e9na \u2013 10h-18h<br class=\"autobr\"\/><br \/>\nPalais Lascaris \u2013 10h -18h<\/p>\n<p>Retrouver le <a href=\"https:\/\/anneedelamer.nice.fr\/biennale-des-arts-et-de-locean\/\" class=\"spip_out\" rel=\"external nofollow noopener\" target=\"_blank\">programme de la Biennale et des expositions en cours sur le sit\u00e9 d\u00e9di\u00e9<\/a><\/p>\n<p>Visuel de Une (d\u00e9tail) du visuel de l\u2019\u00e9v\u00e9nement \u00a9dR<\/p>\n","protected":false},"excerpt":{"rendered":"Durant la 3e Conf\u00e9rence des Nations-Unies, Christian Estrosi, maire de Nice, a souhait\u00e9 que tous les mus\u00e9es de&hellip;\n","protected":false},"author":2,"featured_media":156571,"comment_status":"","ping_status":"","sticky":false,"template":"","format":"standard","meta":{"footnotes":""},"categories":[2819],"tags":[1111,11,1777,674,1011,27,12,2401,882,25],"class_list":{"0":"post-372795","1":"post","2":"type-post","3":"status-publish","4":"format-standard","5":"has-post-thumbnail","7":"category-nice","8":"tag-actu","9":"tag-actualites","10":"tag-eu","11":"tag-europe","12":"tag-fr","13":"tag-france","14":"tag-news","15":"tag-nice","16":"tag-provence-alpes-cote-dazur","17":"tag-republique-francaise"},"share_on_mastodon":{"url":"https:\/\/pubeurope.com\/@fr\/115162648769014403","error":""},"_links":{"self":[{"href":"https:\/\/www.europesays.com\/fr\/wp-json\/wp\/v2\/posts\/372795","targetHints":{"allow":["GET"]}}],"collection":[{"href":"https:\/\/www.europesays.com\/fr\/wp-json\/wp\/v2\/posts"}],"about":[{"href":"https:\/\/www.europesays.com\/fr\/wp-json\/wp\/v2\/types\/post"}],"author":[{"embeddable":true,"href":"https:\/\/www.europesays.com\/fr\/wp-json\/wp\/v2\/users\/2"}],"replies":[{"embeddable":true,"href":"https:\/\/www.europesays.com\/fr\/wp-json\/wp\/v2\/comments?post=372795"}],"version-history":[{"count":0,"href":"https:\/\/www.europesays.com\/fr\/wp-json\/wp\/v2\/posts\/372795\/revisions"}],"wp:featuredmedia":[{"embeddable":true,"href":"https:\/\/www.europesays.com\/fr\/wp-json\/wp\/v2\/media\/156571"}],"wp:attachment":[{"href":"https:\/\/www.europesays.com\/fr\/wp-json\/wp\/v2\/media?parent=372795"}],"wp:term":[{"taxonomy":"category","embeddable":true,"href":"https:\/\/www.europesays.com\/fr\/wp-json\/wp\/v2\/categories?post=372795"},{"taxonomy":"post_tag","embeddable":true,"href":"https:\/\/www.europesays.com\/fr\/wp-json\/wp\/v2\/tags?post=372795"}],"curies":[{"name":"wp","href":"https:\/\/api.w.org\/{rel}","templated":true}]}}