{"id":372796,"date":"2025-09-07T10:55:13","date_gmt":"2025-09-07T10:55:13","guid":{"rendered":"https:\/\/www.europesays.com\/fr\/372796\/"},"modified":"2025-09-07T10:55:13","modified_gmt":"2025-09-07T10:55:13","slug":"la-palestine-au-coeur-du-festival-de-cinema-a-nice","status":"publish","type":"post","link":"https:\/\/www.europesays.com\/fr\/372796\/","title":{"rendered":"La Palestine au c\u0153ur du Festival de cin\u00e9ma \u00e0 Nice"},"content":{"rendered":"<p><strong>Organis\u00e9e par le Mouvement contre le racisme et l\u2019amiti\u00e9 entre les peuples 06, la deuxi\u00e8me \u00e9dition du Festival la Palestine au cin\u00e9ma se d\u00e9roulera du 12 au 26 septembre 2025 \u00e0 Nice et \u00e0 Montpellier.\u00a0<\/strong><\/p>\n<p>Un an apr\u00e8s la premi\u00e8re \u00e9dition du <a href=\"https:\/\/www.instagram.com\/lapalestineaucinema\/\" target=\"_blank\" data-type=\"link\" data-id=\"https:\/\/www.instagram.com\/lapalestineaucinema\/\" rel=\"noreferrer noopener nofollow\">Festival La Palestine au cin\u00e9ma <\/a>\u00e0 Nice et Valbonne, l\u2019\u00e9v\u00e9nement revient \u00e0 Nice et \u00e0 Montpellier du 12 au 26 septembre 2025. Selon le <strong>Mouvement contre le racisme et l\u2019amiti\u00e9 entre les peuples 06<\/strong>, les six films pr\u00e9sents sur l\u2019affiche \u00e0 Nice abordent les diverses facettes et r\u00e9alit\u00e9s de la colonisation et de la guerre g\u00e9nocidaire en Palestine.\u00a0<\/p>\n<p>\u00c0 la fin des s\u00e9ances, selon l\u2019organisation, il est essentiel de discuter avec les \u00e9quipes des films. Parmi ces longs m\u00e9trages, on peut citer Omar, r\u00e9alis\u00e9 en 2013, <strong>From Ground Zero<\/strong>, sorti en salle en 2025, A State of passion, produit en 2024, The encampments sorti en 2025, Wardi\u00a0en 2019 et\u00a03 000 nuits,\u00a0sorti en 2017.\u00a0<\/p>\n<p><strong>Le cin\u00e9ma, un moyen de r\u00e9sister <\/strong><\/p>\n<p>Tous les b\u00e9n\u00e9fices de ces \u00e9v\u00e9nements seront redistribu\u00e9s \u00e0 la <a href=\"https:\/\/www.nicepremium.fr\/associations\/manifestation-pour-la-palestine-sur-la-promenade-des-anglais-on-vous-fait-le-point\/\" data-type=\"link\" data-id=\"https:\/\/www.nicepremium.fr\/associations\/manifestation-pour-la-palestine-sur-la-promenade-des-anglais-on-vous-fait-le-point\/\" target=\"_blank\" rel=\"noreferrer noopener nofollow\">bande de Gaza<\/a><strong>,<\/strong> selon <strong>l\u2019association MRAP<\/strong>. Pour le Mouvement contre le racisme et pour l\u2019amiti\u00e9 entre les peuples 06, le cin\u00e9ma permet aux Palestiniens de donner de la vitalit\u00e9 \u00e0 une population qui refuse de dispara\u00eetre et expose son quotidien inhumain.<\/p>\n<p>Cr\u00e9\u00e9 en 1949, le <strong>MRAP<\/strong> est n\u00e9 dans la clandestinit\u00e9 et la r\u00e9sistance au nazisme et au fascisme, \u00e0 l\u2019initiative d\u2019anciens r\u00e9sistants et d\u00e9port\u00e9s. Il s\u2019est engag\u00e9 \u00e0 lutter contre toutes les manifestations de racisme, \u00e0 promouvoir l\u2019amiti\u00e9 entre les peuples et \u00e0 promouvoir l\u2019\u00e9galit\u00e9 des droits entre tous les individus.<\/p>\n<p><script async src=\"\/\/www.instagram.com\/embed.js\"><\/script><\/p>\n","protected":false},"excerpt":{"rendered":"Organis\u00e9e par le Mouvement contre le racisme et l\u2019amiti\u00e9 entre les peuples 06, la deuxi\u00e8me \u00e9dition du Festival&hellip;\n","protected":false},"author":2,"featured_media":372797,"comment_status":"","ping_status":"","sticky":false,"template":"","format":"standard","meta":{"footnotes":""},"categories":[2819],"tags":[1111,11,1777,674,1011,27,12,2401,882,25],"class_list":{"0":"post-372796","1":"post","2":"type-post","3":"status-publish","4":"format-standard","5":"has-post-thumbnail","7":"category-nice","8":"tag-actu","9":"tag-actualites","10":"tag-eu","11":"tag-europe","12":"tag-fr","13":"tag-france","14":"tag-news","15":"tag-nice","16":"tag-provence-alpes-cote-dazur","17":"tag-republique-francaise"},"share_on_mastodon":{"url":"https:\/\/pubeurope.com\/@fr\/115162652521388541","error":""},"_links":{"self":[{"href":"https:\/\/www.europesays.com\/fr\/wp-json\/wp\/v2\/posts\/372796","targetHints":{"allow":["GET"]}}],"collection":[{"href":"https:\/\/www.europesays.com\/fr\/wp-json\/wp\/v2\/posts"}],"about":[{"href":"https:\/\/www.europesays.com\/fr\/wp-json\/wp\/v2\/types\/post"}],"author":[{"embeddable":true,"href":"https:\/\/www.europesays.com\/fr\/wp-json\/wp\/v2\/users\/2"}],"replies":[{"embeddable":true,"href":"https:\/\/www.europesays.com\/fr\/wp-json\/wp\/v2\/comments?post=372796"}],"version-history":[{"count":0,"href":"https:\/\/www.europesays.com\/fr\/wp-json\/wp\/v2\/posts\/372796\/revisions"}],"wp:featuredmedia":[{"embeddable":true,"href":"https:\/\/www.europesays.com\/fr\/wp-json\/wp\/v2\/media\/372797"}],"wp:attachment":[{"href":"https:\/\/www.europesays.com\/fr\/wp-json\/wp\/v2\/media?parent=372796"}],"wp:term":[{"taxonomy":"category","embeddable":true,"href":"https:\/\/www.europesays.com\/fr\/wp-json\/wp\/v2\/categories?post=372796"},{"taxonomy":"post_tag","embeddable":true,"href":"https:\/\/www.europesays.com\/fr\/wp-json\/wp\/v2\/tags?post=372796"}],"curies":[{"name":"wp","href":"https:\/\/api.w.org\/{rel}","templated":true}]}}