{"id":372798,"date":"2025-09-07T10:57:08","date_gmt":"2025-09-07T10:57:08","guid":{"rendered":"https:\/\/www.europesays.com\/fr\/372798\/"},"modified":"2025-09-07T10:57:08","modified_gmt":"2025-09-07T10:57:08","slug":"malgre-linterdiction-de-fumer-aux-arrets-de-bus-ou-de-tram-les-usagers-nantais-ont-toujours-la-clope-au-bec","status":"publish","type":"post","link":"https:\/\/www.europesays.com\/fr\/372798\/","title":{"rendered":"Malgr\u00e9 l\u2019interdiction de fumer aux arr\u00eats de bus ou de tram, les usagers nantais ont toujours la clope au bec"},"content":{"rendered":"<p class=\"mb-4 text-lg md:leading-8 break-words\"><strong>pas vu, pas pris &#8211; L\u2019interdiction de fumer aux arr\u00eats des transports en commun est effective depuis le 1er\u00a0juillet partout en France. Dans la Cit\u00e9 des Ducs, la nouvelle s\u2019est propag\u00e9e\u2026 sans pour autant \u00eatre respect\u00e9e<\/strong><\/p>\n<p class=\"mb-4 text-lg md:leading-8 break-words\">L\u2019arriv\u00e9e du tramway se fait d\u00e9sirer arr\u00eat M\u00e9diath\u00e8que, \u00e0 <a href=\"https:\/\/www.20minutes.fr\/nantes\/?at_medium=RSS%20feed&amp;at_campaign=ynews&amp;utm_source=yahoo&amp;utm_medium=rss&amp;utm_campaign=news_feed&amp;utm_content=in_article_link\" rel=\"nofollow noopener\" target=\"_blank\" data-ylk=\"slk:Nantes;elm:context_link;itc:0;sec:content-canvas\" class=\"link \">Nantes<\/a>, ce jeudi matin. Impatient, Robert, 60 ans, sort une cigarette qu\u2019il allume par automatisme. Au-dessus de lui, le panneau d\u2019affichage annonce pourtant un message clair\u00a0: \u00ab\u00a0Fumer \u00e0 l\u2019arr\u00eat est <a href=\"https:\/\/www.service-public.fr\/particuliers\/actualites\/A18351?at_medium=RSS%20feed&amp;at_campaign=ynews&amp;utm_source=yahoo&amp;utm_medium=rss&amp;utm_campaign=news_feed&amp;utm_content=in_article_link\" rel=\"nofollow noopener\" target=\"_blank\" data-ylk=\"slk:interdit depuis le 01\/07\/2025;elm:context_link;itc:0;sec:content-canvas\" class=\"link \">interdit depuis le 01\/07\/2025<\/a>\u00a0\u00bb.<\/p>\n<p><img alt=\"null\" loading=\"lazy\" width=\"960\" height=\"720\" decoding=\"async\" data-nimg=\"1\" class=\"rounded-lg\" style=\"color:transparent\" src=\"https:\/\/www.europesays.com\/fr\/wp-content\/uploads\/2025\/09\/1cb1e7bb463fa55137ee16336c0b609e.jpeg\"\/><\/p>\n<p>null<\/p>\n<p class=\"mb-4 text-lg md:leading-8 break-words\">Depuis le d\u00e9but de l\u2019\u00e9t\u00e9, de nouveaux lieux ext\u00e9rieurs sont concern\u00e9s par l\u2019<a href=\"https:\/\/www.20minutes.fr\/sante\/4131696-20250104-cigarette-si-france-interdisait-totalement-fumer-dehors-comme-milan?at_medium=RSS%20feed&amp;at_campaign=ynews&amp;utm_source=yahoo&amp;utm_medium=rss&amp;utm_campaign=news_feed&amp;utm_content=in_article_link\" rel=\"nofollow noopener\" target=\"_blank\" data-ylk=\"slk:interdiction de fumer;elm:context_link;itc:0;sec:content-canvas\" class=\"link \">interdiction de fumer<\/a>, dans le but de pr\u00e9venir les addictions et de prot\u00e9ger les plus jeunes. C\u2019est le cas pour les parcs et jardins publics, les plages, les abords des <a href=\"https:\/\/www.20minutes.fr\/faits_divers\/4170956-20250903-brest-ecole-evacuee-apres-decouverte-poudre-suspecte?at_medium=RSS%20feed&amp;at_campaign=ynews&amp;utm_source=yahoo&amp;utm_medium=rss&amp;utm_campaign=news_feed&amp;utm_content=in_article_link\" rel=\"nofollow noopener\" target=\"_blank\" data-ylk=\"slk:\u00e9tablissements scolaires;elm:context_link;itc:0;sec:content-canvas\" class=\"link \">\u00e9tablissements scolaires<\/a>, des biblioth\u00e8ques, des piscines et autres installations sportives\u2026 et donc des abribus et zones couvertes d\u2019attente des voyageurs.<\/p>\n<p>\u00ab\u00a0Je n\u2019ai pas la sensation de d\u00e9ranger\u00a0\u00bb<\/p>\n<p class=\"mb-4 text-lg md:leading-8 break-words\">Cette information, le Nantais l\u2019a bien en t\u00eate. \u00ab\u00a0Mais ce n\u2019est pas \u00e7a qui va m\u2019emp\u00eacher de fumer\u00a0\u00bb, s\u2019amuse-t-il. Fumeur de longue date, le sexag\u00e9naire consid\u00e8re faire \u00ab\u00a0assez attention\u00a0\u00bb \u00e0 la population qui l\u2019entoure, et notamment \u00e0 la pr\u00e9sence d\u2019enfants aux abords de la ligne de tram. \u00ab\u00a0J\u2019ai moi-m\u00eame des petits-enfants, alors je fais toujours en sorte de m\u2019adapter. Quand j\u2019allume une <a href=\"https:\/\/www.20minutes.fr\/justice\/4167319-20250809-paris-homme-allume-cigarette-flamme-soldat-inconnu-condamne?at_medium=RSS%20feed&amp;at_campaign=ynews&amp;utm_source=yahoo&amp;utm_medium=rss&amp;utm_campaign=news_feed&amp;utm_content=in_article_link\" rel=\"nofollow noopener\" target=\"_blank\" data-ylk=\"slk:cigarette;elm:context_link;itc:0;sec:content-canvas\" class=\"link \">cigarette<\/a> en attendant les transports, je m\u2019\u00e9loigne un peu de l\u2019abri.\u00a0\u00bb Dans un parc ou sur le parvis d\u2019une \u00e9cole, il affirme ne pas avoir le m\u00eame comportement, \u00ab\u00a0mais ici, je n\u2019ai pas la sensation de d\u00e9ranger\u00a0\u00bb.<\/p>\n<p class=\"mb-4 text-lg md:leading-8 break-words\">A une dizaine de m\u00e8tres, Tracy, 26 ans, regarde le panneau d\u2019affichage tout en gardant un \u0153il sur son fils install\u00e9 dans sa poussette. En deux mois, la jeune femm(&#8230;)<\/p>\n<p class=\"mb-4 text-lg md:leading-8 break-words\"><a href=\"https:\/\/www.20minutes.fr\/societe\/4171216-20250905-malgre-interdiction-fumer-arrets-bus-tram-usagers-nantais-toujours-clope-bec?at_medium=RSS%20feed&amp;at_campaign=ynews&amp;utm_source=yahoo&amp;utm_medium=rss&amp;utm_campaign=news_feed&amp;utm_content=read_more_link&quot;\" rel=\"nofollow noopener\" target=\"_blank\" data-ylk=\"slk:Lire la suite sur 20minutes;elm:context_link;itc:0;sec:content-canvas\" class=\"link \">Lire la suite sur 20minutes<\/a><\/p>\n<p>\u00c0 lire aussi :<br \/><a href=\"https:\/\/www.20minutes.fr\/societe\/4161422-20250702-comprends-ca-puisse-gener-gens-plages-interdiction-fumer-fait-trop-tousser?at_medium=RSS%20feed&amp;at_campaign=ynews&amp;utm_source=yahoo&amp;utm_medium=rss&amp;utm_campaign=news_feed&amp;utm_content=related_content_link\" rel=\"nofollow noopener\" target=\"_blank\" data-ylk=\"slk:\u00ab\u00a0Je comprends que \u00e7a puisse g\u00eaner les gens\u00a0\u00bb\u2026 Sur les plages, l\u2019interdiction de fumer ne fait pas trop tousser;elm:context_link;itc:0;sec:content-canvas\" class=\"link \">\u00ab\u00a0Je comprends que \u00e7a puisse g\u00eaner les gens\u00a0\u00bb\u2026 Sur les plages, l\u2019interdiction de fumer ne fait pas trop tousser<\/a><br \/><a href=\"https:\/\/www.20minutes.fr\/societe\/4156140-20250530-terrasses-angle-mort-future-interdiction-fumer-lieux-enfants?at_medium=RSS%20feed&amp;at_campaign=ynews&amp;utm_source=yahoo&amp;utm_medium=rss&amp;utm_campaign=news_feed&amp;utm_content=related_content_link\" rel=\"nofollow noopener\" target=\"_blank\" data-ylk=\"slk:Les terrasses, angle mort de la future interdiction de fumer dans les lieux avec enfants;elm:context_link;itc:0;sec:content-canvas\" class=\"link \">Les terrasses, angle mort de la future interdiction de fumer dans les lieux avec enfants<\/a><\/p>\n","protected":false},"excerpt":{"rendered":"pas vu, pas pris &#8211; L\u2019interdiction de fumer aux arr\u00eats des transports en commun est effective depuis le&hellip;\n","protected":false},"author":2,"featured_media":372799,"comment_status":"","ping_status":"","sticky":false,"template":"","format":"standard","meta":{"footnotes":""},"categories":[2818],"tags":[1111,11,1777,674,1011,27,766,12,50701,2636,25,2216],"class_list":{"0":"post-372798","1":"post","2":"type-post","3":"status-publish","4":"format-standard","5":"has-post-thumbnail","7":"category-nantes","8":"tag-actu","9":"tag-actualites","10":"tag-eu","11":"tag-europe","12":"tag-fr","13":"tag-france","14":"tag-nantes","15":"tag-news","16":"tag-panneau-daffichage","17":"tag-pays-de-la-loire","18":"tag-republique-francaise","19":"tag-transports-en-commun"},"share_on_mastodon":{"url":"https:\/\/pubeurope.com\/@fr\/115162660425867956","error":""},"_links":{"self":[{"href":"https:\/\/www.europesays.com\/fr\/wp-json\/wp\/v2\/posts\/372798","targetHints":{"allow":["GET"]}}],"collection":[{"href":"https:\/\/www.europesays.com\/fr\/wp-json\/wp\/v2\/posts"}],"about":[{"href":"https:\/\/www.europesays.com\/fr\/wp-json\/wp\/v2\/types\/post"}],"author":[{"embeddable":true,"href":"https:\/\/www.europesays.com\/fr\/wp-json\/wp\/v2\/users\/2"}],"replies":[{"embeddable":true,"href":"https:\/\/www.europesays.com\/fr\/wp-json\/wp\/v2\/comments?post=372798"}],"version-history":[{"count":0,"href":"https:\/\/www.europesays.com\/fr\/wp-json\/wp\/v2\/posts\/372798\/revisions"}],"wp:featuredmedia":[{"embeddable":true,"href":"https:\/\/www.europesays.com\/fr\/wp-json\/wp\/v2\/media\/372799"}],"wp:attachment":[{"href":"https:\/\/www.europesays.com\/fr\/wp-json\/wp\/v2\/media?parent=372798"}],"wp:term":[{"taxonomy":"category","embeddable":true,"href":"https:\/\/www.europesays.com\/fr\/wp-json\/wp\/v2\/categories?post=372798"},{"taxonomy":"post_tag","embeddable":true,"href":"https:\/\/www.europesays.com\/fr\/wp-json\/wp\/v2\/tags?post=372798"}],"curies":[{"name":"wp","href":"https:\/\/api.w.org\/{rel}","templated":true}]}}