{"id":372800,"date":"2025-09-07T10:59:22","date_gmt":"2025-09-07T10:59:22","guid":{"rendered":"https:\/\/www.europesays.com\/fr\/372800\/"},"modified":"2025-09-07T10:59:22","modified_gmt":"2025-09-07T10:59:22","slug":"luis-castro-serieusement-blesse-au-genou-lors-dun-match-avec-le-staff-2","status":"publish","type":"post","link":"https:\/\/www.europesays.com\/fr\/372800\/","title":{"rendered":"Luis Castro s\u00e9rieusement bless\u00e9 au genou lors d\u2019un match avec le staff"},"content":{"rendered":"<p class=\"mb-4 text-lg md:leading-8 break-words\">D\u2019habitude, ce sont les coaches qui tremblent pendant la tr\u00eave internationale, craignant de r\u00e9cup\u00e9rer un joueur bless\u00e9. A Nantes, ce sont les joueurs qui vont retrouver leur coach out.<\/p>\n<p class=\"mb-4 text-lg md:leading-8 break-words\">Comme r\u00e9v\u00e9l\u00e9 vendredi par <a href=\"https:\/\/www.ouest-france.fr\/sport\/football\/fc-nantes\/info-ouest-france-lentraineur-du-fc-nantes-se-blesse-lors-dun-match-improvise-9a20a860-8a79-11f0-a86a-c405a2987708\" rel=\"nofollow noopener\" target=\"_blank\" data-ylk=\"slk:Ouest-France;elm:context_link;itc:0;sec:content-canvas\" class=\"link \">Ouest-France<\/a>, Luis Castro s\u2019est peut-\u00eatre gravement bless\u00e9 au genou lors d\u2019un match improvis\u00e9 disput\u00e9 jeudi avec les membres du staff. D\u2019apr\u00e8s le m\u00e9dia r\u00e9gional, l\u2019ex-coach de Dunkerque s\u2019est pr\u00e9sent\u00e9 avec une attelle ce vendredi \u00e0 l\u2019occasion d\u2019une opposition entre son \u00e9quipe et Le Mans (1-1).<\/p>\n<p>La crainte d&rsquo;une rupture des ligaments crois\u00e9s<\/p>\n<p class=\"mb-4 text-lg md:leading-8 break-words\">Luis Castro souffrirait d\u2019une entorse mais les examens compl\u00e9mentaires pourraient r\u00e9v\u00e9ler une blessure beaucoup plus s\u00e9rieuse puisqu&rsquo;on craint une rupture des ligaments crois\u00e9s. Le FC Nantes est 13e de Ligue 1 avant d&rsquo;affronter Nice \u00e0 l&rsquo;Allianz Riviera dans une semaine.<\/p>\n<p class=\"mb-4 text-lg md:leading-8 break-words\">Les entra\u00eeneurs de Ligue 1 ne sont pas vernis en ce d\u00e9but de tr\u00eave internationale.<a href=\"https:\/\/fr.news.yahoo.com\/sport\/chute-%C3%A0-v%C3%A9lo-prise-charge-202756958.html\" data-ylk=\"slk:Le coach du PSG Luis Enrique a chut\u00e9 \u00e0 v\u00e9lo;elm:context_link;itc:0;sec:content-canvas;outcm:mb_qualified_link;_E:mb_qualified_link;ct:story;\" class=\"link  yahoo-link\" target=\"_blank\" rel=\"noopener\"> Le coach du PSG Luis Enrique a chut\u00e9 \u00e0 v\u00e9lo<\/a> vendredi. Il va se faire op\u00e9rer pour une fracture de la clavicule, a indiqu\u00e9 le club parisien.<\/p>\n<p class=\"mb-4 text-lg md:leading-8 break-words\"><a href=\"https:\/\/rmcsport.bfmtv.com\/football\/ligue-1\/une-tuile-etonnante-pour-le-fc-nantes-luis-castro-serieusement-blesse-au-genou-lors-d-un-match-avec-le-staff_AV-202509050912.html#xtor=AL-68\" rel=\"nofollow noopener\" target=\"_blank\" data-ylk=\"slk:Article original publi\u00e9 sur RMC Sport;elm:context_link;itc:0;sec:content-canvas\" class=\"link \">Article original publi\u00e9 sur RMC Sport<\/a><\/p>\n","protected":false},"excerpt":{"rendered":"D\u2019habitude, ce sont les coaches qui tremblent pendant la tr\u00eave internationale, craignant de r\u00e9cup\u00e9rer un joueur bless\u00e9. A&hellip;\n","protected":false},"author":2,"featured_media":372801,"comment_status":"","ping_status":"","sticky":false,"template":"","format":"standard","meta":{"footnotes":""},"categories":[2818],"tags":[1111,11,3916,44758,1777,674,462,1011,50703,27,50702,88,766,12,7418,2636,25],"class_list":{"0":"post-372800","1":"post","2":"type-post","3":"status-publish","4":"format-standard","5":"has-post-thumbnail","7":"category-nantes","8":"tag-actu","9":"tag-actualites","10":"tag-blesse","11":"tag-club-parisien","12":"tag-eu","13":"tag-europe","14":"tag-fc-nantes","15":"tag-fr","16":"tag-fracture-de-la-clavicule","17":"tag-france","18":"tag-ligaments-croises","19":"tag-luis-castro","20":"tag-nantes","21":"tag-news","22":"tag-ouest-france","23":"tag-pays-de-la-loire","24":"tag-republique-francaise"},"share_on_mastodon":{"url":"https:\/\/pubeurope.com\/@fr\/115162668253545364","error":""},"_links":{"self":[{"href":"https:\/\/www.europesays.com\/fr\/wp-json\/wp\/v2\/posts\/372800","targetHints":{"allow":["GET"]}}],"collection":[{"href":"https:\/\/www.europesays.com\/fr\/wp-json\/wp\/v2\/posts"}],"about":[{"href":"https:\/\/www.europesays.com\/fr\/wp-json\/wp\/v2\/types\/post"}],"author":[{"embeddable":true,"href":"https:\/\/www.europesays.com\/fr\/wp-json\/wp\/v2\/users\/2"}],"replies":[{"embeddable":true,"href":"https:\/\/www.europesays.com\/fr\/wp-json\/wp\/v2\/comments?post=372800"}],"version-history":[{"count":0,"href":"https:\/\/www.europesays.com\/fr\/wp-json\/wp\/v2\/posts\/372800\/revisions"}],"wp:featuredmedia":[{"embeddable":true,"href":"https:\/\/www.europesays.com\/fr\/wp-json\/wp\/v2\/media\/372801"}],"wp:attachment":[{"href":"https:\/\/www.europesays.com\/fr\/wp-json\/wp\/v2\/media?parent=372800"}],"wp:term":[{"taxonomy":"category","embeddable":true,"href":"https:\/\/www.europesays.com\/fr\/wp-json\/wp\/v2\/categories?post=372800"},{"taxonomy":"post_tag","embeddable":true,"href":"https:\/\/www.europesays.com\/fr\/wp-json\/wp\/v2\/tags?post=372800"}],"curies":[{"name":"wp","href":"https:\/\/api.w.org\/{rel}","templated":true}]}}