{"id":372806,"date":"2025-09-07T11:03:12","date_gmt":"2025-09-07T11:03:12","guid":{"rendered":"https:\/\/www.europesays.com\/fr\/372806\/"},"modified":"2025-09-07T11:03:12","modified_gmt":"2025-09-07T11:03:12","slug":"toulouse-blesse-a-larme-blanche-un-homme-dune-trentaine-dannees-decouvert-dans-la-rue-par-la-police","status":"publish","type":"post","link":"https:\/\/www.europesays.com\/fr\/372806\/","title":{"rendered":"Toulouse. Bless\u00e9 \u00e0 l&rsquo;arme blanche, un homme d&rsquo;une trentaine d&rsquo;ann\u00e9es d\u00e9couvert dans la rue par la police"},"content":{"rendered":"<p>            Par<br \/>\n        <strong><br \/>\n            <a href=\"https:\/\/actu.fr\/auteur\/david-saint-sernin\" title=\"Consulter tous les articles de David Saint-Sernin\" rel=\"nofollow noopener\" target=\"_blank\">David Saint-Sernin<\/a><br \/>\n        <\/strong><\/p>\n<p>        Publi\u00e9 le<\/p>\n<p>            7 sept. 2025 \u00e0 12h15        <\/p>\n<p>Dimanche 7\u00a0septembre 2025, un homme a \u00e9t\u00e9 d\u00e9couvert, <strong>bless\u00e9 par arme blanche<\/strong>, dans le <a href=\"https:\/\/actu.fr\/occitanie\/toulouse_31555\/toulouse-la-rehabilitation-de-cette-residence-pres-du-periph-augure-de-profonds-changements_60451489.html\" rel=\"nofollow noopener\" target=\"_blank\">quartier Tabar, au sud-ouest de Toulouse<\/a>.<\/p>\n<p class=\" wall-content\">Il \u00e9tait 5h50 quand l\u2019individu, \u00e2g\u00e9 d\u2019une trentaine d\u2019ann\u00e9es, a \u00e9t\u00e9 d\u00e9couvert en pleine rue, au pied d\u2019un immeuble, par une patrouille de police.<\/p>\n<p>Son pronostic vital pas engag\u00e9<\/p>\n<p class=\" wall-content\">\u00ab\u2009Il avait \u00e9t\u00e9 bless\u00e9 au flanc avec un objet contondant. Son pronostic vital n\u2019\u00e9tait pas engag\u00e9. Il ne s\u2019est pas montr\u00e9 tr\u00e8s coop\u00e9ratif quand nos agents lui ont demand\u00e9 de raconter ce qu\u2019il s\u2019\u00e9tait pass\u00e9\u2026\u2009\u00bb, indique \u00e0 Actu Toulouse une source polici\u00e8re.<\/p>\n<p class=\" wall-content\">Les pompiers de Haute-Garonne lui ont port\u00e9 assistance, pour soigner sa plaie. Il a \u00e9t\u00e9 transport\u00e9 au CHU de Toulouse.<\/p>\n<p>    <a href=\"https:\/\/www.google.com\/maps\/embed?pb=!1m18!1m12!1m3!1d155551.25985526724!2d1.3538862857370897!3d43.57833936027095!2m3!1f0!2f0!3f0!3m2!1i1024!2i768!4f13.1!3m3!1m2!1s0x12aebbc812735491%3A0xadeb1f6ce557f86f!2s11%20Rue%20de%20la%20Sarthe%2C%2031100%20Toulouse!5e0!3m2!1sfr!2sfr!4v1757239910577!5m2!1sfr!2sfr\" title=\"Ouvrie le lien\" rel=\"nofollow noopener\" target=\"_blank\">Cliquez ici pour visualiser le contenu<\/a><\/p>\n<p class=\" wall-content\">Personnalisez votre actualit\u00e9 en ajoutant vos villes et m\u00e9dias en favori avec <a href=\"https:\/\/moncompte.actu.fr\" title=\"D\u00e9couvez Mon Actu\" rel=\"nofollow noopener\" data-trk=\"{&quot;cta&quot;:{&quot;action&quot;:&quot;https:\\\/\\\/moncompte.actu.fr&quot;,&quot;category&quot;:&quot;mon compte&quot;,&quot;from&quot;:&quot;article footer&quot;,&quot;name&quot;:&quot;Mon actu&quot;,&quot;type&quot;:&quot;cta&quot;}}\" target=\"_blank\">Mon Actu<\/a>.<\/p>\n","protected":false},"excerpt":{"rendered":"Par David Saint-Sernin Publi\u00e9 le 7 sept. 2025 \u00e0 12h15 Dimanche 7\u00a0septembre 2025, un homme a \u00e9t\u00e9 d\u00e9couvert,&hellip;\n","protected":false},"author":2,"featured_media":372807,"comment_status":"","ping_status":"","sticky":false,"template":"","format":"standard","meta":{"footnotes":""},"categories":[2816],"tags":[1111,11,1777,674,1011,27,12,2680,1072,1311,25,104,2312],"class_list":{"0":"post-372806","1":"post","2":"type-post","3":"status-publish","4":"format-standard","5":"has-post-thumbnail","7":"category-toulouse","8":"tag-actu","9":"tag-actualites","10":"tag-eu","11":"tag-europe","12":"tag-fr","13":"tag-france","14":"tag-news","15":"tag-occitanie","16":"tag-police","17":"tag-pompiers","18":"tag-republique-francaise","19":"tag-societe","20":"tag-toulouse"},"share_on_mastodon":{"url":"https:\/\/pubeurope.com\/@fr\/115162684106837776","error":""},"_links":{"self":[{"href":"https:\/\/www.europesays.com\/fr\/wp-json\/wp\/v2\/posts\/372806","targetHints":{"allow":["GET"]}}],"collection":[{"href":"https:\/\/www.europesays.com\/fr\/wp-json\/wp\/v2\/posts"}],"about":[{"href":"https:\/\/www.europesays.com\/fr\/wp-json\/wp\/v2\/types\/post"}],"author":[{"embeddable":true,"href":"https:\/\/www.europesays.com\/fr\/wp-json\/wp\/v2\/users\/2"}],"replies":[{"embeddable":true,"href":"https:\/\/www.europesays.com\/fr\/wp-json\/wp\/v2\/comments?post=372806"}],"version-history":[{"count":0,"href":"https:\/\/www.europesays.com\/fr\/wp-json\/wp\/v2\/posts\/372806\/revisions"}],"wp:featuredmedia":[{"embeddable":true,"href":"https:\/\/www.europesays.com\/fr\/wp-json\/wp\/v2\/media\/372807"}],"wp:attachment":[{"href":"https:\/\/www.europesays.com\/fr\/wp-json\/wp\/v2\/media?parent=372806"}],"wp:term":[{"taxonomy":"category","embeddable":true,"href":"https:\/\/www.europesays.com\/fr\/wp-json\/wp\/v2\/categories?post=372806"},{"taxonomy":"post_tag","embeddable":true,"href":"https:\/\/www.europesays.com\/fr\/wp-json\/wp\/v2\/tags?post=372806"}],"curies":[{"name":"wp","href":"https:\/\/api.w.org\/{rel}","templated":true}]}}