{"id":372810,"date":"2025-09-07T11:05:13","date_gmt":"2025-09-07T11:05:13","guid":{"rendered":"https:\/\/www.europesays.com\/fr\/372810\/"},"modified":"2025-09-07T11:05:13","modified_gmt":"2025-09-07T11:05:13","slug":"la-fete-sest-poursuivie-toute-la-nuit-et-des-bradeux-ont-chine-a-lampe-electrique","status":"publish","type":"post","link":"https:\/\/www.europesays.com\/fr\/372810\/","title":{"rendered":"la f\u00eate s&rsquo;est poursuivie toute la nuit et des bradeux ont chin\u00e9 \u00e0 lampe \u00e9lectrique"},"content":{"rendered":"<p class=\"article__intro\">Pas de braderie de Lille sans s&rsquo;amuser toute la nuit. Une fois que les brocanteurs ont remball\u00e9, les DJ montent le son et les bradeux s&rsquo;ambiancent. Pour ceux qui ne se d\u00e9hanchaient pas jusqu&rsquo;au bout de la nuit, sur l&rsquo;esplanade, boulevard Vauban, des chineurs cherchaient la perle rare \u00e0 la lampe \u00e9lectrique.<\/p>\n<p>\n      L\u2019actu des r\u00e9gions\n    <\/p>\n<p>\n      Chaque jour, un tour d\u2019horizon des principales infos de toutes les r\u00e9gions.\n    <\/p>\n<p>    France T\u00e9l\u00e9visions utilise votre adresse e-mail afin de vous envoyer la newsletter \u00ab\u00a0L\u2019actu des r\u00e9gions\u00a0\u00bb. Vous pouvez vous d\u00e9sinscrire \u00e0 tout moment via le lien en bas de cette newsletter. <a target=\"_blank\" href=\"https:\/\/www.francetelevisions.fr\/groupe\/confidentialite\/politique-de-confidentialite\/politique-de-confidentialite-de-france-televisions-6503\" rel=\"nofollow noopener\">Notre politique de confidentialit\u00e9<\/a><\/p>\n<p>C&rsquo;est une esp\u00e8ce de plus en plus rare : les chineurs qui farfouillent entre les \u00e9tals la nuit du samedi au dimanche, lors de la braderie de Lille.<\/p>\n<p>En ce week-end des 6 et 7 septembre 2025, nos \u00e9quipes se sont balad\u00e9es la nuit au sein du plus grand vide-grenier d&rsquo;Europe.\u00a0<\/p>\n<p>Aur\u00e9lie et Guillaume font partie des chineurs noctambules. La nuit du samedi de la braderie de Lille, ils traquent la perle rare sans concurrence, lorsque le gros de la foule s&rsquo;en est all\u00e9.\u00a0<\/p>\n<p><a data-article-figure=\"\" href=\"https:\/\/france3-regions.franceinfo.fr\/image\/y_ZBmP3U-cqc9QFelGRiXyXa3qk\/1920x1080\/regions\/2025\/09\/07\/m-titre-nuit-de-braderie-00-00-00-03-68bd62504b5e8937573178.jpg\" data-pswp-width=\"1920\" data-pswp-height=\"1080\" target=\"_blank\" rel=\"nofollow noopener\"><\/p>\n<p>          <img width=\"600\" height=\"400\" class=\"article-image lazy\" data-src=\"https:\/\/www.europesays.com\/fr\/wp-content\/uploads\/2025\/09\/m-titre-nuit-de-braderie-00-00-00-03-68bd62504b5e8937573178.jpg\" alt=\"Les chineurs s'\u00e9clairent \u00e0 la lampe \u00e9lectrique pour trouver la perle rare en pleine nuit.\" fetchpriority=\"high\" as=\"image\"\/><\/p>\n<p>\n            Les chineurs s&rsquo;\u00e9clairent \u00e0 la lampe \u00e9lectrique pour trouver la perle rare en pleine nuit.<br \/>\n                           \u2022<br \/>\n                                      \u00a9 Adrien Fuzellier \/ FTV\n                      <\/p>\n<p><\/a><\/p>\n<p>\u00ab\u00a0On est un peu nostalgique, je croyais qu&rsquo;il y aurait eu plus de stands ouverts, lance Guillaume. C&rsquo;est sympa de chiner \u00e0 la lampe \u00e9lectrique, mais ce n&rsquo;est pas si facile de faire des trouvailles.\u00a0\u00bb<\/p>\n<p><a data-article-figure=\"\" href=\"https:\/\/france3-regions.franceinfo.fr\/image\/mL1YMKz5SCuPgHNvHSMmqWlnqZQ\/1920x1080\/regions\/2025\/09\/07\/m-titre-nuit-de-braderie-00-00-02-02-68bd62a93a0a4321232304.jpg\" data-pswp-width=\"1920\" data-pswp-height=\"1080\" target=\"_blank\" rel=\"nofollow noopener\"><\/p>\n<p>          <img width=\"600\" height=\"400\" class=\"article-image lazy\" data-src=\"https:\/\/www.europesays.com\/fr\/wp-content\/uploads\/2025\/09\/m-titre-nuit-de-braderie-00-00-02-02-68bd62a93a0a4321232304.jpg\" alt=\"Guillaume chine de bonnes affaires en pleine nuit.\" fetchpriority=\"high\" as=\"image\"\/><\/p>\n<p>\n            Guillaume chine de bonnes affaires en pleine nuit.<br \/>\n                           \u2022<br \/>\n                                      \u00a9 Adrien Fuzellier \/ FTV\n                      <\/p>\n<p><\/a><\/p>\n<p>Aur\u00e9lie, quant \u00e0 elle, \u00e0 un peu plus de 50 ans et en d\u00e9ambulant sur l&rsquo;esplanade, a l&rsquo;impression de \u00ab\u00a0vivre un petit peu ce qu&rsquo;elle a connu quand elle \u00e9tait jeune\u00a0\u00bb.\u00a0<\/p>\n<p>Quelques minutes plus tard et \u00e0 23 heures, l&rsquo;esplanade prend des airs de village fant\u00f4me. Sur les rotules, Simon, 14 ans, aide ses parents \u00e0 remballer, avant quelques heures de repos bien m\u00e9rit\u00e9.\u00a0<\/p>\n<blockquote class=\"ftvi_content_quote\">\n<p class=\"ftvi_citation_quote\">Les nuits en brocante, en g\u00e9n\u00e9ral, \u00e7a ne dure pas longtemps, car parfois, on termine \u00e0 deux heures du matin et on red\u00e9marre \u00e0 quatre heures.<\/p>\n<p>Simon, un jeune brocanteur<\/p>\n<\/blockquote>\n<p>\u00ab\u00a0Les nuits en brocante, en g\u00e9n\u00e9ral, \u00e7a ne dure pas longtemps, car parfois, on termine \u00e0 deux heures du matin et on red\u00e9marre \u00e0 quatre heures\u00a0\u00bb, raconte-t-il.\u00a0<\/p>\n<p>\u00c0 quelques m\u00e8tres de l&rsquo;esplanade, dormir ne semble pas int\u00e9resser des f\u00eatards. Apr\u00e8s une journ\u00e9e \u00e0 chiner, d\u00e9ambuler, se restaurer et s&rsquo;abreuver, il faut reprendre des forces. Install\u00e9 \u00e0 la terrasse d&rsquo;un restaurant dans le Vieux-Lille, Corentin en est \u00e0 son deuxi\u00e8me caquelon de moules de la journ\u00e9e.<\/p>\n<p><a data-article-figure=\"\" href=\"https:\/\/france3-regions.franceinfo.fr\/image\/WXC1M2C2gxawpqQn8ynRkFGIaC8\/1920x1080\/regions\/2025\/09\/07\/m-titre-nuit-de-braderie-00-00-10-17-68bd63480975c742671386.jpg\" data-pswp-width=\"1920\" data-pswp-height=\"1080\" target=\"_blank\" rel=\"nofollow noopener\"><\/p>\n<p>          <img width=\"600\" height=\"400\" class=\"article-image lazy\" data-src=\"https:\/\/www.europesays.com\/fr\/wp-content\/uploads\/2025\/09\/m-titre-nuit-de-braderie-00-00-10-17-68bd63480975c742671386.jpg\" alt=\"Avant de s'amuser, les f\u00eatards ont pu d\u00e9guster de bonnes moules-frites.\" fetchpriority=\"high\" as=\"image\"\/><\/p>\n<p>\n            Avant de s&rsquo;amuser, les f\u00eatards ont pu d\u00e9guster de bonnes moules-frites.<br \/>\n                           \u2022<br \/>\n                                      \u00a9 Adrien Fuzellier \/ FTV\n                      <\/p>\n<p><\/a><\/p>\n<p>\u00ab\u00a0Venir \u00e0 la braderie de Lille sans manger des moules frites, c&rsquo;est inconcevable, t\u00e9moigne ce visiteur qui fr\u00e9quent l&rsquo;\u00e9v\u00e9nement lillois pour la toute premi\u00e8re fois. Apr\u00e8s avoir bien mang\u00e9, vu l&rsquo;ambiance qu&rsquo;il y a, on est pr\u00eat \u00e0 s&rsquo;\u00e9clater.\u00a0\u00bb<\/p>\n<blockquote class=\"ftvi_content_quote\">\n<p class=\"ftvi_citation_quote\">C&rsquo;est la f\u00eate \u00e0 n&rsquo;importe quel coin de rue. Tout le monde est de bonne humeur. C&rsquo;est g\u00e9nial, on passe que des bons moments.<\/p>\n<\/blockquote>\n<p>De la musique partout, voici ce qui a accompagn\u00e9 les bradeux du Vieux-Lille toute la nuit. \u00ab\u00a0C&rsquo;est la f\u00eate \u00e0 n&rsquo;importe quel coin de rue. Tout le monde est de bonne humeur. C&rsquo;est g\u00e9nial, on passe que des bons moments\u00a0\u00bb, affirme une jeune femme.<\/p>\n<p><a data-article-figure=\"\" href=\"https:\/\/france3-regions.franceinfo.fr\/image\/JnWD0gulWwJJlHy02HJhEhtbqn0\/1920x1080\/regions\/2025\/09\/07\/m-titre-nuit-de-braderie-00-00-04-11-68bd62f856e18566921865.jpg\" data-pswp-width=\"1920\" data-pswp-height=\"1080\" target=\"_blank\" rel=\"nofollow noopener\"><\/p>\n<p>          <img width=\"600\" height=\"400\" class=\"article-image lazy\" data-src=\"https:\/\/www.europesays.com\/fr\/wp-content\/uploads\/2025\/09\/m-titre-nuit-de-braderie-00-00-04-11-68bd62f856e18566921865.jpg\" alt=\"La musique a enflamm\u00e9 les rues du Vieux-Lille.\" fetchpriority=\"high\" as=\"image\"\/><\/p>\n<p>\n            La musique a enflamm\u00e9 les rues du Vieux-Lille.<br \/>\n                           \u2022<br \/>\n                                      \u00a9 Adrien Fuzellier \/ FTV\n                      <\/p>\n<p><\/a><\/p>\n<p>\u00ab\u00a0On va essayer de tenir toute la nuit\u00a0\u00bb, poursuite une autre f\u00eatarde.\u00a0<\/p>\n<p>La f\u00eate jusqu&rsquo;au bout de la nuit, c&rsquo;est l&rsquo;autre visage de la braderie. La bi\u00e8re, la f\u00eate et les esprits qui s&rsquo;\u00e9chauffent parfois. Les bagarres sont \u00e9vit\u00e9es de peu gr\u00e2ce \u00e0 l&rsquo;intervention des forces de l&rsquo;ordre. 350 policiers \u00e9taient sur le terrain toute la nuit.\u00a0<\/p>\n<blockquote class=\"ftvi_content_quote\">\n<p class=\"ftvi_citation_quote\">Pour traiter les probl\u00e9matiques de d\u00e9linquance, souvent li\u00e9es \u00e0 l&rsquo;alcool, nous sommes pr\u00e9sents.<\/p>\n<p>Laurent Lain\u00e9, commissaire de police<\/p>\n<\/blockquote>\n<p>\u00ab\u00a0Pour traiter les probl\u00e9matiques de d\u00e9linquance, souvent li\u00e9es \u00e0 l&rsquo;alcool, nous sommes pr\u00e9sents\u00a0\u00bb, indique Laurent Lain\u00e9, commissaire de police et chef du service local de police judiciaire de Lille.<\/p>\n<p><a data-article-figure=\"\" href=\"https:\/\/france3-regions.franceinfo.fr\/image\/f0cMIv9grYxKcZ21vE6p8pKNJuM\/1920x1080\/regions\/2025\/09\/07\/f3-lil-9498-00-00-00-13-68bd639c8d651748144189.jpg\" data-pswp-width=\"1920\" data-pswp-height=\"1080\" target=\"_blank\" rel=\"nofollow noopener\"><\/p>\n<p>          <img width=\"600\" height=\"400\" class=\"article-image lazy\" data-src=\"https:\/\/www.europesays.com\/fr\/wp-content\/uploads\/2025\/09\/f3-lil-9498-00-00-00-13-68bd639c8d651748144189.jpg\" alt=\"Laurent Lain\u00e9, commissaire de police et chef du service local de police judiciaire de Lille.\" fetchpriority=\"high\" as=\"image\"\/><\/p>\n<p>\n            Laurent Lain\u00e9, commissaire de police et chef du service local de police judiciaire de Lille.<br \/>\n                           \u2022<br \/>\n                                      \u00a9 Adrien Fuzellier \/ FTV\n                      <\/p>\n<p><\/a><\/p>\n<p>La police veille \u00e0 ce qu&rsquo;il n&rsquo;y ait pas de d\u00e9rives ou de d\u00e9bordements. \u00c0 la moindre rixe, les forces de l&rsquo;ordre \u00e9taient pr\u00eates \u00e0 agir le plus rapidement possible.<\/p>\n<p><a data-article-figure=\"\" href=\"https:\/\/france3-regions.franceinfo.fr\/image\/Uh8mPRNBFQsu6CiLn7NPbO308qc\/1920x1080\/regions\/2025\/09\/07\/f3-lil-9503-00-00-00-20-68bd63e9f2c91183028146.jpg\" data-pswp-width=\"1920\" data-pswp-height=\"1080\" target=\"_blank\" rel=\"nofollow noopener\"><\/p>\n<p>          <img width=\"600\" height=\"400\" class=\"article-image lazy\" data-src=\"https:\/\/www.europesays.com\/fr\/wp-content\/uploads\/2025\/09\/f3-lil-9503-00-00-00-20-68bd63e9f2c91183028146.jpg\" alt=\"350 policiers \u00e9taient sur le terrain toute la nuit.\" fetchpriority=\"high\" as=\"image\"\/><\/p>\n<p>\n            350 policiers \u00e9taient sur le terrain toute la nuit.<br \/>\n                           \u2022<br \/>\n                                      \u00a9 Adrien Fuzellier \/ FTV\n                      <\/p>\n<p><\/a><\/p>\n<p>\u00a0<\/p>\n<p>Vers minuit, pour certains bradeurs, la nuit ne faisait que commencer. Dimanche au petit matin, il n&rsquo;\u00e9tait pas rare de croiser des f\u00eatards en lendemain de soir\u00e9e. En cette ann\u00e9e, que ce soit pour chiner ou s&rsquo;amuser, la braderie aura pu animer pr\u00e8s de 2,5 millions de personnes.\u00a0<\/p>\n<p>\u00c9crit avec Fran\u00e7ois Wasson et Adrien Fuzellier<\/p>\n","protected":false},"excerpt":{"rendered":"Pas de braderie de Lille sans s&rsquo;amuser toute la nuit. Une fois que les brocanteurs ont remball\u00e9, les&hellip;\n","protected":false},"author":2,"featured_media":372811,"comment_status":"","ping_status":"","sticky":false,"template":"","format":"standard","meta":{"footnotes":""},"categories":[2815],"tags":[1111,11,1777,674,1011,27,811,1307,12,25],"class_list":{"0":"post-372810","1":"post","2":"type-post","3":"status-publish","4":"format-standard","5":"has-post-thumbnail","7":"category-lille","8":"tag-actu","9":"tag-actualites","10":"tag-eu","11":"tag-europe","12":"tag-fr","13":"tag-france","14":"tag-hauts-de-france","15":"tag-lille","16":"tag-news","17":"tag-republique-francaise"},"share_on_mastodon":{"url":"https:\/\/pubeurope.com\/@fr\/115162691944305247","error":""},"_links":{"self":[{"href":"https:\/\/www.europesays.com\/fr\/wp-json\/wp\/v2\/posts\/372810","targetHints":{"allow":["GET"]}}],"collection":[{"href":"https:\/\/www.europesays.com\/fr\/wp-json\/wp\/v2\/posts"}],"about":[{"href":"https:\/\/www.europesays.com\/fr\/wp-json\/wp\/v2\/types\/post"}],"author":[{"embeddable":true,"href":"https:\/\/www.europesays.com\/fr\/wp-json\/wp\/v2\/users\/2"}],"replies":[{"embeddable":true,"href":"https:\/\/www.europesays.com\/fr\/wp-json\/wp\/v2\/comments?post=372810"}],"version-history":[{"count":0,"href":"https:\/\/www.europesays.com\/fr\/wp-json\/wp\/v2\/posts\/372810\/revisions"}],"wp:featuredmedia":[{"embeddable":true,"href":"https:\/\/www.europesays.com\/fr\/wp-json\/wp\/v2\/media\/372811"}],"wp:attachment":[{"href":"https:\/\/www.europesays.com\/fr\/wp-json\/wp\/v2\/media?parent=372810"}],"wp:term":[{"taxonomy":"category","embeddable":true,"href":"https:\/\/www.europesays.com\/fr\/wp-json\/wp\/v2\/categories?post=372810"},{"taxonomy":"post_tag","embeddable":true,"href":"https:\/\/www.europesays.com\/fr\/wp-json\/wp\/v2\/tags?post=372810"}],"curies":[{"name":"wp","href":"https:\/\/api.w.org\/{rel}","templated":true}]}}