{"id":372814,"date":"2025-09-07T11:07:13","date_gmt":"2025-09-07T11:07:13","guid":{"rendered":"https:\/\/www.europesays.com\/fr\/372814\/"},"modified":"2025-09-07T11:07:13","modified_gmt":"2025-09-07T11:07:13","slug":"om-la-blessure-qui-tombe-tres-mal","status":"publish","type":"post","link":"https:\/\/www.europesays.com\/fr\/372814\/","title":{"rendered":"OM, la blessure qui tombe tr\u00e8s mal"},"content":{"rendered":"<p><strong>L\u2019Olympique de Marseille a vu<br \/>\nl\u2019un de ses joueurs se blesser lors de cette tr\u00eave<br \/>\ninternationale.<\/strong><\/p>\n<p>CMauvaise nouvelle pour l\u2019<strong><a href=\"https:\/\/www.sports.fr\/football\/marseille\" rel=\"nofollow noopener\" target=\"_blank\">OM<\/a><\/strong>. A<br \/>\nl\u2019approche de son retour en Ligue des champions sur le terrain du<br \/>\nReal Madrid (16 septembre) et du Classique du championnat de France<br \/>\nprogramm\u00e9 au V\u00e9lodrome face au Paris Saint-Germain (21 septembre),<br \/>\nle club phoc\u00e9en a perdu un joueur important sur blessure lors de<br \/>\ncette fen\u00eatre internationale.<\/p>\n<p>Titulaire pour le match amical entre les Etats-Unis et la Cor\u00e9e<br \/>\ndu Sud (0-2), dans la nuit de samedi \u00e0 dimanche \u00e0 la Red Bull Arena<br \/>\nd\u2019Harrison, Timothy Weah a malheureusement d\u00fb quitter ses<br \/>\npartenaires pr\u00e9matur\u00e9ment.<\/p>\n<blockquote class=\"twitter-tweet\"><p><a class=\"twitter-link\" rel=\"noindex, nofollow noopener\" href=\"https:\/\/twitter.com\/sports_fr\/status\/1964351021636805033\" target=\"_blank\"><\/p><\/blockquote>\n<p>Peu apr\u00e8s l\u2019heure de jeu, le polyvalent joueur am\u00e9ricain de 25<br \/>\nans, d\u00e9braqu\u00e9 cet \u00e9t\u00e9 \u00e0 Marseille en provenance de la Juventus<br \/>\nTurin, a \u00e9t\u00e9 contraint de c\u00e9der sa place. Il souffre visiblement<br \/>\nd\u2019un souci musculaire \u00e0 la jambe droite.<\/p>\n<p>Weah r\u00e9guli\u00e8rement bless\u00e9<\/p>\n<p>Pour l\u2019heure, aucun diagnostic officiel n\u2019a \u00e9t\u00e9 communiqu\u00e9 par<br \/>\nla s\u00e9lection am\u00e9ricaine. L\u2019ancien du PSG et du Losc doit passer des<br \/>\nexamens compl\u00e9mentaires dans les prochains jours pour \u00e9valuer la<br \/>\ngravit\u00e9 de sa blessure. En attendant d\u2019en savoir plus, Roberto De<br \/>\nZerbi a de quoi s\u2019inqui\u00e9ter.<\/p>\n<p>Timothy Weah est r\u00e9guli\u00e8rement sujet \u00e0 des p\u00e9pins physiques. La<br \/>\nsaison pass\u00e9e, il avait manqu\u00e9 plusieurs semaines de comp\u00e9tition en<br \/>\nraison d\u2019une entorse de la cheville et d\u2019une blessure aux<br \/>\nischio-jambiers.<\/p>\n<p><script async src=\"https:\/\/platform.twitter.com\/widgets.js\" charset=\"utf-8\"><\/script><\/p>\n","protected":false},"excerpt":{"rendered":"L\u2019Olympique de Marseille a vu l\u2019un de ses joueurs se blesser lors de cette tr\u00eave internationale. CMauvaise nouvelle&hellip;\n","protected":false},"author":2,"featured_media":372815,"comment_status":"","ping_status":"","sticky":false,"template":"","format":"standard","meta":{"footnotes":""},"categories":[2814],"tags":[1111,11,1777,674,1011,27,884,12,882,25],"class_list":{"0":"post-372814","1":"post","2":"type-post","3":"status-publish","4":"format-standard","5":"has-post-thumbnail","7":"category-marseille","8":"tag-actu","9":"tag-actualites","10":"tag-eu","11":"tag-europe","12":"tag-fr","13":"tag-france","14":"tag-marseille","15":"tag-news","16":"tag-provence-alpes-cote-dazur","17":"tag-republique-francaise"},"share_on_mastodon":{"url":"https:\/\/pubeurope.com\/@fr\/115162699791811545","error":""},"_links":{"self":[{"href":"https:\/\/www.europesays.com\/fr\/wp-json\/wp\/v2\/posts\/372814","targetHints":{"allow":["GET"]}}],"collection":[{"href":"https:\/\/www.europesays.com\/fr\/wp-json\/wp\/v2\/posts"}],"about":[{"href":"https:\/\/www.europesays.com\/fr\/wp-json\/wp\/v2\/types\/post"}],"author":[{"embeddable":true,"href":"https:\/\/www.europesays.com\/fr\/wp-json\/wp\/v2\/users\/2"}],"replies":[{"embeddable":true,"href":"https:\/\/www.europesays.com\/fr\/wp-json\/wp\/v2\/comments?post=372814"}],"version-history":[{"count":0,"href":"https:\/\/www.europesays.com\/fr\/wp-json\/wp\/v2\/posts\/372814\/revisions"}],"wp:featuredmedia":[{"embeddable":true,"href":"https:\/\/www.europesays.com\/fr\/wp-json\/wp\/v2\/media\/372815"}],"wp:attachment":[{"href":"https:\/\/www.europesays.com\/fr\/wp-json\/wp\/v2\/media?parent=372814"}],"wp:term":[{"taxonomy":"category","embeddable":true,"href":"https:\/\/www.europesays.com\/fr\/wp-json\/wp\/v2\/categories?post=372814"},{"taxonomy":"post_tag","embeddable":true,"href":"https:\/\/www.europesays.com\/fr\/wp-json\/wp\/v2\/tags?post=372814"}],"curies":[{"name":"wp","href":"https:\/\/api.w.org\/{rel}","templated":true}]}}