{"id":372816,"date":"2025-09-07T11:08:11","date_gmt":"2025-09-07T11:08:11","guid":{"rendered":"https:\/\/www.europesays.com\/fr\/372816\/"},"modified":"2025-09-07T11:08:11","modified_gmt":"2025-09-07T11:08:11","slug":"les-subs-une-rentree-creative","status":"publish","type":"post","link":"https:\/\/www.europesays.com\/fr\/372816\/","title":{"rendered":"Les Subs : une rentr\u00e9e cr\u00e9ative !"},"content":{"rendered":"<p>                            <img loading=\"lazy\" width=\"1181\" height=\"732\" class=\"attachment-article size-article wp-post-image lazyload\" alt=\"\" decoding=\"async\" src=\"https:\/\/www.europesays.com\/fr\/wp-content\/uploads\/2025\/09\/Subs_rentree.jpg\" data-eio-rwidth=\"1181\" data-eio-rheight=\"732\"\/><\/p>\n<p>Leather Better  \u00a9 Andr\u00e9a Givanovitch  et Ad Libitum  \u00a9 Simon Leborgne<\/p>\n<p>Les Subs font leur rentr\u00e9e avec la 5e \u00e9dition d\u2019Optimisme Ambient qui explore, sous le signe de la cr\u00e9ativit\u00e9, les liens entre danse et musique.<\/p>\n<p>Dans le cadre de la Biennale de la danse, les Subs accueillent trois performances qui ont en commun le d\u00e9sir de transformation et le refus des normes. Leather Better d\u2019<strong>Andr\u00e9a Givanovitch <\/strong>ouvre la saison \u2013 rappelant VanThorhout d\u2019Alexander Vantournhout vu en 2023. Le circassien interrogeait \u00e0 travers la figure du dieu Thor la masculinit\u00e9 et la vuln\u00e9rabilit\u00e9 en manipulant un marteau souple tandis que Givanovitch (ancien interpr\u00e8te d\u2019Ohad Naharin) utilise ici une veste en cuir avec laquelle il joue pour lib\u00e9rer le corps, au travers de mouvements sonores, des normes sociales. <\/p>\n<\/p>\n<p>Performeuse et chor\u00e9graphe belge, <strong>Mercedes Dassy <\/strong>propose Spongebabe IN L.A, un autoportrait hybride o\u00f9 elle mixe chansons, paroles intimes ou engag\u00e9es et moments dans\u00e9s qui interrogent son identit\u00e9 de femme, sa capacit\u00e9 \u00e0 se r\u00e9inventer dans un monde fait de chaos et d\u2019oppression. Elle fait de son corps un manifeste politique qui lutte et se m\u00e9tamorphose, rejoignant les pr\u00e9occupations d\u2019une humanit\u00e9 qui lui ressemble. <\/p>\n<p>Sujet au Ballet de l\u2019Op\u00e9ra de Paris jusqu\u2019en 2024, <strong>Simon Leborgne <\/strong>a pris le large pour aller vers d\u2019autres exp\u00e9riences et nous embarquer gr\u00e2ce \u00e0 Ad Libitum dans un duo fi\u00e9vreux avec le batteur <strong>Ulysse Zangs<\/strong> (\u00e9galement danseur form\u00e9 \u00e0 l\u2019Op\u00e9ra de Paris). Ensemble ou dans un rapport de force, ils explorent leurs limites pour lib\u00e9rer le mouvement des codes artistiques et leur puissance expressive. <\/p>\n<p>C\u00f4t\u00e9 musique \u00e9lectronique, entre autres, <strong>Odalie<\/strong> invitera le public \u00e0 une soir\u00e9e gratuite o\u00f9 violoncelle et synth\u00e9tiseur modulaire se m\u00e9langent pour cr\u00e9er un univers rempli de contrastes et d\u2019\u00e9motions et le dimanche 14 septembre, les enfants (\u00e0 partir de 6 ans) pourront participer \u00e0 la Boum PIXMIX et \u00e0 RISK Party et m\u00eame choisir, \u00e0 travers un jeu interactif, sur quels rythmes (house, techno, trance ou bass music\u2026) ils pourront danser !<\/p>\n<p><strong>Optimisme Ambient<\/strong> \u2013 Du 10 au 14 septembre aux Subs<\/p>\n<p>Programme complet :\u00a0<a href=\"http:\/\/les-subs.com\/\" rel=\"nofollow noopener\" target=\"_blank\">les-subs.com<\/a><\/p>\n","protected":false},"excerpt":{"rendered":"Leather Better \u00a9 Andr\u00e9a Givanovitch et Ad Libitum \u00a9 Simon Leborgne Les Subs font leur rentr\u00e9e avec la&hellip;\n","protected":false},"author":2,"featured_media":372817,"comment_status":"","ping_status":"","sticky":false,"template":"","format":"standard","meta":{"footnotes":""},"categories":[1889],"tags":[1111,11,2430,1777,674,1011,27,2428,12,25],"class_list":{"0":"post-372816","1":"post","2":"type-post","3":"status-publish","4":"format-standard","5":"has-post-thumbnail","7":"category-lyon","8":"tag-actu","9":"tag-actualites","10":"tag-auvergne-rhone-alpes","11":"tag-eu","12":"tag-europe","13":"tag-fr","14":"tag-france","15":"tag-lyon","16":"tag-news","17":"tag-republique-francaise"},"share_on_mastodon":{"url":"https:\/\/pubeurope.com\/@fr\/115162703866057010","error":""},"_links":{"self":[{"href":"https:\/\/www.europesays.com\/fr\/wp-json\/wp\/v2\/posts\/372816","targetHints":{"allow":["GET"]}}],"collection":[{"href":"https:\/\/www.europesays.com\/fr\/wp-json\/wp\/v2\/posts"}],"about":[{"href":"https:\/\/www.europesays.com\/fr\/wp-json\/wp\/v2\/types\/post"}],"author":[{"embeddable":true,"href":"https:\/\/www.europesays.com\/fr\/wp-json\/wp\/v2\/users\/2"}],"replies":[{"embeddable":true,"href":"https:\/\/www.europesays.com\/fr\/wp-json\/wp\/v2\/comments?post=372816"}],"version-history":[{"count":0,"href":"https:\/\/www.europesays.com\/fr\/wp-json\/wp\/v2\/posts\/372816\/revisions"}],"wp:featuredmedia":[{"embeddable":true,"href":"https:\/\/www.europesays.com\/fr\/wp-json\/wp\/v2\/media\/372817"}],"wp:attachment":[{"href":"https:\/\/www.europesays.com\/fr\/wp-json\/wp\/v2\/media?parent=372816"}],"wp:term":[{"taxonomy":"category","embeddable":true,"href":"https:\/\/www.europesays.com\/fr\/wp-json\/wp\/v2\/categories?post=372816"},{"taxonomy":"post_tag","embeddable":true,"href":"https:\/\/www.europesays.com\/fr\/wp-json\/wp\/v2\/tags?post=372816"}],"curies":[{"name":"wp","href":"https:\/\/api.w.org\/{rel}","templated":true}]}}