{"id":372818,"date":"2025-09-07T11:09:14","date_gmt":"2025-09-07T11:09:14","guid":{"rendered":"https:\/\/www.europesays.com\/fr\/372818\/"},"modified":"2025-09-07T11:09:14","modified_gmt":"2025-09-07T11:09:14","slug":"claire-et-benjamin-pouzin-a-lhonneur","status":"publish","type":"post","link":"https:\/\/www.europesays.com\/fr\/372818\/","title":{"rendered":"Claire et Benjamin Pouzin \u00e0 l\u2019honneur"},"content":{"rendered":"<p>Ce lundi 8 septembre, \u00e0 Lyon, a lieu le traditionnel V\u0153u des \u00c9chevins. Mgr de Germay pr\u00e9sidera une messe \u00e0 laquelle participeront les \u00e9lus de la ville ainsi que des paroissiens du dioc\u00e8se. Et cette ann\u00e9e, pour la premi\u00e8re fois, c\u2019est un jeune couple qui repr\u00e9sentera les Lyonnais. <\/p>\n<p>Le V\u0153u des \u00c9chevins, c\u2019est quoi, c\u2019est quand ? Il a lieu \u00e0 Lyon chaque 8 septembre, jour o\u00f9 l\u2019Eglise c\u00e9l\u00e8bre la nativit\u00e9 de la Vierge. Cette tradition remonte \u00e0 l\u2019ann\u00e9e 1643. Imaginez-vous : la peste s\u00e9vit dans la r\u00e9gion lyonnaise, c\u2019est la panique g\u00e9n\u00e9rale ! Le pr\u00e9v\u00f4t des marchands et ses quatre \u00e9chevins, les responsables politiques de l\u2019\u00e9poque, d\u00e9cident donc d&rsquo;organiser une procession \u00e0 <a href=\"https:\/\/fr.aleteia.org\/2021\/09\/04\/pere-yves-guerpillon-je-souhaite-que-fourviere-soit-un-phare-pour-levangelisation\/\" target=\"_blank\" rel=\"noopener nofollow\" title=\"\">Notre-Dame de Fourvi\u00e8re<\/a> afin d\u2019implorer la protection de la Vierge pour la ville. Miracle, la peste s\u2019\u00e9loigne ! Reconnaissants pour cette protection re\u00e7ue, ils s\u2019engagent alors \u00e0 p\u00e8leriner chaque ann\u00e9e jusqu\u2019\u00e0 Fourvi\u00e8re afin d\u2019offrir \u00e0 Marie un \u00e9cu d\u2019or et un cierge de cire blanche de sept livres \u2013 soit trois kilos et demi. Autant vous dire que cette tradition est ch\u00e8re au c\u0153ur des Lyonnais.\u00a0<\/p>\n<p>Au fil des si\u00e8cles suivants, la tradition s\u2019est perp\u00e9tu\u00e9e : maires et \u00e9lus locaux ont r\u00e9guli\u00e8rement gravi la colline de Fourvi\u00e8re afin d\u2019aller rendre hommage \u00e0 la Vierge. Depuis 2021 cependant, le maire de Lyon ne souhaitant plus prendre part \u00e0 la c\u00e9l\u00e9bration religieuse en invoquant la la\u00efcit\u00e9, la fondation Fourvi\u00e8re a pris le parti de mettre \u00e0 l&rsquo;honneur chaque ann\u00e9e une personnalit\u00e9 locale charg\u00e9e de remettre l\u2019\u00e9cu d\u2019or \u00e0 l&rsquo;archev\u00eaque de Lyon, comme le musicien <a href=\"https:\/\/fr.aleteia.org\/2022\/09\/08\/voeu-des-echevins-andre-manoukian-remet-lecu-dor-a-fourviere\/\" target=\"_blank\" rel=\"noopener nofollow\" title=\"\">Andr\u00e9 Manoukian en 2022<\/a> ou <a href=\"https:\/\/fr.aleteia.org\/2023\/09\/07\/jean-michel-aulas-notre-dame-de-fourviere-est-un-symbole-qui-dure\/\" target=\"_blank\" rel=\"noopener nofollow\" title=\"\">Jean-Michel Aulas<\/a>, le tr\u00e8s m\u00e9diatique ancien pr\u00e9sident de l&rsquo;Olympique Lyonnais, en 2023.\u00a0<\/p>\n<p>Un couple mis \u00e0 l\u2019honneur<\/p>\n<p>Pour ce 382e anniversaire du v\u0153u, le choix s\u2019est port\u00e9 sur Claire et Benjamin Pouzin, 42 et 41 ans. \u201cOn a \u00e9t\u00e9 tr\u00e8s surpris, honor\u00e9s, gratifi\u00e9s\u201d, confie Benjamin Pouzin \u00e0 Aleteia. Mari\u00e9s depuis 21 ans, ils sont tous deux engag\u00e9s \u00e0 la fois localement et dans l\u2019\u00c9glise. Depuis f\u00e9vrier 2025, Claire est maire de Francheville, commune de la m\u00e9tropole de Lyon. Quant \u00e0 Benjamin, il est l\u2019un des fondateurs de <a href=\"https:\/\/fr.aleteia.org\/2022\/12\/15\/glorious-20-ans-et-un-souffle-missionnaire-intact\/\" rel=\"nofollow noopener\" target=\"_blank\">Glorious<\/a>, groupe de pop-louange chr\u00e9tienne longtemps rattach\u00e9 \u00e0 la paroisse de Lyon-Centre et qui a contribu\u00e9 \u00e0 un regain de dynamisme de la musique chr\u00e9tienne dans les ann\u00e9es 2000. Ils sont parents de quatre enfants, \u00e2g\u00e9s de 10 \u00e0 20 ans, qui seront pr\u00e9sents ce 8 septembre dans la basilique afin d\u2019accompagner leurs parents lors de ce moment fort.\u00a0<\/p>\n<blockquote class=\"Blockquote_container__x7EGt\">\n<p class=\"Blockquote_par__J3vJP\">Pour nous, c\u2019est entrer dans une grande tradition, une grande histoire, et honorer celle qui veille sur Lyon depuis tant d&rsquo;ann\u00e9es.<\/p>\n<\/blockquote>\n<p>\u201cLe couple participe activement au renouveau de l\u2019\u00c9glise\u201d, indique la fondation Fourvi\u00e8re <a href=\"https:\/\/www.fourviere.org\/fr\/celebration-du-voeu-des-echevins\/\" target=\"_blank\" rel=\"noopener nofollow\" title=\"\">dans un communiqu\u00e9<\/a>. \u201cC&rsquo;est la premi\u00e8re fois qu&rsquo;un couple est choisi et pour nous c&rsquo;est tr\u00e8s beau, donc nous avons humblement accueilli cette demande\u201d, souligne le musicien avec enthousiasme. \u201cNous symbolisons tous les deux l&rsquo;engagement des Lyonnais, autant dans la vie eccl\u00e9siale que dans la vie sociale\u201d, se r\u00e9jouit-il, mentionnant leurs engagements respectifs. \u201cPour nous, apporter cet \u00c9cu, c\u2019est entrer dans une grande tradition, une grande histoire, et honorer celle qui veille sur Lyon depuis tant d&rsquo;ann\u00e9es\u201d, poursuit celui qui est visc\u00e9ralement attach\u00e9 \u00e0 Notre-Dame de Fourvi\u00e8re. \u201cO\u00f9 qu\u2019on soit dans Lyon, si on se tourne, on peut voir Marie. Fourvi\u00e8re a cette gr\u00e2ce de rassembler des gens de tous bords, des croyants, des gens qui n&rsquo;ont pas la foi ou d&rsquo;autres religions. Ce sont tous les Lyonnais qui sont derri\u00e8re cet \u00c9cu des \u00c9chevins, ce n&rsquo;est pas juste quelque chose entre cathos. Cet attachement des Lyonnais \u00e0 Marie est une tradition vivante. Elle veille sur eux et nous, le 8 septembre, nous lui dirons : \u00ab\u00a0Continue \u00e0 veiller sur nous\u00a0\u00bb\u00a0\u00bb.\u00a0<\/p>\n<p class=\"InfoBlock_title__R643b\">Pratique<\/p>\n<p>C\u00e9r\u00e9monie de renouvellement du V\u0153u des \u00c9chevins \u00e0 suivre sur RCF Lyon le 8 septembre.<\/p>\n<p><img alt=\"Lyon : le V\u0153u des \u00e9chevins sans maire en haut de Fourvi\u00e8re\" loading=\"lazy\" width=\"150\" height=\"75\" decoding=\"async\" data-nimg=\"1\" class=\"ReadAlso_image__4jOEF\" style=\"color:transparent\"   src=\"https:\/\/www.europesays.com\/fr\/wp-content\/uploads\/2025\/09\/voeu-des-echevins-2020.jpg\"\/><img alt=\"\u00c0 la d\u00e9couverte de Saint-Ir\u00e9n\u00e9e, plus vieille \u00e9glise de Lyon\" loading=\"lazy\" width=\"150\" height=\"75\" decoding=\"async\" data-nimg=\"1\" class=\"ReadAlso_image__4jOEF\" style=\"color:transparent\"   src=\"https:\/\/www.europesays.com\/fr\/wp-content\/uploads\/2025\/09\/eglise-saint-irenee-lyon.jpg\"\/><\/p>\n","protected":false},"excerpt":{"rendered":"Ce lundi 8 septembre, \u00e0 Lyon, a lieu le traditionnel V\u0153u des \u00c9chevins. Mgr de Germay pr\u00e9sidera une&hellip;\n","protected":false},"author":2,"featured_media":372819,"comment_status":"","ping_status":"","sticky":false,"template":"","format":"standard","meta":{"footnotes":""},"categories":[1889],"tags":[1111,11,2430,1777,674,1011,27,2428,12,25],"class_list":{"0":"post-372818","1":"post","2":"type-post","3":"status-publish","4":"format-standard","5":"has-post-thumbnail","7":"category-lyon","8":"tag-actu","9":"tag-actualites","10":"tag-auvergne-rhone-alpes","11":"tag-eu","12":"tag-europe","13":"tag-fr","14":"tag-france","15":"tag-lyon","16":"tag-news","17":"tag-republique-francaise"},"share_on_mastodon":{"url":"https:\/\/pubeurope.com\/@fr\/115162707678060805","error":""},"_links":{"self":[{"href":"https:\/\/www.europesays.com\/fr\/wp-json\/wp\/v2\/posts\/372818","targetHints":{"allow":["GET"]}}],"collection":[{"href":"https:\/\/www.europesays.com\/fr\/wp-json\/wp\/v2\/posts"}],"about":[{"href":"https:\/\/www.europesays.com\/fr\/wp-json\/wp\/v2\/types\/post"}],"author":[{"embeddable":true,"href":"https:\/\/www.europesays.com\/fr\/wp-json\/wp\/v2\/users\/2"}],"replies":[{"embeddable":true,"href":"https:\/\/www.europesays.com\/fr\/wp-json\/wp\/v2\/comments?post=372818"}],"version-history":[{"count":0,"href":"https:\/\/www.europesays.com\/fr\/wp-json\/wp\/v2\/posts\/372818\/revisions"}],"wp:featuredmedia":[{"embeddable":true,"href":"https:\/\/www.europesays.com\/fr\/wp-json\/wp\/v2\/media\/372819"}],"wp:attachment":[{"href":"https:\/\/www.europesays.com\/fr\/wp-json\/wp\/v2\/media?parent=372818"}],"wp:term":[{"taxonomy":"category","embeddable":true,"href":"https:\/\/www.europesays.com\/fr\/wp-json\/wp\/v2\/categories?post=372818"},{"taxonomy":"post_tag","embeddable":true,"href":"https:\/\/www.europesays.com\/fr\/wp-json\/wp\/v2\/tags?post=372818"}],"curies":[{"name":"wp","href":"https:\/\/api.w.org\/{rel}","templated":true}]}}