{"id":372826,"date":"2025-09-07T11:14:13","date_gmt":"2025-09-07T11:14:13","guid":{"rendered":"https:\/\/www.europesays.com\/fr\/372826\/"},"modified":"2025-09-07T11:14:13","modified_gmt":"2025-09-07T11:14:13","slug":"la-nouvelle-priorite-danne-hidalgo-faire-graver-les-noms-de-72-femmes-scientifiques-sur-la-tour-eiffel","status":"publish","type":"post","link":"https:\/\/www.europesays.com\/fr\/372826\/","title":{"rendered":"La nouvelle priorit\u00e9 d\u2019Anne Hidalgo : faire graver les noms de 72 femmes scientifiques sur la Tour Eiffel"},"content":{"rendered":"<p>                                            Soci\u00e9t\u00e9\n                                                                            <\/p>\n<p>\n                                            Le nom de 72 scientifiques sont grav\u00e9s sur la Tour Eiffel depuis sa cr\u00e9ation, en 1889. Avant la fin de l&rsquo;ann\u00e9e 2025, des experts, sous la houlette de la maire de Paris Anne Hidalgo, proposeront 72 autres noms de femmes scientifiques, qui les rejoindront.                                        <\/p>\n<p>                                                Publi\u00e9 le 7 septembre 2025 \u00e0 8h44                                                                                            <\/p>\n<p>                                            <img loading=\"lazy\" width=\"1024\" height=\"683\" src=\"https:\/\/www.europesays.com\/fr\/wp-content\/uploads\/2025\/09\/SIPA_sipausa30393713_000001-2.jpg\" class=\"attachment-post-thumbnail size-post-thumbnail wp-post-image lazy\" alt=\"La Tour Eiffel \u00a9 imageBROKER.com\/SIPA\" decoding=\"async\"  data-\/><\/p>\n<p>                                            La Tour Eiffel \u00a9 imageBROKER.com\/SIPA<\/p>\n<p>\u00c0 la mani\u00e8re d\u2019\u00c9lisabeth Borne et <a href=\"https:\/\/www.valeursactuelles.com\/societe\/elisabeth-borne-souhaite-ouvrir-un-debat-sur-la-devise-inscrite-au-fronton-du-pantheon\" target=\"_blank\" rel=\"noopener\">sa r\u00e9flexion sur la devise du Panth\u00e9on<\/a>, la maire de Paris compte mettre en lumi\u00e8re le travail des femmes dans la capitale. Anne Hidalgo veut faire graver le nom de 72 femmes scientifiques sur le pourtour du premier \u00e9tage de la Tour Eiffel, aux c\u00f4t\u00e9s de ceux des 72 autres savants d\u00e9j\u00e0 pr\u00e9sents, <a href=\"https:\/\/www.francebleu.fr\/infos\/societe\/le-nom-de-72-femmes-scientifiques-inscrit-prochainement-sur-la-tour-eiffel-4469348\" target=\"_blank\" rel=\"nofollow noopener\">comme le relaie Ici Paris \u00cele-de-France<\/a>.<\/p>\n<p><a href=\"https:\/\/www.valeursactuelles.com\/societe\/elisabeth-borne-souhaite-ouvrir-un-debat-sur-la-devise-inscrite-au-fronton-du-pantheon\" class=\"h-flex h-align-items-center h-border-tb h-ptb-15\" target=\"_blank\" rel=\"noopener\">A\u00a0LIRE\u00a0\u00c9lisabeth Borne souhaite \u00ab ouvrir un d\u00e9bat sur la devise inscrite au fronton du Panth\u00e9on \u00bb<\/a><\/p>\n<p>Une commission d\u2019experts sera charg\u00e9e de proposer \u00e0 <a href=\"https:\/\/www.valeursactuelles.com\/monde\/la-france-na-t-elle-rien-de-mieux-a-proposer-la-candidature-danne-hidalgo-pour-le-haut-commissariat-aux-refugies-de-lonu-ne-convain\" target=\"_blank\" rel=\"noopener\">la maire de Paris<\/a> une liste de \u00ab\u00a0femmes expertes \u00e9m\u00e9rites ayant v\u00e9cu entre 1789 et nos jours\u00a0\u00bb, aujourd\u2019hui d\u00e9c\u00e9d\u00e9es et principalement de nationalit\u00e9 fran\u00e7aise, explique la mairie.<\/p>\n<p>\u00ab\u00a0On a vraiment besoin de convaincre les jeunes femmes qu\u2019elles ont toute leur place dans les sciences\u00a0\u00bb<\/p>\n<p>Les femmes qui seront retenues doivent avoir travaill\u00e9 dans les domaines des sciences et technologies de l\u2019ing\u00e9nierie et des math\u00e9matiques. \u00ab\u00a0Car encore de nos jours, ce sont ces domaines qui sont tr\u00e8s peu f\u00e9minis\u00e9s, explique au micro de la radio Isabelle Vauglin, vice-pr\u00e9sidente de Femmes et Sciences et astrophysicienne. On a vraiment besoin de convaincre les jeunes femmes qu\u2019elles ont toute leur place dans les sciences et que la science a besoin d\u2019elles.\u00a0\u00bb<\/p>\n<p>D\u00e8s sa construction en 1889, Gustave Eiffel avait voulu rendre hommage \u00e0 72 grands savants fran\u00e7ais post R\u00e9volution. Apr\u00e8s avoir disparus, recouverts de peinture, Daguerre, Lavoisier, Chaptal,\u2026 ont retrouv\u00e9 leurs lettres d\u2019or 100 ans plus tard.<\/p>\n","protected":false},"excerpt":{"rendered":"Soci\u00e9t\u00e9 Le nom de 72 scientifiques sont grav\u00e9s sur la Tour Eiffel depuis sa cr\u00e9ation, en 1889. Avant&hellip;\n","protected":false},"author":2,"featured_media":372827,"comment_status":"","ping_status":"","sticky":false,"template":"","format":"standard","meta":{"footnotes":""},"categories":[1888],"tags":[11,2618,1777,674,6757,1011,27,2381,12,626,25,7184],"class_list":{"0":"post-372826","1":"post","2":"type-post","3":"status-publish","4":"format-standard","5":"has-post-thumbnail","7":"category-paris","8":"tag-actualites","9":"tag-anne-hidalgo","10":"tag-eu","11":"tag-europe","12":"tag-feminisme","13":"tag-fr","14":"tag-france","15":"tag-mairie-de-paris","16":"tag-news","17":"tag-paris","18":"tag-republique-francaise","19":"tag-tour-eiffel"},"share_on_mastodon":{"url":"https:\/\/pubeurope.com\/@fr\/115162727379312679","error":""},"_links":{"self":[{"href":"https:\/\/www.europesays.com\/fr\/wp-json\/wp\/v2\/posts\/372826","targetHints":{"allow":["GET"]}}],"collection":[{"href":"https:\/\/www.europesays.com\/fr\/wp-json\/wp\/v2\/posts"}],"about":[{"href":"https:\/\/www.europesays.com\/fr\/wp-json\/wp\/v2\/types\/post"}],"author":[{"embeddable":true,"href":"https:\/\/www.europesays.com\/fr\/wp-json\/wp\/v2\/users\/2"}],"replies":[{"embeddable":true,"href":"https:\/\/www.europesays.com\/fr\/wp-json\/wp\/v2\/comments?post=372826"}],"version-history":[{"count":0,"href":"https:\/\/www.europesays.com\/fr\/wp-json\/wp\/v2\/posts\/372826\/revisions"}],"wp:featuredmedia":[{"embeddable":true,"href":"https:\/\/www.europesays.com\/fr\/wp-json\/wp\/v2\/media\/372827"}],"wp:attachment":[{"href":"https:\/\/www.europesays.com\/fr\/wp-json\/wp\/v2\/media?parent=372826"}],"wp:term":[{"taxonomy":"category","embeddable":true,"href":"https:\/\/www.europesays.com\/fr\/wp-json\/wp\/v2\/categories?post=372826"},{"taxonomy":"post_tag","embeddable":true,"href":"https:\/\/www.europesays.com\/fr\/wp-json\/wp\/v2\/tags?post=372826"}],"curies":[{"name":"wp","href":"https:\/\/api.w.org\/{rel}","templated":true}]}}