{"id":372828,"date":"2025-09-07T11:15:09","date_gmt":"2025-09-07T11:15:09","guid":{"rendered":"https:\/\/www.europesays.com\/fr\/372828\/"},"modified":"2025-09-07T11:15:09","modified_gmt":"2025-09-07T11:15:09","slug":"disneyland-paris-sexcuse-apres-laccusation-de-racisme-de-raphinha","status":"publish","type":"post","link":"https:\/\/www.europesays.com\/fr\/372828\/","title":{"rendered":"Disneyland Paris s\u2019excuse apr\u00e8s l\u2019accusation de racisme de Raphinha"},"content":{"rendered":"<p>Alors qu\u2019il a rejoint la s\u00e9lection br\u00e9silienne pour disputer les derniers matchs des qualifications \u00e0 la Coupe du monde 2026, <a href=\"https:\/\/www.footmercato.net\/joueur\/raphinha\/\" rel=\"nofollow noopener\" target=\"_blank\">Raphinha<\/a> a pris la parole vendredi sur les r\u00e9seaux sociaux pour d\u00e9noncer un incident survenu \u00e0 Disneyland Paris. L\u2019attaquant du <a href=\"https:\/\/www.footmercato.net\/club\/fc-barcelone\/\" rel=\"nofollow noopener\" target=\"_blank\">FC Barcelone<\/a> a publi\u00e9 plusieurs vid\u00e9os sur son compte Instagram, accusant un employ\u00e9 du parc d\u2019avoir refus\u00e9 de s\u2019occuper de son fils Gael, et s\u2019interrogeant sur le caract\u00e8re possiblement raciste de ce comportement. \u00abVos employ\u00e9s sont une honte. Ils ne devraient pas traiter les gens de cette mani\u00e8re, surtout un enfant. Ils sont cens\u00e9s rendre les enfants heureux, pas les m\u00e9priser. Je pr\u00e9f\u00e8re appeler cela du m\u00e9pris plut\u00f4t qu\u2019autre chose. C\u2019est une honte\u00bb, a-t-il commenc\u00e9, avant de hausser le ton dans les stories suivantes.<\/p>\n<p>            La suite apr\u00e8s cette publicit\u00e9<\/p>\n<p>\u00abJe comprends la fatigue de ceux qui travaillent dans ce secteur, mais pourquoi ont-ils embrass\u00e9 tous les enfants blancs, et pas le mien ? Je d\u00e9teste Disneyland Paris. Il voulait juste un salut et un c\u00e2lin. Heureusement pour vous, il ne comprend pas encore. Disneyland Paris, cet employ\u00e9 est une merde, un idiot.\u00bb La femme de Raphinha, Natalia Rodrigues, a \u00e9galement r\u00e9agi, expliquant que l\u2019employ\u00e9 avait tendu les deux mains \u00e0 une petite fille pour \u00e9viter de les tendre \u00e0 leur fils. Contact\u00e9 par <a href=\"https:\/\/www.leparisien.fr\/sports\/football\/football-disneyland-paris-regrette-lexperience-vecue-par-le-fils-de-raphinha-et-lui-promet-une-surprise-06-09-2025-RT3TJYBBGFHZDJOLREK3EPK7CE.php?at_variant=photo&amp;at_creation=Le%20Parisien&amp;at_campaign=Partage%20Twitter%20CM&amp;at_medium=Social%20media\" rel=\"nofollow noopener\" target=\"_blank\">Le Parisien<\/a>, le parc d\u2019attractions a expliqu\u00e9 ce dimanche qu\u2019il \u00abregrette l\u2019exp\u00e9rience v\u00e9cue par la famille\u00bb de Raphinha, et souhaite s\u2019excuser en bonne et due forme. \u00abNous souhaitons proposer une exp\u00e9rience magique pour chacun de nos visiteurs sans exception. Nous sommes en contact r\u00e9gulier avec la famille depuis hier (vendredi), et leur avons organis\u00e9 deux nouvelles rencontres magiques avec les personnages de leur choix\u00bb, a-t-il pr\u00e9cis\u00e9. Le joueur du FC Barcelone n\u2019a pas repris la parole depuis.<\/p>\n<p>\n    Pub. le 07\/09\/2025 12:18<br \/>\n            &#8211; MAJ le 07\/09\/2025 13:12\n    <\/p>\n","protected":false},"excerpt":{"rendered":"Alors qu\u2019il a rejoint la s\u00e9lection br\u00e9silienne pour disputer les derniers matchs des qualifications \u00e0 la Coupe du&hellip;\n","protected":false},"author":2,"featured_media":372829,"comment_status":"","ping_status":"","sticky":false,"template":"","format":"standard","meta":{"footnotes":""},"categories":[1888],"tags":[11,1777,674,1011,27,12,626,25],"class_list":{"0":"post-372828","1":"post","2":"type-post","3":"status-publish","4":"format-standard","5":"has-post-thumbnail","7":"category-paris","8":"tag-actualites","9":"tag-eu","10":"tag-europe","11":"tag-fr","12":"tag-france","13":"tag-news","14":"tag-paris","15":"tag-republique-francaise"},"share_on_mastodon":{"url":"https:\/\/pubeurope.com\/@fr\/115162731360222224","error":""},"_links":{"self":[{"href":"https:\/\/www.europesays.com\/fr\/wp-json\/wp\/v2\/posts\/372828","targetHints":{"allow":["GET"]}}],"collection":[{"href":"https:\/\/www.europesays.com\/fr\/wp-json\/wp\/v2\/posts"}],"about":[{"href":"https:\/\/www.europesays.com\/fr\/wp-json\/wp\/v2\/types\/post"}],"author":[{"embeddable":true,"href":"https:\/\/www.europesays.com\/fr\/wp-json\/wp\/v2\/users\/2"}],"replies":[{"embeddable":true,"href":"https:\/\/www.europesays.com\/fr\/wp-json\/wp\/v2\/comments?post=372828"}],"version-history":[{"count":0,"href":"https:\/\/www.europesays.com\/fr\/wp-json\/wp\/v2\/posts\/372828\/revisions"}],"wp:featuredmedia":[{"embeddable":true,"href":"https:\/\/www.europesays.com\/fr\/wp-json\/wp\/v2\/media\/372829"}],"wp:attachment":[{"href":"https:\/\/www.europesays.com\/fr\/wp-json\/wp\/v2\/media?parent=372828"}],"wp:term":[{"taxonomy":"category","embeddable":true,"href":"https:\/\/www.europesays.com\/fr\/wp-json\/wp\/v2\/categories?post=372828"},{"taxonomy":"post_tag","embeddable":true,"href":"https:\/\/www.europesays.com\/fr\/wp-json\/wp\/v2\/tags?post=372828"}],"curies":[{"name":"wp","href":"https:\/\/api.w.org\/{rel}","templated":true}]}}