{"id":372834,"date":"2025-09-07T11:18:10","date_gmt":"2025-09-07T11:18:10","guid":{"rendered":"https:\/\/www.europesays.com\/fr\/372834\/"},"modified":"2025-09-07T11:18:10","modified_gmt":"2025-09-07T11:18:10","slug":"timothy-weah-sorti-sur-blessure-avec-les-etats-unis","status":"publish","type":"post","link":"https:\/\/www.europesays.com\/fr\/372834\/","title":{"rendered":"Timothy Weah sorti sur blessure avec les \u00c9tats-Unis"},"content":{"rendered":"<p>La tr\u00eave internationale de ce d\u00e9but de mois de septembre va sans doute faire parler en France au regard du nombre de joueurs touch\u00e9s par des blessures. Vendredi soir, lors de la victoire des Bleus face \u00e0 l&rsquo;Ukraine (0-2), ce sont les Parisiens Ousmane Demb\u00e9l\u00e9, \u00e0 la cuisse, et D\u00e9sir\u00e9 Dou\u00e9, au mollet, qui ont souffert dans leur chair, les rendant indisponibles respectivement pour six et trois-quatre semaines, <a href=\"https:\/\/www.laprovence.com\/article\/om\/77675630224137\/om-psg-ousmane-dembele-va-manquer-le-clasico-desire-doue-incertain\" target=\"_blank\" rel=\"nofollow noopener\">ce qui devrait leur faire manquer le Clasico le 21\u00a0septembre prochain au V\u00e9lodrome.<\/a><\/p>\n<p>Mais le PSG ne devrait pas \u00eatre le seul club \u00e0 subir les al\u00e9as de cette tr\u00eave puisqu&rsquo;un joueur de l&rsquo;Olympique de Marseille est \u00e9galement sorti sur blessure\u2026 Il s&rsquo;agit de Timothy Weah, titulaire avec les \u00c9tats-Unis dans la nuit de samedi \u00e0 dimanche, qui a d\u00fb \u00eatre remplac\u00e9 \u00e0 l&rsquo;heure de jeu. Alors qu&rsquo;elle disputait face \u00e0 la Cor\u00e9e du Sud une rencontre amicale, sa s\u00e9lection \u00e9tant qualifi\u00e9e d&rsquo;office pour le mondial-2026 en raison de son statut de pays organisateurs avec le Canada et le Mexique, <a href=\"https:\/\/www.laprovence.com\/article\/om\/2607517426488814\/mercato-weah-va-s-engager-avec-l-om\" target=\"_blank\" rel=\"nofollow noopener\">la nouvelle recrue<\/a> a ressenti une g\u00eane musculaire \u00e0 la jambe droite.<\/p>\n<p>Pour l&rsquo;heure, la s\u00e9lection dirig\u00e9e par Mauricio Pochettino n&rsquo;a pas communiqu\u00e9 sur l&rsquo;\u00e9tat de sant\u00e9 <a href=\"https:\/\/www.laprovence.com\/article\/om\/5560748235437814\/mercato-om-trois-choses-a-savoir-sur-timothy-weah-la-prochaine-recrue-olympienne\" target=\"_blank\" rel=\"nofollow noopener\">du fils de George Weah, Ballon d&rsquo;or 1995.<\/a> Les USA se sont finalement inclin\u00e9s 2 \u00e0 0 face aux Cor\u00e9ens \u00e0 Harrison (New Jersey) et doivent disputer un autre match amical dans la nuit de mardi \u00e0 mercredi (1h30, heure fran\u00e7aise) face au Japon \u00e0 Colombus (Ohio). Reste \u00e0 savoir si Weah sera de la partie ou non\u2026<\/p>\n","protected":false},"excerpt":{"rendered":"La tr\u00eave internationale de ce d\u00e9but de mois de septembre va sans doute faire parler en France au&hellip;\n","protected":false},"author":2,"featured_media":372835,"comment_status":"","ping_status":"","sticky":false,"template":"","format":"standard","meta":{"footnotes":""},"categories":[1589],"tags":[17,11,3396,1431,73,1866,12,149,8252,3356,43405,1864,1865,1863,308,42926],"class_list":{"0":"post-372834","1":"post","2":"type-post","3":"status-publish","4":"format-standard","5":"has-post-thumbnail","7":"category-etats-unis","8":"tag-17","9":"tag-actualites","10":"tag-avec","11":"tag-blessure","12":"tag-etats-unis","13":"tag-etats-unis-damerique","14":"tag-news","15":"tag-om","16":"tag-sorti","17":"tag-sur","18":"tag-timothy","19":"tag-united-states","20":"tag-united-states-of-america","21":"tag-us","22":"tag-usa","23":"tag-weah"},"share_on_mastodon":{"url":"https:\/\/pubeurope.com\/@fr\/115162743110847963","error":""},"_links":{"self":[{"href":"https:\/\/www.europesays.com\/fr\/wp-json\/wp\/v2\/posts\/372834","targetHints":{"allow":["GET"]}}],"collection":[{"href":"https:\/\/www.europesays.com\/fr\/wp-json\/wp\/v2\/posts"}],"about":[{"href":"https:\/\/www.europesays.com\/fr\/wp-json\/wp\/v2\/types\/post"}],"author":[{"embeddable":true,"href":"https:\/\/www.europesays.com\/fr\/wp-json\/wp\/v2\/users\/2"}],"replies":[{"embeddable":true,"href":"https:\/\/www.europesays.com\/fr\/wp-json\/wp\/v2\/comments?post=372834"}],"version-history":[{"count":0,"href":"https:\/\/www.europesays.com\/fr\/wp-json\/wp\/v2\/posts\/372834\/revisions"}],"wp:featuredmedia":[{"embeddable":true,"href":"https:\/\/www.europesays.com\/fr\/wp-json\/wp\/v2\/media\/372835"}],"wp:attachment":[{"href":"https:\/\/www.europesays.com\/fr\/wp-json\/wp\/v2\/media?parent=372834"}],"wp:term":[{"taxonomy":"category","embeddable":true,"href":"https:\/\/www.europesays.com\/fr\/wp-json\/wp\/v2\/categories?post=372834"},{"taxonomy":"post_tag","embeddable":true,"href":"https:\/\/www.europesays.com\/fr\/wp-json\/wp\/v2\/tags?post=372834"}],"curies":[{"name":"wp","href":"https:\/\/api.w.org\/{rel}","templated":true}]}}