{"id":372836,"date":"2025-09-07T11:19:15","date_gmt":"2025-09-07T11:19:15","guid":{"rendered":"https:\/\/www.europesays.com\/fr\/372836\/"},"modified":"2025-09-07T11:19:15","modified_gmt":"2025-09-07T11:19:15","slug":"au-royaume-uni-le-premier-ministre-ne-pourra-pas-avoir-un-range-rover-electrique","status":"publish","type":"post","link":"https:\/\/www.europesays.com\/fr\/372836\/","title":{"rendered":"Au Royaume-Uni, le Premier ministre ne pourra pas avoir un Range Rover \u00e9lectrique"},"content":{"rendered":"<p><a href=\"https:\/\/cdn.automobile-propre.com\/uploads\/2024\/03\/range-rover-e\u0301lectrique.jpeg\" class=\"gallery-image\" rel=\"nofollow noopener\" target=\"_blank\"><img alt=\"\" data-content=\"image\" fetchpriority=\"high\" width=\"1200\" height=\"800\" decoding=\"async\" data-nimg=\"1\" class=\"max-w-full rounded-xl\" style=\"color:transparent\"  src=\"https:\/\/cdn.automobile-propre.com\/cdn-cgi\/image\/width=3840\/https:\/\/cdn.automobile-propre.com\/uploads\/2024\/03\/range-rover-e\u0301lectrique.jpeg\"\/><\/a><\/p>\n<p class=\"font-display text-xl font-semibold leading-7 md:text-2xl md:leading-8\" data-content=\"paragraph\" data-block=\"chapo\">Le Range Rover est un v\u00e9hicule officiel pour diff\u00e9rents gouvernements. Mais sa nouvelle version \u00e9lectrique ne pourra pas jouer le m\u00eame r\u00f4le, car elle est jug\u00e9e incompatible avec le blindage par son constructeur.<\/p>\n<p class=\"block-paragraph font-body text-foreground-text-primary mb-3 text-base leading-6 md:text-lg md:leading-7\" data-content=\"paragraph\" data-block=\"paragraph\">Sa Majest\u00e9 des 4\u00d74, cr\u00e9ateur du concept de tout-terrain de luxe, le Range Rover a remplac\u00e9 bien des limousines dans les garages des stars, grands patrons d\u2019entreprises, chefs d\u2019\u00c9tat ou de gouvernement. Une fonction qui ne r\u00e9clame pas n\u00e9cessairement<a href=\"https:\/\/www.automobile-propre.com\/articles\/range-rover-electrique-des-tests-encore-des-tests-mais-toujours-pas-de-commercialisation\/\" rel=\"nofollow noopener\" target=\"_blank\"> d\u2019aptitudes en tout-terrain<\/a>, mais qui exige souvent des niveaux de protection sup\u00e9rieurs.<\/p>\n<p class=\"block-paragraph font-body text-foreground-text-primary mb-3 text-base leading-6 md:text-lg md:leading-7\" data-content=\"paragraph\" data-block=\"paragraph\">Le constructeur propose ainsi depuis quelques ann\u00e9es des versions blind\u00e9es directement dans son catalogue, sous l\u2019appellation Sentinel. Mais le nouveau Range Rover \u00e9lectrique, dont le carnet de commandes est d\u00e9j\u00e0 bien fourni, ne pourra pas en profiter.<\/p>\n<p><a data-block=\"readMoreBlock\" data-content=\"paragraph\" href=\"https:\/\/www.automobile-propre.com\/breves\/jaguar-et-range-rover-retardent-encore-le-lancement-de-modeles-electriques-cruciaux\/\" class=\"group relative mb-5 flex flex-col rounded-lg\" rel=\"nofollow noopener\" target=\"_blank\">\u00c0 lire aussi<img alt=\"\" loading=\"lazy\" width=\"156\" height=\"97\" decoding=\"async\" data-nimg=\"1\" class=\"aspect-[16\/10] object-cover max-h-[78px] min-h-[78px] w-full min-w-[126px] max-w-[126px] md:max-h-[97px] md:min-h-[97px] md:min-w-[156px] md:max-w-[156px] rounded-lg\" style=\"color:transparent\"  src=\"https:\/\/www.europesays.com\/fr\/wp-content\/uploads\/2025\/09\/1757243955_356_\"\/>Jaguar et Range Rover retardent encore le lancement de mod\u00e8les \u00e9lectriques cruciaux<\/a><\/p>\n<p class=\"block-paragraph font-body text-foreground-text-primary mb-3 text-base leading-6 md:text-lg md:leading-7\" data-content=\"paragraph\" data-block=\"paragraph\">Le Premier Ministre britannique Keir Starmer ne pourra donc pas troquer son Range Rover V8 contre la nouvelle version \u00e9lectrique. Un comble alors que son gouvernement pousse particuliers et entreprises \u00e0 passer \u00e0 l\u2019\u00e9lectrique.<\/p>\n<p class=\"block-paragraph font-body text-foreground-text-primary mb-3 text-base leading-6 md:text-lg md:leading-7\" data-content=\"paragraph\" data-block=\"paragraph\">Mais JLR estime que les v\u00e9hicules \u00e9lectriques sont incompatibles avec les niveaux de protection demand\u00e9s pour les v\u00e9hicules blind\u00e9s gouvernementaux. Le constructeur l\u2019a expliqu\u00e9 non pas en perspective d\u2019une potentielle commande, mais lors d\u2019un d\u00e9bat \u00e0 propos des r\u00e8gles d\u2019\u00e9lectrification. Il demande d\u2019ailleurs que les v\u00e9hicules blind\u00e9s soient exclus des calculs de niveaux d\u2019\u00e9mission des constructeurs.<\/p>\n<p class=\"block-paragraph font-body text-foreground-text-primary mb-3 text-base leading-6 md:text-lg md:leading-7\" data-content=\"paragraph\" data-block=\"paragraph\">Pour des raisons de s\u00e9curit\u00e9, le d\u00e9tail des faiblesses potentielles n\u2019a pas \u00e9t\u00e9 indiqu\u00e9. On peut n\u00e9anmoins s\u2019\u00e9tonner des annonces du constructeur britannique. Comme le pr\u00e9cise <a href=\"https:\/\/www.theguardian.com\/business\/2025\/sep\/01\/jaguar-land-rover-electric-armoured-cars-safety-levels\" rel=\"nofollow noopener\" target=\"_blank\">The Guardian<\/a>, la BMW i7 est bel et bien d\u00e9clin\u00e9e en <a href=\"https:\/\/www.automobile-propre.com\/articles\/bmw-propose-une-limousine-electrique-blindee\/\" rel=\"nofollow noopener\" target=\"_blank\">version blind\u00e9e \u00ab\u00a0i7 Protection\u00a0\u00bb<\/a>. Le probl\u00e8me du Range Rover \u00e9lectrique ne provient donc vraisemblablement pas d\u2019une incompatibilit\u00e9 fondamentale entre \u00e9lectrique et blindage, mais d\u2019une probl\u00e9matique de conception sp\u00e9cifique \u00e0 ce mod\u00e8le\u2026<\/p>\n<p class=\"mb-2 font-display text-sm font-semibold text-foreground-text-tertiary\">La suite de votre contenu apr\u00e8s cette annonce<\/p>\n<p class=\"mb-2 font-display text-sm font-semibold text-foreground-text-tertiary\">La suite de votre contenu apr\u00e8s cette annonce<\/p>\n","protected":false},"excerpt":{"rendered":"Le Range Rover est un v\u00e9hicule officiel pour diff\u00e9rents gouvernements. Mais sa nouvelle version \u00e9lectrique ne pourra pas&hellip;\n","protected":false},"author":2,"featured_media":372837,"comment_status":"","ping_status":"","sticky":false,"template":"","format":"standard","meta":{"footnotes":""},"categories":[1588],"tags":[11,1777,674,12,473,1853,1851,1850,1852],"class_list":{"0":"post-372836","1":"post","2":"type-post","3":"status-publish","4":"format-standard","5":"has-post-thumbnail","7":"category-royaume-uni","8":"tag-actualites","9":"tag-eu","10":"tag-europe","11":"tag-news","12":"tag-royaume-uni","13":"tag-royaume-uni-de-grande-bretagne-et-dirlande-du-nord","14":"tag-uk","15":"tag-united-kingdom","16":"tag-united-kingdom-of-great-britain-and-northern-ireland"},"share_on_mastodon":{"url":"https:\/\/pubeurope.com\/@fr\/115162747143419443","error":""},"_links":{"self":[{"href":"https:\/\/www.europesays.com\/fr\/wp-json\/wp\/v2\/posts\/372836","targetHints":{"allow":["GET"]}}],"collection":[{"href":"https:\/\/www.europesays.com\/fr\/wp-json\/wp\/v2\/posts"}],"about":[{"href":"https:\/\/www.europesays.com\/fr\/wp-json\/wp\/v2\/types\/post"}],"author":[{"embeddable":true,"href":"https:\/\/www.europesays.com\/fr\/wp-json\/wp\/v2\/users\/2"}],"replies":[{"embeddable":true,"href":"https:\/\/www.europesays.com\/fr\/wp-json\/wp\/v2\/comments?post=372836"}],"version-history":[{"count":0,"href":"https:\/\/www.europesays.com\/fr\/wp-json\/wp\/v2\/posts\/372836\/revisions"}],"wp:featuredmedia":[{"embeddable":true,"href":"https:\/\/www.europesays.com\/fr\/wp-json\/wp\/v2\/media\/372837"}],"wp:attachment":[{"href":"https:\/\/www.europesays.com\/fr\/wp-json\/wp\/v2\/media?parent=372836"}],"wp:term":[{"taxonomy":"category","embeddable":true,"href":"https:\/\/www.europesays.com\/fr\/wp-json\/wp\/v2\/categories?post=372836"},{"taxonomy":"post_tag","embeddable":true,"href":"https:\/\/www.europesays.com\/fr\/wp-json\/wp\/v2\/tags?post=372836"}],"curies":[{"name":"wp","href":"https:\/\/api.w.org\/{rel}","templated":true}]}}