{"id":372840,"date":"2025-09-07T11:21:18","date_gmt":"2025-09-07T11:21:18","guid":{"rendered":"https:\/\/www.europesays.com\/fr\/372840\/"},"modified":"2025-09-07T11:21:18","modified_gmt":"2025-09-07T11:21:18","slug":"paneurope-voici-ce-a-quoi-lunion-europeenne-aurait-pu-ressembler","status":"publish","type":"post","link":"https:\/\/www.europesays.com\/fr\/372840\/","title":{"rendered":"Paneurope: voici ce \u00e0 quoi l&rsquo;Union europ\u00e9enne aurait pu ressembler"},"content":{"rendered":"<p>\u00abL&rsquo;Europe centrale est divis\u00e9e en vingt-quatre cantons rayonnant autour de la cath\u00e9drale Saint-\u00c9tienne de Vienne. Leurs capitales sont Bruxelles, Paris, Munich, Gen\u00e8ve, Milan, Marseille, Berlin, Varsovie\u2026\u00bb Voil\u00e0 ce que vous auriez pu r\u00e9citer en cours d&rsquo;histoire-g\u00e9ographie \u00e0 la place des vingt-sept \u00c9tats membres de l&rsquo;Union europ\u00e9enne (UE), si le projet incongru d&rsquo;une \u00abNouvelle Europe pour une paix durable\u00bb, formalis\u00e9 en 1920 par un \u00e9ternel anonyme, avait vu le jour.<\/p>\n<p>Pour comprendre cette initiative \u00e9tonnante, il faut se pencher sur la carte g\u00e9opolitique des ann\u00e9es 1920. Au sortir de la <a href=\"https:\/\/www.slate.fr\/dossier\/9875\/premiere-guerre-mondiale\" class=\"tag-link\" target=\"_blank\" rel=\"noopener\">Premi\u00e8re Guerre mondiale<\/a>, l&rsquo;Europe est exsangue, ruin\u00e9e et d\u00e9vast\u00e9e. Quatre empires ont \u00e9t\u00e9 taill\u00e9s en pi\u00e8ces: l&rsquo;Autriche-Hongrie, l&rsquo;Allemagne, la Russie et la Turquie (anciennement l&rsquo;Empire ottoman). Ratifi\u00e9 en 1919, le trait\u00e9 de Versailles \u00e9tait cens\u00e9 ramener la paix \u00e0 travers le continent, mais il ne fait que jeter de l&rsquo;huile sur le feu en excitant les sentiments revanchards. La mont\u00e9e des nationalismes jette une ombre tenace sur la reconstruction de l&rsquo;Europe et la perspective d&rsquo;une paix durable.<\/p>\n<p><img decoding=\"async\" src=\"\/uploads\/store\/story_271143\/editor\/original_271143_1757112656.jpg\" width=\"730\" height=\"532\" alt=\"Une carte de l'Europe de 1920, apr\u00e8s la conf\u00e9rence de la paix de Paris et le trait\u00e9 de Versailles (1919). | Leslie-Judge Company \/ domaine public \/ Wikimedia Commons\" loading=\"lazy\"\/> <\/p>\n<p class=\"legend-container\">Une carte de l&rsquo;Europe de 1920, apr\u00e8s la conf\u00e9rence de la paix de Paris et le trait\u00e9 de Versailles (1919). | Leslie-Judge Company \/ domaine public \/ <a href=\"https:\/\/commons.wikimedia.org\/wiki\/File:Map_of_Europe_in_1920,_after_the_Paris_Peace_Conference.jpg\" rel=\"nofollow noopener\" target=\"_blank\">Wikimedia Commons<\/a><\/p>\n<p>Penser l&rsquo;int\u00e9gration europ\u00e9enne<\/p>\n<p>Au cours de ce qui s&rsquo;av\u00e8rera finalement \u00eatre l&rsquo;entre-deux-guerres, il existe pourtant des voix qui exhortent les pays europ\u00e9ens \u00e0 la r\u00e9conciliation et \u00e0 l&rsquo;entraide. L&rsquo;un des premiers artisans de la <a href=\"https:\/\/www.slate.fr\/dossier\/2681\/construction-europeenne\" class=\"tag-link\" target=\"_blank\" rel=\"noopener\">construction europ\u00e9enne<\/a> est l&rsquo;intellectuel cosmopolite Richard Coudenhove-Kalergi. Injustement m\u00e9connu, ce diplomate d&rsquo;origine austro-hongroise, devenu citoyen tch\u00e9coslovaque, <a href=\"https:\/\/ehne.fr\/fr\/encyclopedie\/th%C3%A9matiques\/relations-internationales\/cultures-de-paix\/paneurope\" target=\"_blank\" rel=\"noopener\">publie en 1923 un manifeste, Paneuropa<\/a>, qui propose la cr\u00e9ation d&rsquo;une f\u00e9d\u00e9ration d\u00e9mocratique d&rsquo;\u00c9tats europ\u00e9ens. Le temps presse: quelques mois plus t\u00f4t, \u00e0 la fin de l&rsquo;ann\u00e9e 1922, <a href=\"https:\/\/www.lumni.fr\/jeux-educatifs\/urss-chronologie-et-portraits\/chrono.html\" target=\"_blank\" rel=\"noopener\">l&rsquo;URSS voyait le jour<\/a> et le fasciste transalpin Benito Mussolini prenait le pouvoir en Italie apr\u00e8s <a href=\"https:\/\/www.lhistoire.fr\/octobre-1922-les-fascistes-marchent-sur-rome\" target=\"_blank\" rel=\"noopener\">sa marche sur Rome<\/a>.<\/p>\n<p>        <img decoding=\"async\" alt=\"Abonnez-vous gratuitement \u00e0 la newsletter de Slate !\" loading=\"lazy\" class=\"ms-4 ms-md-0\" width=\"82\" height=\"82\" src=\"https:\/\/www.slate.fr\/assets\/newsletter-dd7c4ea7fb4ce45aacc56875521d4bde7ec4ba23f0a0ae088566df808b3a80c3.svg\"\/><br \/>\n        Abonnez-vous gratuitement \u00e0 la newsletter de Slate !Les articles sont s\u00e9lectionn\u00e9s pour vous, en fonction de vos centres d\u2019int\u00e9r\u00eat, tous les jours dans votre bo\u00eete mail.<\/p>\n<p>Pour le comte Richard Coudenhove-Kalergi, il ne s&rsquo;agit pas seulement de ramener la <a href=\"https:\/\/www.slate.fr\/dossier\/6361\/paix\" class=\"tag-link\" target=\"_blank\" rel=\"noopener\">paix<\/a> en Europe, mais aussi de montrer les muscles face aux blocs am\u00e9ricain et sovi\u00e9tique et de dresser un rempart au bolch\u00e9visme qui appara\u00eet \u00e0 l&rsquo;est. \u00abL&rsquo;Europe sauvegarderait par des trait\u00e9s d&rsquo;arbitrage sa paix int\u00e9rieure; par des alliances d\u00e9fensives, sa libert\u00e9 vis-\u00e0-vis de la Russie; par l&rsquo;union douani\u00e8re, son \u00e9conomie menac\u00e9e par la concurrence am\u00e9ricaine\u00bb, <a href=\"https:\/\/www.retronews.fr\/journal\/linformation-financiere-economique-et-politique\/19-septembre-1925\/1\/94d5f220-c74e-4170-bda7-2790e1e90722?search_text=paneurope\" target=\"_blank\" rel=\"noopener\">rel\u00e8ve le journal L&rsquo;Information financi\u00e8re, \u00e9conomique et politique<\/a>, le 19 septembre 1925.<\/p>\n<p>Surtout, l&rsquo;<a href=\"https:\/\/www.slate.fr\/dossier\/373\/europe\" class=\"tag-link\" target=\"_blank\" rel=\"noopener\">Europe<\/a> conserverait par cette union son prestige et son poids \u00e9conomique. Au sortir de la Grande Guerre, en effet, des intellectuels voient le Vieux Continent sombrer. \u00abOn peut se demander si l&rsquo;\u00e9toile de l&rsquo;Europe ne p\u00e2lit pas et si le conflit dont elle a tant souffert n&rsquo;a pas commenc\u00e9 une crise vitale qui pr\u00e9sage la d\u00e9cadence\u00bb, <a href=\"https:\/\/books.google.fr\/books?id=W5cN5VXbIAkC&amp;printsec=frontcover\" target=\"_blank\" rel=\"noopener\">redoute le g\u00e9ographe fran\u00e7ais Albert Demangeon<\/a> en 1920. Plus dynamiques, des nations comme les \u00c9tats-Unis, la Russie et le Japon <a href=\"https:\/\/shs.cairn.info\/revue-allemagne-d-aujourd-hui-2020-3-page-9?lang=fr\" target=\"_blank\" rel=\"noopener\">ne saisiraient-elles pas cette opportunit\u00e9<\/a> pour gouverner le nouvel ordre mondial?<\/p>\n<p>\u00abLa cause de la d\u00e9cadence de l&rsquo;Europe est politique et non biologique, <a href=\"https:\/\/hal.science\/hal-04378952v1\" target=\"_blank\" rel=\"noopener\">rench\u00e9rit Richard Coudenhove-Kalergi<\/a>. [\u2026] Ce ne sont pas les peuples de l&rsquo;Europe qui sont atteints de s\u00e9nilit\u00e9; c&rsquo;est leur syst\u00e8me politique.\u00bb Face \u00e0 ces mod\u00e8les dans l&rsquo;impasse, <a href=\"https:\/\/www.taurillon.org\/Richard-Coudenhove-Kalergi-et-la-PanEurope,02294\" target=\"_blank\" rel=\"noopener\">le diplomate offre une alternative<\/a>: une union f\u00e9d\u00e9rale qui introduirait un arbitrage collectif des conflits (pr\u00e9curseur des tribunaux europ\u00e9ens) et les premiers jalons du libre-\u00e9change (anc\u00eatre du march\u00e9 commun). Richard Coudenhove-Kalergi veut \u00e9galement faire abolir l&rsquo;id\u00e9e de nationalit\u00e9, appel\u00e9e \u00e0 devenir une caract\u00e9ristique priv\u00e9e en Paneurope, au m\u00eame titre que la <a href=\"https:\/\/www.slate.fr\/dossier\/439\/religion\" class=\"tag-link\" target=\"_blank\" rel=\"noopener\">religion<\/a>.<\/p>\n<p>Vingt-quatre cantons \u00abo\u00f9 l&rsquo;amour pr\u00e9vaut\u00bb<\/p>\n<p>C&rsquo;est dans ce contexte que l&rsquo;\u00e9trange carte intitul\u00e9e \u00abLa Nouvelle Europe pour une paix durable\u00bb voit le jour. Dessin\u00e9e en 1920 par un myst\u00e9rieux cartographe identifi\u00e9 par les initiales P.A.M., ce document n&rsquo;est pas issu des bureaux viennois de Richard Coudenhove-Kalergi, m\u00eame s&rsquo;il se r\u00e9clame de l&rsquo;\u00e9bullition europ\u00e9iste qui saisit alors le continent. La carte propose un d\u00e9coupage artificiel du ventre de l&rsquo;Europe en vingt-quatre tranches, dont les pointes convergent \u00e0 <a href=\"https:\/\/www.slate.fr\/story\/179937\/chaleur-canicule-puer-odeurs-metro-parfum-arome-vienne-autriche\" target=\"_blank\" rel=\"noopener\">Vienne<\/a> (tr\u00e8s pr\u00e9cis\u00e9ment, \u00e0 la cath\u00e9drale Saint-\u00c9tienne, situ\u00e9e au c\u0153ur de la capitale autrichienne).<\/p>\n<p><img decoding=\"async\" src=\"\/uploads\/store\/story_271143\/editor\/original_271143_1757112948.jpg\" width=\"730\" height=\"530\" alt=\"\u00abLa Nouvelle Europe pour une paix durable. L'union de l'Europe centrale.\u00bb Carte de 1920, r\u00e9alis\u00e9 par un certain P.A.M. | Domaine public \/ Wikimedia Commons\" loading=\"lazy\"\/> <\/p>\n<p class=\"legend-container\">\u00abLa Nouvelle Europe pour une paix durable. L&rsquo;union de l&rsquo;Europe centrale.\u00bb Carte de 1920, r\u00e9alis\u00e9 par un certain P.A.M. | Domaine public \/ <a href=\"https:\/\/commons.wikimedia.org\/wiki\/File:Das_Neue_Europa_Mit_Dem_Dauernden_Frieden._Die_Unionisierung_Mitteleuropas.jpg\" rel=\"nofollow noopener\" target=\"_blank\">Wikimedia Commons<\/a><\/p>\n<p>Chacun de ces \u00abcantons\u00bb prendra le nom de la principale ville qu&rsquo;il traverse, consid\u00e9r\u00e9e comme sa capitale. \u00abDans mon projet, les \u00c9tats nationaux sont certes d\u00e9chir\u00e9s, mais ils sont pour ainsi dire r\u00e9unis sous un m\u00eame toit gr\u00e2ce \u00e0 la cr\u00e9ation de sous-r\u00e9gions dans lesquelles toutes les nations sont fusionn\u00e9es, <a href=\"https:\/\/digital.library.cornell.edu\/catalog\/ss:19343441\" target=\"_blank\" rel=\"noopener\">indique le manifeste qui l&rsquo;accompagne<\/a>. [\u2026] Une nouvelle nature humaine \u00e9merge de tous les aspects bons et nobles de chaque nation, dans laquelle la haine raciale ne pr\u00e9vaut plus comme auparavant, mais o\u00f9 l&rsquo;amour du peuple pr\u00e9vaut.\u00bb<\/p>\n<p>Cette nouvelle entit\u00e9 g\u00e9ographique sera gouvern\u00e9e par un pr\u00e9sident \u00e9lu pour un mandat de trois ans et <a href=\"https:\/\/publicdomainreview.org\/collection\/unionization-of-central-europe\/\" target=\"_blank\" rel=\"noopener\">adoptera des attributs communs<\/a>: monnaie et drapeau uniques, services postaux partag\u00e9s et <a href=\"https:\/\/www.slate.fr\/story\/161554\/langue-universelle-esperanto-essor-histoire-ludwik-zamenhof-tolkien-soros-communaute-esperantiste\" target=\"_blank\" rel=\"noopener\">l&rsquo;esp\u00e9ranto<\/a> en guise de langue officielle.<\/p>\n<p>Bien entendu, le gros avantage d&rsquo;un d\u00e9coupage artificiel, <a href=\"https:\/\/bigthink.com\/strange-maps\/a-bizarre-peace-proposal-slice-europe-up-like-a-pie\/\" target=\"_blank\" rel=\"noopener\">qui s&rsquo;affranchit des fronti\u00e8res<\/a> g\u00e9ographiques, religieuses, linguistiques et ethniques, est de d\u00e9samorcer les ambitions nationalistes et la tendance au repli sur soi. Qui plus est, en r\u00e9duisant consid\u00e9rablement la sph\u00e8re d&rsquo;influence des grandes nations, elle contraint les cantons, forc\u00e9ment interd\u00e9pendants, <a href=\"https:\/\/www.utterlyinteresting.com\/post\/a-bizarre-map-proposal-to-create-a-peaceful-european\" target=\"_blank\" rel=\"noopener\">\u00e0 collaborer avec leurs voisins<\/a>.<\/p>\n<p>Passage de t\u00e9moin<\/p>\n<p>En 1929, l&rsquo;un des objectifs de Richard Coudenhove-Kalergi est en passe de se r\u00e9aliser lorsque le Fran\u00e7ais Aristide Briand, europ\u00e9iste convaincu et alors ministre des Affaires \u00e9trang\u00e8res, se pr\u00e9sente \u00e0 la tribune de la Soci\u00e9t\u00e9 des Nations pour proposer qu&rsquo;un lien f\u00e9d\u00e9ral unisse les principales nations europ\u00e9ennes. Rat\u00e9: malgr\u00e9 ses belles promesses, <a href=\"https:\/\/www.universalis.fr\/encyclopedie\/europe-histoire-de-l-idee-europeenne\/5-le-drame-de-l-europe-1920-1945\/\" target=\"_blank\" rel=\"noopener\">le projet est rejet\u00e9<\/a> et l&rsquo;Europe s&#8217;embrase dans la flamb\u00e9e des nationalismes. <a href=\"https:\/\/www.taurillon.org\/Richard-Coudenhove-Kalergi-et-la-PanEurope,02294\" target=\"_blank\" rel=\"noopener\">Qualifi\u00e9 de \u00abb\u00e2tard universel\u00bb par Adolf Hitler<\/a>, Richard Coudenhove-Kalergi\u00a0\u2013naturalis\u00e9 fran\u00e7ais en 1939\u2013 est <a href=\"https:\/\/www.international-paneuropean-union.eu\/index.php\/fr\/union-paneuropeenne\/paneurope-lidee-mere-dune-europe-unie\" target=\"_blank\" rel=\"noopener\">contraint de fuir vers les \u00c9tats-Unis en 1940<\/a>: il ne reviendra en Europe qu&rsquo;apr\u00e8s la guerre.<\/p>\n<p>Si \u00abLa Nouvelle Europe pour une paix durable\u00bb ne s&rsquo;est jamais mat\u00e9rialis\u00e9e autrement que sur papier, force est de reconna\u00eetre l&rsquo;influence des premiers Paneurop\u00e9ens dans les institutions actuelles de l&rsquo;<a href=\"https:\/\/www.slate.fr\/dossier\/1845\/union-europeenne\" class=\"tag-link\" target=\"_blank\" rel=\"noopener\">UE<\/a>. Visionnaire, Richard Coudenhove-Kalergi aura cr\u00e9\u00e9 les conditions intellectuelles pour que des figures telles que <a href=\"https:\/\/european-union.europa.eu\/principles-countries-history\/history-eu\/eu-pioneers\/jean-monnet_fr\" target=\"_blank\" rel=\"noopener\">Jean Monnet<\/a> et <a href=\"https:\/\/european-union.europa.eu\/principles-countries-history\/history-eu\/eu-pioneers\/robert-schuman_fr\" target=\"_blank\" rel=\"noopener\">Robert Schuman<\/a> mettent son plan \u00e0 ex\u00e9cution au sortir de la Seconde Guerre mondiale.<\/p>\n<p>Pour les historiens, l&rsquo;identit\u00e9 de P.A.M. reste un myst\u00e8re. Toutefois, en guise de signature, l&rsquo;\u00e9nigmatique cartographe <a href=\"https:\/\/digital.library.cornell.edu\/catalog\/ss:19343441\" target=\"_blank\" rel=\"noopener\">a gliss\u00e9 ces paroles proph\u00e9tiques<\/a>: \u00abPour beaucoup de lecteurs, ce travail peut sembler \u00eatre le fruit d&rsquo;une imagination d\u00e9bordante; un jour, m\u00eame si c&rsquo;est tardivement, la connaissance de la v\u00e9rit\u00e9 prendra le dessus.\u00bb Qui de nous, Europ\u00e9ennes, Europ\u00e9ens, pourrait lui donner tort?<\/p>\n","protected":false},"excerpt":{"rendered":"\u00abL&rsquo;Europe centrale est divis\u00e9e en vingt-quatre cantons rayonnant autour de la cath\u00e9drale Saint-\u00c9tienne de Vienne. Leurs capitales sont&hellip;\n","protected":false},"author":2,"featured_media":372841,"comment_status":"","ping_status":"","sticky":false,"template":"","format":"standard","meta":{"footnotes":""},"categories":[1586],"tags":[11,1777,674,1011,27,12,25],"class_list":{"0":"post-372840","1":"post","2":"type-post","3":"status-publish","4":"format-standard","5":"has-post-thumbnail","7":"category-europe","8":"tag-actualites","9":"tag-eu","10":"tag-europe","11":"tag-fr","12":"tag-france","13":"tag-news","14":"tag-republique-francaise"},"share_on_mastodon":{"url":"https:\/\/pubeurope.com\/@fr\/115162754930105111","error":""},"_links":{"self":[{"href":"https:\/\/www.europesays.com\/fr\/wp-json\/wp\/v2\/posts\/372840","targetHints":{"allow":["GET"]}}],"collection":[{"href":"https:\/\/www.europesays.com\/fr\/wp-json\/wp\/v2\/posts"}],"about":[{"href":"https:\/\/www.europesays.com\/fr\/wp-json\/wp\/v2\/types\/post"}],"author":[{"embeddable":true,"href":"https:\/\/www.europesays.com\/fr\/wp-json\/wp\/v2\/users\/2"}],"replies":[{"embeddable":true,"href":"https:\/\/www.europesays.com\/fr\/wp-json\/wp\/v2\/comments?post=372840"}],"version-history":[{"count":0,"href":"https:\/\/www.europesays.com\/fr\/wp-json\/wp\/v2\/posts\/372840\/revisions"}],"wp:featuredmedia":[{"embeddable":true,"href":"https:\/\/www.europesays.com\/fr\/wp-json\/wp\/v2\/media\/372841"}],"wp:attachment":[{"href":"https:\/\/www.europesays.com\/fr\/wp-json\/wp\/v2\/media?parent=372840"}],"wp:term":[{"taxonomy":"category","embeddable":true,"href":"https:\/\/www.europesays.com\/fr\/wp-json\/wp\/v2\/categories?post=372840"},{"taxonomy":"post_tag","embeddable":true,"href":"https:\/\/www.europesays.com\/fr\/wp-json\/wp\/v2\/tags?post=372840"}],"curies":[{"name":"wp","href":"https:\/\/api.w.org\/{rel}","templated":true}]}}