{"id":372846,"date":"2025-09-07T11:24:10","date_gmt":"2025-09-07T11:24:10","guid":{"rendered":"https:\/\/www.europesays.com\/fr\/372846\/"},"modified":"2025-09-07T11:24:10","modified_gmt":"2025-09-07T11:24:10","slug":"suite-a-une-altercation-un-automobiliste-mineur-renverse-volontairement-un-ado-son-pronostic-vital-engage-sud-ouest","status":"publish","type":"post","link":"https:\/\/www.europesays.com\/fr\/372846\/","title":{"rendered":"Suite \u00e0 une altercation, un automobiliste mineur renverse volontairement un ado, son \u00ab pronostic vital engag\u00e9 \u00bb &#8211; Sud Ouest"},"content":{"rendered":"<ol>\n<li><a href=\"https:\/\/news.google.com\/rss\/articles\/CBMi5AFBVV95cUxPcUVISHlHaUNzTHJySG1STjRSZmNwa0U0M3p4aGp6c2h1MEoteHlUbHFHN0gxYlVYX3J5X3V4T2pZeEt0a3BkamtQRERwWjZ1STRtcW9CMm5JVzBaTG56ZVhRMXBjSXFVZEJGdTg5em5odGpvbV8xeldTQzJRSWhzRl82VGdUMEE5RkYtV0l5MTZWdnRrekVuSXUzX25RNDJ2c05WRlRyWFhwY2RyNXQtNHM2SlBXODd6dUxkNDlJdG9hVkwwbnBjamZCd1JuU1VXQTQ5OV8xSWtjVS1KUDcwai1hTGU?oc=5\" target=\"_blank\" rel=\"nofollow noopener\">Suite \u00e0 une altercation, un automobiliste mineur renverse volontairement un ado, son \u00ab pronostic vital engag\u00e9 \u00bb<\/a>&nbsp;&nbsp;Sud Ouest<\/li>\n<li><a href=\"https:\/\/news.google.com\/rss\/articles\/CBMi5wFBVV95cUxQUHFSMU9IUHNpRG9abFFaei1PNkM0MDdTNlNCMHlMeFR4TFZHYXZkb2ZYSTczRnU5SUhzUlNMTEkzTnREWktIZVFKN1JKQjY3b1czTzlPYWtOaVpjd2RDc1N6YUZVTnNIMm4xNVFGZW91VDNsMWRhX25PTkw0akQtNDRZa3E5SUhfYk5pejBJdGRkTzdtcmljR3Y3eF84RHpwN3BuUFNVa0RlMXpZdGlGU29RYldKWEhVdXE3YlNKc2c4SUhrTW9pYUl3cWxSRTJwZWNBdDBHYkowSnJBMUM3SW5OampxZzA?oc=5\" target=\"_blank\" rel=\"nofollow noopener\">Haute-Sa\u00f4ne. Trottinette contre voiture pr\u00e8s de Melisey : un gar\u00e7on de 14 ans gravement bless\u00e9<\/a>&nbsp;&nbsp;L&rsquo;Est R\u00e9publicain<\/li>\n<li><a href=\"https:\/\/news.google.com\/rss\/articles\/CBMizgFBVV95cUxOaG1vMktnbzZ1dVpVZmkxRHU1bVNDNWxVYVNsZnJBSmJ1ZC04OUlNWWZXMXJvWDFSOHNGZzY0anJQOHdXUDRlanRzRld2Y2IwVjZYSEJSZWwtd3dvbmRCZ3c4U1k4YzQtODk2SXhZcEd3WjJPeU0tUGQ4anBnTnFIQTR2My1FbUxnS1BSanBiX28wUVBqMHQ1ci14OGFDZ1otUjVxckZLeWhNYnRGdHQtdXVVUG9KLWdRWVpabVByTFFDWmtZd09GdUdXbDlVdw?oc=5\" target=\"_blank\" rel=\"nofollow noopener\">Haute-Sa\u00f4ne: un adolescent entre la vie et la mort apr\u00e8s avoir \u00e9t\u00e9 volontairement renvers\u00e9<\/a>&nbsp;&nbsp;Le Figaro<\/li>\n<li><a href=\"https:\/\/news.google.com\/rss\/articles\/CBMitwFBVV95cUxNWDdMcm5WcmlHcGUxRE9PN3A2T1kzMmRQalp0bnNBaDNDN3Uyc2tUc3JTMHowR1YxVU5jd1JWNTBWWXlTWnFxeFJYQmE0eG5FZmg5RFRSZkNhUWVBbHFDcTRYWUJiQ3JKSEdEYmtvTkw4MUV6N2RZMFBVYTF5cFdfb3dRR2ZhaW9PZDV4Znp0b0pkMmw1SGVBZnJ3Umk1Q2FLS29UUzBKSXhRMzF1M2FvR25zMGV4U0E?oc=5\" target=\"_blank\" rel=\"nofollow noopener\">Haute-Sa\u00f4ne : Volontairement renvers\u00e9, un ado de 14 ans entre la vie et la mort<\/a>&nbsp;&nbsp;20 Minutes<\/li>\n<li><a href=\"https:\/\/news.google.com\/rss\/articles\/CBMi4wFBVV95cUxPdF9KRWxsNjNLUk05dEhpMjF4aGFBQ0VLR251RlFreDJNcklPZ2RLSjlqeWFqLS1pcGxpOElMOVpOeDlrMWp3Q2hLR0JNTXd0ZFFpSm9xR1JvcU1VNGpNdDJISEZGa2U3VlJZSG4taEdSZFdtc2VvbEplNElxRy10eVN1UDdqMVg3OWowUjY5c3BiN0J0Sm5tVllxbTlIYTM5ekc4aEwxLTZrckpwMEhDSDlHdWIyeVNTUmlWMVh4azdOUzNCSEQybG1zRDBCOVFfQ3BEdkp4M05Ud05ObC1wdFhwMA?oc=5\" target=\"_blank\" rel=\"nofollow noopener\">Haute-Sa\u00f4ne. Un adolescent \u00e0 trottinette volontairement renvers\u00e9 par une voiture conduite par un mineur<\/a>&nbsp;&nbsp;Le Dauphin\u00e9 Lib\u00e9r\u00e9<\/li>\n<\/ol>\n","protected":false},"excerpt":{"rendered":"Suite \u00e0 une altercation, un automobiliste mineur renverse volontairement un ado, son \u00ab pronostic vital engag\u00e9 \u00bb&nbsp;&nbsp;Sud Ouest&hellip;\n","protected":false},"author":2,"featured_media":372847,"comment_status":"","ping_status":"","sticky":false,"template":"","format":"standard","meta":{"footnotes":""},"categories":[2],"tags":[11,1011,27,12,25],"class_list":{"0":"post-372846","1":"post","2":"type-post","3":"status-publish","4":"format-standard","5":"has-post-thumbnail","7":"category-actualites","8":"tag-actualites","9":"tag-fr","10":"tag-france","11":"tag-news","12":"tag-republique-francaise"},"share_on_mastodon":{"url":"https:\/\/pubeurope.com\/@fr\/115162766639230031","error":""},"_links":{"self":[{"href":"https:\/\/www.europesays.com\/fr\/wp-json\/wp\/v2\/posts\/372846","targetHints":{"allow":["GET"]}}],"collection":[{"href":"https:\/\/www.europesays.com\/fr\/wp-json\/wp\/v2\/posts"}],"about":[{"href":"https:\/\/www.europesays.com\/fr\/wp-json\/wp\/v2\/types\/post"}],"author":[{"embeddable":true,"href":"https:\/\/www.europesays.com\/fr\/wp-json\/wp\/v2\/users\/2"}],"replies":[{"embeddable":true,"href":"https:\/\/www.europesays.com\/fr\/wp-json\/wp\/v2\/comments?post=372846"}],"version-history":[{"count":0,"href":"https:\/\/www.europesays.com\/fr\/wp-json\/wp\/v2\/posts\/372846\/revisions"}],"wp:featuredmedia":[{"embeddable":true,"href":"https:\/\/www.europesays.com\/fr\/wp-json\/wp\/v2\/media\/372847"}],"wp:attachment":[{"href":"https:\/\/www.europesays.com\/fr\/wp-json\/wp\/v2\/media?parent=372846"}],"wp:term":[{"taxonomy":"category","embeddable":true,"href":"https:\/\/www.europesays.com\/fr\/wp-json\/wp\/v2\/categories?post=372846"},{"taxonomy":"post_tag","embeddable":true,"href":"https:\/\/www.europesays.com\/fr\/wp-json\/wp\/v2\/tags?post=372846"}],"curies":[{"name":"wp","href":"https:\/\/api.w.org\/{rel}","templated":true}]}}