{"id":372848,"date":"2025-09-07T11:25:15","date_gmt":"2025-09-07T11:25:15","guid":{"rendered":"https:\/\/www.europesays.com\/fr\/372848\/"},"modified":"2025-09-07T11:25:15","modified_gmt":"2025-09-07T11:25:15","slug":"je-nai-pas-les-mots-a-tremblay-en-france-une-adolescente-de-15-ans-meurt-apres-une-chute-du-11e-etage","status":"publish","type":"post","link":"https:\/\/www.europesays.com\/fr\/372848\/","title":{"rendered":"\u00ab\u00a0Je n\u2019ai pas les mots\u00a0\u00bb\u00a0: \u00e0 Tremblay-en-France, une adolescente de 15\u00a0ans meurt apr\u00e8s une chute du 11e \u00e9tage"},"content":{"rendered":"<p class=\"paragraph text_align_left lp-f-body-02\">Le choc est immense, ce dimanche matin, aux abords de cette r\u00e9sidence paisible et bois\u00e9e du quartier du Vert-Galant \u00e0 <a href=\"https:\/\/www.leparisien.fr\/faits-divers\/tremblay-en-france-un-enfant-de-11-ans-grievement-brule-lors-dun-barbecue-sauvage-30-08-2025-JC43ZRYCJ5DUPJSWU56PTXW2GM.php\" target=\"_self\" rel=\"nofollow noopener\">Tremblay-en-France (Seine-Saint-Denis)<\/a>. La nuit derni\u00e8re, vraisemblablement aux alentours de 3 heures du matin, une adolescente de 15 ans est d\u00e9c\u00e9d\u00e9e apr\u00e8s s\u2019\u00eatre jet\u00e9e par la fen\u00eatre de l\u2019appartement familial, situ\u00e9 au 11e \u00e9tage.<\/p>\n<p class=\"paragraph text_align_left lp-f-body-02\">Malgr\u00e9 l\u2019arriv\u00e9e rapide des secours, la jeune fille n\u2019a pu \u00eatre r\u00e9anim\u00e9e. Selon plusieurs t\u00e9moins, ce n\u2019est qu\u2019apr\u00e8s 8 heures que le corps de la victime a \u00e9t\u00e9 emmen\u00e9 par les pompiers. On ignore encore les circonstances pr\u00e9cises de ce drame. Selon une source polici\u00e8re, il pourrait s\u2019agir d\u2019un diff\u00e9rend familial, alors que plusieurs voisins indiquent qu\u2019un anniversaire se d\u00e9roulait sur place.<\/p>\n<p>\u00ab La maman disait que sa fille avait saut\u00e9 \u00bb<\/p>\n<p class=\"paragraph text_align_left lp-f-body-02\">Ce dimanche, en d\u00e9but de matin\u00e9e, plusieurs t\u00e9moins avaient d\u00e9j\u00e0 d\u00e9pos\u00e9 des bouquets de fleurs au pied de la r\u00e9sidence, pour pr\u00e9senter leurs condol\u00e9ances \u00e0 la famille de la victime.<\/p>\n<p class=\"paragraph text_align_left lp-f-body-02\"><a href=\"https:\/\/www.leparisien.fr\/seine-saint-denis-93\/saint-denis-un-policier-gifle-un-jeune-homme-et-lui-crache-dessus-le-procureur-saisit-ligpn-05-09-2025-XWXRLQDTUZHZZKDIHI6VSYSEY4.php\" target=\"_self\" rel=\"nofollow noopener\">Le parquet de Bobigny<\/a>, qui a ouvert une enqu\u00eate pour recherche des causes de la mort, confi\u00e9e au commissariat de Tremblay-en-France, s\u2019est rendu sur place t\u00f4t ce dimanche matin. Au vu des premiers \u00e9l\u00e9ments, la th\u00e8se du suicide semble la plus plausible.<\/p>\n<p class=\"paragraph text_align_left lp-f-body-02\">Parmi les voisins, dont plusieurs ont \u00e9t\u00e9 alert\u00e9s au milieu de la nuit par les cris de la m\u00e8re de la d\u00e9funte, la tristesse et l\u2019incompr\u00e9hension sont grandes. La famille de la victime \u00e9tait semble-t-il bien connue et appr\u00e9ci\u00e9e dans l\u2019immeuble. \u00ab C\u2019est trop dur, je n\u2019ai pas les mots, souffle une habitante de la r\u00e9sidence, les yeux rougis. J\u2019ai vu na\u00eetre cette enfant, sa famille vivait ici depuis des ann\u00e9es \u00bb.<\/p>\n<p><img decoding=\"async\" class=\"image \" loading=\"lazy\" src=\"https:\/\/www.europesays.com\/fr\/wp-content\/uploads\/2025\/09\/HIQWVG3SNRG63GCHPKZHDFWM2A.jpg\" alt=\"Tremblay-en-France (Seine-Saint-Denis), le 7 septembre. Plusieurs voisins sont venus t\u00f4t ce dimanche matin pour d\u00e9poser des bouquets de fleurs, en m\u00e9moire de la victime.\" align=\"\" data-rubrique-principale=\"\" data-article-type=\"\" fetchpriority=\"auto\"\/>Tremblay-en-France (Seine-Saint-Denis), le 7 septembre. Plusieurs voisins sont venus t\u00f4t ce dimanche matin pour d\u00e9poser des bouquets de fleurs, en m\u00e9moire de la victime.<\/p>\n<p class=\"paragraph text_align_left lp-f-body-02\">\u00ab J\u2019ai entendu des cris et j\u2019ai d\u2019abord cru \u00e0 un incendie, t\u00e9moigne une autre voisine, r\u00e9sidente du quartier depuis dix ans. La maman \u00e9tait sous le choc, elle disait que sa fille avait saut\u00e9, que c\u2019\u00e9tait de sa faute, mais on ne sait pas ce qui a pu se passer. La jeune fille \u00e9tait scolaris\u00e9e au coll\u00e8ge Ren\u00e9 Descartes, elle avait semble-t-il d\u00e9j\u00e0 fait une tentative de fugue. C\u2019est tellement triste. \u00bb<\/p>\n<p class=\"paragraph text_align_left lp-f-body-02\">\u00ab Je connais bien cette famille puisque j\u2019habite au m\u00eame \u00e9tage, t\u00e9moigne de son c\u00f4t\u00e9 Bruno, habitant de la r\u00e9sidence depuis 25 ans. Ce sont des gens adorables, les enfants disaient toujours bonjour avec le sourire. Je suis sous le choc, ce n\u2019est qu\u2019une enfant \u00bb, se d\u00e9sole-t-il. L\u2019homme indique se rendre \u00e0 l\u2019\u00e9glise, comme chaque dimanche, et promet de prier pour la jeune fille.<\/p>\n","protected":false},"excerpt":{"rendered":"Le choc est immense, ce dimanche matin, aux abords de cette r\u00e9sidence paisible et bois\u00e9e du quartier du&hellip;\n","protected":false},"author":2,"featured_media":372849,"comment_status":"","ping_status":"","sticky":false,"template":"","format":"standard","meta":{"footnotes":""},"categories":[4],"tags":[11,118,1011,27,1944,12,25,1945],"class_list":{"0":"post-372848","1":"post","2":"type-post","3":"status-publish","4":"format-standard","5":"has-post-thumbnail","7":"category-france","8":"tag-actualites","9":"tag-faits-divers","10":"tag-fr","11":"tag-france","12":"tag-ma-ville","13":"tag-news","14":"tag-republique-francaise","15":"tag-seine-saint-denis"},"share_on_mastodon":{"url":"https:\/\/pubeurope.com\/@fr\/115162770510800334","error":""},"_links":{"self":[{"href":"https:\/\/www.europesays.com\/fr\/wp-json\/wp\/v2\/posts\/372848","targetHints":{"allow":["GET"]}}],"collection":[{"href":"https:\/\/www.europesays.com\/fr\/wp-json\/wp\/v2\/posts"}],"about":[{"href":"https:\/\/www.europesays.com\/fr\/wp-json\/wp\/v2\/types\/post"}],"author":[{"embeddable":true,"href":"https:\/\/www.europesays.com\/fr\/wp-json\/wp\/v2\/users\/2"}],"replies":[{"embeddable":true,"href":"https:\/\/www.europesays.com\/fr\/wp-json\/wp\/v2\/comments?post=372848"}],"version-history":[{"count":0,"href":"https:\/\/www.europesays.com\/fr\/wp-json\/wp\/v2\/posts\/372848\/revisions"}],"wp:featuredmedia":[{"embeddable":true,"href":"https:\/\/www.europesays.com\/fr\/wp-json\/wp\/v2\/media\/372849"}],"wp:attachment":[{"href":"https:\/\/www.europesays.com\/fr\/wp-json\/wp\/v2\/media?parent=372848"}],"wp:term":[{"taxonomy":"category","embeddable":true,"href":"https:\/\/www.europesays.com\/fr\/wp-json\/wp\/v2\/categories?post=372848"},{"taxonomy":"post_tag","embeddable":true,"href":"https:\/\/www.europesays.com\/fr\/wp-json\/wp\/v2\/tags?post=372848"}],"curies":[{"name":"wp","href":"https:\/\/api.w.org\/{rel}","templated":true}]}}