{"id":372854,"date":"2025-09-07T11:29:13","date_gmt":"2025-09-07T11:29:13","guid":{"rendered":"https:\/\/www.europesays.com\/fr\/372854\/"},"modified":"2025-09-07T11:29:13","modified_gmt":"2025-09-07T11:29:13","slug":"us-open-wilander-stefanos-tsitsipas-alexander-zverev-ou-medvedev-attendent-souvent-que-la-balle-vienne-a-eux-on-ne-voit-pas-ca-avec-sinner-et-alcaraz","status":"publish","type":"post","link":"https:\/\/www.europesays.com\/fr\/372854\/","title":{"rendered":"US Open > Wilander : \u00abStefanos Tsitsipas, Alexander Zverev ou Medvedev attendent souvent que la balle vienne \u00e0 eux. On ne voit pas \u00e7a avec Sinner et Alcaraz\u00a0\u00bb"},"content":{"rendered":"<p>Mats suit le tennis de pr\u00e8s depuis long\u00adtemps. Comme il l\u2019ex\u00adplique, Jannik et Carlos ont chang\u00e9 l\u2019id\u00e9e du tennis moderne. Le Su\u00e9dois revient sur la p\u00e9riode pr\u00e9c\u00e9\u00addente qui \u00e9tait \u00ab\u202fdomin\u00e9e\u202f\u00bb par des Medvedev et compa\u00adgnie. Pour lui, la diff\u00e9\u00adrence se situe avant tout sur une id\u00e9e du\u00a0jeu.\u00a0<\/p>\n<p>\u00ab\u202fLa raison pour laquelle je crois que Sinner et Alcaraz sont si loin devant les autres dans le jeu masculin, c\u2019est qu\u2019ils sont tr\u00e8s complets. Si vous regardez la p\u00e9riode pr\u00e9c\u00e9\u00addente, nous avions Daniil Medvedev qui \u00e9tait peut\u2010\u00eatre comme le meilleur joueur sur terrain dur au monde pendant un certain temps. Et si main\u00adte\u00adnant l\u2019on compare le rythme de jeu et la vitesse de Jannik Sinner, on constate une grande diff\u00e9\u00adrence. Sinner n\u2019at\u00adtend rien. Il va cher\u00adcher le ballon, l\u2019at\u00adtaque et met ses adver\u00adsaires sous pres\u00adsion alors que Stefanos Tsitsipas, Alexander Zverev ou Medvedev attendent souvent que le ballon vienne \u00e0 eux. On ne voit pas \u00e7a avec Sinner et Alcaraz. Ils sont juste beau\u00adcoup plus agres\u00adsifs que les autres joueurs, et pas seule\u00adment de temps en temps. Tout le temps\u202f\u00bb<strong> <\/strong><\/p>\n<p class=\"post-published-date\" style=\"color: silver; font-size: 75%; text-align: left;\">Publi\u00e9 le dimanche 7 septembre 2025 \u00e0 09:18<\/p>\n","protected":false},"excerpt":{"rendered":"Mats suit le tennis de pr\u00e8s depuis long\u00adtemps. Comme il l\u2019ex\u00adplique, Jannik et Carlos ont chang\u00e9 l\u2019id\u00e9e du&hellip;\n","protected":false},"author":2,"featured_media":175451,"comment_status":"","ping_status":"","sticky":false,"template":"","format":"standard","meta":{"footnotes":""},"categories":[1415],"tags":[1744,3252,1011,27,2127,60,1467,5443,4542],"class_list":{"0":"post-372854","1":"post","2":"type-post","3":"status-publish","4":"format-standard","5":"has-post-thumbnail","7":"category-tennis","8":"tag-alcaraz","9":"tag-daniil-medvedev","10":"tag-fr","11":"tag-france","12":"tag-sinner","13":"tag-sports","14":"tag-tennis","15":"tag-tsitsipas","16":"tag-zverev"},"share_on_mastodon":{"url":"https:\/\/pubeurope.com\/@fr\/115162786209087995","error":""},"_links":{"self":[{"href":"https:\/\/www.europesays.com\/fr\/wp-json\/wp\/v2\/posts\/372854","targetHints":{"allow":["GET"]}}],"collection":[{"href":"https:\/\/www.europesays.com\/fr\/wp-json\/wp\/v2\/posts"}],"about":[{"href":"https:\/\/www.europesays.com\/fr\/wp-json\/wp\/v2\/types\/post"}],"author":[{"embeddable":true,"href":"https:\/\/www.europesays.com\/fr\/wp-json\/wp\/v2\/users\/2"}],"replies":[{"embeddable":true,"href":"https:\/\/www.europesays.com\/fr\/wp-json\/wp\/v2\/comments?post=372854"}],"version-history":[{"count":0,"href":"https:\/\/www.europesays.com\/fr\/wp-json\/wp\/v2\/posts\/372854\/revisions"}],"wp:featuredmedia":[{"embeddable":true,"href":"https:\/\/www.europesays.com\/fr\/wp-json\/wp\/v2\/media\/175451"}],"wp:attachment":[{"href":"https:\/\/www.europesays.com\/fr\/wp-json\/wp\/v2\/media?parent=372854"}],"wp:term":[{"taxonomy":"category","embeddable":true,"href":"https:\/\/www.europesays.com\/fr\/wp-json\/wp\/v2\/categories?post=372854"},{"taxonomy":"post_tag","embeddable":true,"href":"https:\/\/www.europesays.com\/fr\/wp-json\/wp\/v2\/tags?post=372854"}],"curies":[{"name":"wp","href":"https:\/\/api.w.org\/{rel}","templated":true}]}}