{"id":372855,"date":"2025-09-07T11:31:10","date_gmt":"2025-09-07T11:31:10","guid":{"rendered":"https:\/\/www.europesays.com\/fr\/372855\/"},"modified":"2025-09-07T11:31:10","modified_gmt":"2025-09-07T11:31:10","slug":"motogp-yamaha-toprak-razgatlioglu-nest-pas-encore-dans-le-box-pramac-mais-il-y-a-deja-un-probleme","status":"publish","type":"post","link":"https:\/\/www.europesays.com\/fr\/372855\/","title":{"rendered":"MotoGP, Yamaha : Toprak Razgatlioglu n\u2019est pas encore dans le box Pramac mais il y a d\u00e9j\u00e0 un probl\u00e8me"},"content":{"rendered":"<p><strong>L\u2019arriv\u00e9e de Toprak Razgatlioglu chez Yamaha Pramac<br \/>\nenflamme le paddock, mais avant m\u00eame que le Turc ne monte sur la<br \/>\nM1, un premier imbroglio agite les coulisses : la pr\u00e9sence de son<br \/>\ning\u00e9nieur de confiance, Phil Marron, n\u2019est pas<br \/>\ngarantie.<\/strong><\/p>\n<p>Depuis des mois, tout le monde pensait que<br \/>\n<strong>Marron<\/strong> suivrait logiquement<br \/>\n<strong>Toprak<\/strong> dans l\u2019aventure <a href=\"https:\/\/www.paddock-gp.com\/motogp-toprak-razgatlioglu-sur-la-grille-des-2026-un-choix-trop-precipite-selon-carlo-pernat\/\" target=\"_blank\" rel=\"noopener\"><br \/>\n<strong>Yamaha<\/strong><\/a>, mais la r\u00e9alit\u00e9 est plus compliqu\u00e9e<br \/>\nselon <a href=\"https:\/\/www.gpone.com\/en\/2025\/09\/05\/sbk\/yamaha-prepares-for-topraks-arrival-but-theres-already-a-headache-to-solve.html\" target=\"_blank\" rel=\"noopener\"><br \/>\nGPOne<\/a>. Le pilote turc, fid\u00e8le \u00e0 son style, pr\u00e9f\u00e8re minimiser le<br \/>\nprobl\u00e8me.<\/p>\n<p>\u00ab Pour moi, <strong>ce n\u2019est pas une question de vie ou de<br \/>\nmort<\/strong> \u00bb, a-t-il confi\u00e9. \u00ab Phil est un ami, un<br \/>\nfr\u00e8re, et il m\u2019a beaucoup aid\u00e9 en Superbike. Mais en MotoGP, les<br \/>\nchoses sont diff\u00e9rentes. Je suis heureux si nous travaillons encore<br \/>\nensemble, <strong>mais s\u2019il n\u2019est pas l\u00e0<\/strong>, je resterai<br \/>\nconcentr\u00e9 sur ma mission : gagner. \u00bb<\/p>\n<p><img loading=\"lazy\" decoding=\"async\" class=\"aligncenter size-full wp-image-1325656\" src=\"https:\/\/www.europesays.com\/fr\/wp-content\/uploads\/2025\/09\/Toprak-.jpg\" alt=\"Toprak Razgatlioglu \" width=\"716\" height=\"495\"  \/><\/p>\n<p><strong>Toprak Razgatlioglu\u00a0:<br \/>\n\u00ab\u00a0la moto sera nouvelle, l\u2019\u00e9quipe aussi. Je dois<br \/>\nm\u2019adapter, et je suis pr\u00eat\u00a0\u00bb<\/strong><\/p>\n<p>Une d\u00e9claration qui peut sembler apaiser les tensions, mais qui<br \/>\ncache mal un vrai casse-t\u00eate organisationnel pour<br \/>\n<strong>Yamaha<\/strong>. L\u2019ing\u00e9nieur irlandais, figure cl\u00e9 du<br \/>\nsucc\u00e8s de <strong>Toprak Razgatlioglu<\/strong> en WSBK, n\u2019est pas<br \/>\nencore assur\u00e9 de faire le saut en MotoGP.<\/p>\n<p>Dans le paddock, certains murmurent que cette incertitude<br \/>\npourrait compliquer l\u2019adaptation du champion du monde Superbike,<br \/>\nattendu comme l\u2019une des t\u00eates d\u2019affiche de 2026. Mais<br \/>\n<strong>Toprak<\/strong>, encore une fois, refuse de se laisser<br \/>\ndistraire :<\/p>\n<p>\u00ab La moto sera nouvelle, l\u2019\u00e9quipe aussi. Je dois m\u2019adapter,<br \/>\net je suis pr\u00eat. Phil ou pas Phil, mon objectif reste le m\u00eame :<br \/>\n<strong>\u00eatre comp\u00e9titif d\u00e8s le d\u00e9but<\/strong>. \u00bb<\/p>\n<p><strong>Yamaha<\/strong> mise gros sur <strong>Toprak<\/strong>,<br \/>\nmais avant m\u00eame que les feux ne s\u2019allument, un d\u00e9tail crucial \u2013 son<br \/>\nchef d\u2019\u00e9quipe \u2013 menace d\u00e9j\u00e0 de perturber le plan. Et si<br \/>\n<strong>Toprak Razgatlioglu<\/strong> affiche une s\u00e9r\u00e9nit\u00e9 de<br \/>\nfa\u00e7ade, dans les coulisses, <a href=\"https:\/\/www.paddock-gp.com\/motogp-toprak-razgatlioglu-arrive-avec-pramac-yamaha-en-2026-un-pari-risque-selon-gigi-dalligna\/\" target=\"_blank\" rel=\"noopener\"><br \/>\n<strong>Yamaha<\/strong><\/a> devra vite trancher pour \u00e9viter que le<br \/>\n\u201ccasse-t\u00eate Marron\u201d ne se transforme en vrai handicap.<\/p>\n<p><img loading=\"lazy\" decoding=\"async\" class=\"aligncenter size-full wp-image-1325660\" src=\"https:\/\/www.europesays.com\/fr\/wp-content\/uploads\/2025\/09\/Toprak-2.jpg\" alt=\"Toprak Razgatlioglu \" width=\"607\" height=\"638\"  \/><\/p>\n","protected":false},"excerpt":{"rendered":"L\u2019arriv\u00e9e de Toprak Razgatlioglu chez Yamaha Pramac enflamme le paddock, mais avant m\u00eame que le Turc ne monte&hellip;\n","protected":false},"author":2,"featured_media":372856,"comment_status":"","ping_status":"","sticky":false,"template":"","format":"standard","meta":{"footnotes":""},"categories":[1413],"tags":[1011,27,1457,1456,60],"class_list":{"0":"post-372855","1":"post","2":"type-post","3":"status-publish","4":"format-standard","5":"has-post-thumbnail","7":"category-moto","8":"tag-fr","9":"tag-france","10":"tag-moto","11":"tag-motocycle","12":"tag-sports"},"share_on_mastodon":{"url":"https:\/\/pubeurope.com\/@fr\/115162794254135445","error":""},"_links":{"self":[{"href":"https:\/\/www.europesays.com\/fr\/wp-json\/wp\/v2\/posts\/372855","targetHints":{"allow":["GET"]}}],"collection":[{"href":"https:\/\/www.europesays.com\/fr\/wp-json\/wp\/v2\/posts"}],"about":[{"href":"https:\/\/www.europesays.com\/fr\/wp-json\/wp\/v2\/types\/post"}],"author":[{"embeddable":true,"href":"https:\/\/www.europesays.com\/fr\/wp-json\/wp\/v2\/users\/2"}],"replies":[{"embeddable":true,"href":"https:\/\/www.europesays.com\/fr\/wp-json\/wp\/v2\/comments?post=372855"}],"version-history":[{"count":0,"href":"https:\/\/www.europesays.com\/fr\/wp-json\/wp\/v2\/posts\/372855\/revisions"}],"wp:featuredmedia":[{"embeddable":true,"href":"https:\/\/www.europesays.com\/fr\/wp-json\/wp\/v2\/media\/372856"}],"wp:attachment":[{"href":"https:\/\/www.europesays.com\/fr\/wp-json\/wp\/v2\/media?parent=372855"}],"wp:term":[{"taxonomy":"category","embeddable":true,"href":"https:\/\/www.europesays.com\/fr\/wp-json\/wp\/v2\/categories?post=372855"},{"taxonomy":"post_tag","embeddable":true,"href":"https:\/\/www.europesays.com\/fr\/wp-json\/wp\/v2\/tags?post=372855"}],"curies":[{"name":"wp","href":"https:\/\/api.w.org\/{rel}","templated":true}]}}