{"id":372860,"date":"2025-09-07T11:34:10","date_gmt":"2025-09-07T11:34:10","guid":{"rendered":"https:\/\/www.europesays.com\/fr\/372860\/"},"modified":"2025-09-07T11:34:10","modified_gmt":"2025-09-07T11:34:10","slug":"un-concurrent-place-lasse-au-dessus-du-lot","status":"publish","type":"post","link":"https:\/\/www.europesays.com\/fr\/372860\/","title":{"rendered":"Un concurrent place l&rsquo;ASSE au dessus du lot !"},"content":{"rendered":"<p data-start=\"163\" data-end=\"399\"><strong data-start=\"163\" data-end=\"397\">En conf\u00e9rence de presse, Zoumana Camara a livr\u00e9 son analyse du d\u00e9but de saison en <a href=\"https:\/\/peuple-vert.fr\/asse-actualite\/ligue-2-asse-discipline\/\" target=\"_blank\" rel=\"noopener nofollow\">Ligue 2<\/a>. Pour l\u2019entra\u00eeneur du MHSC, le championnat reste homog\u00e8ne\u2026 \u00e0 l\u2019exception d\u2019une \u00e9quipe : l\u2019ASSE, qu\u2019il consid\u00e8re comme un cran au-dessus. Des propos retranscrits par <a href=\"https:\/\/www.allezpaillade.com\/ligue-2\/zoumana-camara-lasse-ils-me-semblent-un-cran-au-dessus\/\" target=\"_blank\" rel=\"noopener nofollow\">allezpaillade.com<\/a><\/strong><\/p>\n<p data-start=\"401\" data-end=\"785\">Le technicien du MHSC et ex-joueur du club lig\u00e9rien s\u2019est exprim\u00e9 avec franchise sur ce nouvel exercice de Ligue 2 lanc\u00e9 d\u00e9but ao\u00fbt. Selon lui, le championnat est marqu\u00e9 par un fort \u00e9quilibre entre les formations. \u00ab Les premiers r\u00e9sultats montrent l\u2019homog\u00e9n\u00e9it\u00e9. Il faut s\u2019attendre \u00e0 \u00e7a pendant un moment avant que, selon moi, une ou deux \u00e9quipes parviennent \u00e0 se d\u00e9tacher \u00bb, a-t-il d\u00e9clar\u00e9 devant la presse.<\/p>\n<p data-start=\"787\" data-end=\"1113\">Dans son analyse, \u00ab\u00a0Papus\u00a0\u00bb Camara ne s\u2019est pas content\u00e9 de g\u00e9n\u00e9ralit\u00e9s. Il a cit\u00e9 nomm\u00e9ment l\u2019AS Saint-\u00c9tienne comme l\u2019\u00e9quipe qui semble avoir les armes pour prendre de l\u2019avance sur ses rivaux. Un constat qui conforte la dynamique actuelle des Verts et l\u2019ambition affich\u00e9e par le club de retrouver la Ligue 1 d\u00e8s la fin de la saison.<\/p>\n<p>ASSE : un effectif jug\u00e9 sup\u00e9rieur<\/p>\n<p data-start=\"1160\" data-end=\"1605\">Pour Zoumana Camara, le niveau affich\u00e9 par les Verts justifie ce statut particulier. \u00ab Je pense notamment \u00e0 Saint-\u00c9tienne, ils me semblent un cran au-dessus \u00bb, a-t-il insist\u00e9. Dans un championnat r\u00e9put\u00e9 pour ses surprises, rares sont les entra\u00eeneurs qui se risquent \u00e0 d\u00e9gager un favori si t\u00f4t dans la saison. Que le coach du MHSC place l\u2019ASSE dans cette position d\u00e9montre la perception d\u2019une sup\u00e9riorit\u00e9 sportive et mentale chez les St\u00e9phanois.<\/p>\n<p data-start=\"1607\" data-end=\"1821\">De leur c\u00f4t\u00e9, les hommes d\u2019Eirik Horneland ont montr\u00e9 de la r\u00e9gularit\u00e9 et un secteur offensif en forme qui font d\u00e9j\u00e0 la diff\u00e9rence. Les statistiques et la dynamique de groupe confirment ce regard ext\u00e9rieur flatteur.<\/p>\n<p>Une reconstruction encore en cours au MHSC<\/p>\n<p data-start=\"1880\" data-end=\"2262\">Interrog\u00e9 sur son propre effectif, Camara a rappel\u00e9 que son projet est encore en construction. \u00ab Dans notre reconstruction, je cherche avant tout \u00e0 ce que l\u2019\u00e9quipe retrouve de la solidit\u00e9, un \u00e9tat d\u2019esprit, de la combativit\u00e9 et de la confiance \u00bb, a-t-il soulign\u00e9. Le coach montpelli\u00e9rain ne souhaite pas br\u00fbler les \u00e9tapes et refuse de se fixer des objectifs de classement \u00e0 court terme.<\/p>\n<p data-start=\"2264\" data-end=\"2489\">Cette prudence contraste avec l\u2019ambition que les observateurs attribuent \u00e0 l\u2019ASSE. Si le MHSC travaille encore \u00e0 assimiler les principes de jeu de son entra\u00eeneur, mais \u00e9galement tente de se remettre de sa saison 24\/25 catastrophique en Ligue 1, Saint-\u00c9tienne semble d\u00e9j\u00e0 arm\u00e9 pour jouer le haut du tableau.<\/p>\n<p>L\u2019ASSE d\u00e9j\u00e0 dans la t\u00eate des adversaires<\/p>\n<p data-start=\"2543\" data-end=\"2890\">En pla\u00e7ant Saint-\u00c9tienne au centre de son analyse, Zoumana Camara envoie aussi un message indirect aux autres formations de Ligue 2 : les Verts sont attendus et surveill\u00e9s de pr\u00e8s. Pour l\u2019ASSE, \u00eatre consid\u00e9r\u00e9e comme favorite d\u00e8s les premi\u00e8res semaines peut \u00eatre \u00e0 double tranchant : une source de confiance, mais aussi de pression suppl\u00e9mentaire.<\/p>\n<p data-start=\"2892\" data-end=\"3115\">Reste que ce regard ext\u00e9rieur illustre parfaitement l\u2019\u00e9volution r\u00e9cente des St\u00e9phanois, d\u00e9sormais per\u00e7us comme une \u00e9quipe candidate s\u00e9rieuse \u00e0 la mont\u00e9e. De quoi renforcer encore l\u2019enthousiasme des supporters du Chaudron.<\/p>\n","protected":false},"excerpt":{"rendered":"En conf\u00e9rence de presse, Zoumana Camara a livr\u00e9 son analyse du d\u00e9but de saison en Ligue 2. Pour&hellip;\n","protected":false},"author":2,"featured_media":372861,"comment_status":"","ping_status":"","sticky":false,"template":"","format":"standard","meta":{"footnotes":""},"categories":[1410],"tags":[63,1011,27,60],"class_list":{"0":"post-372860","1":"post","2":"type-post","3":"status-publish","4":"format-standard","5":"has-post-thumbnail","7":"category-football","8":"tag-football","9":"tag-fr","10":"tag-france","11":"tag-sports"},"share_on_mastodon":{"url":"https:\/\/pubeurope.com\/@fr\/115162806009466870","error":""},"_links":{"self":[{"href":"https:\/\/www.europesays.com\/fr\/wp-json\/wp\/v2\/posts\/372860","targetHints":{"allow":["GET"]}}],"collection":[{"href":"https:\/\/www.europesays.com\/fr\/wp-json\/wp\/v2\/posts"}],"about":[{"href":"https:\/\/www.europesays.com\/fr\/wp-json\/wp\/v2\/types\/post"}],"author":[{"embeddable":true,"href":"https:\/\/www.europesays.com\/fr\/wp-json\/wp\/v2\/users\/2"}],"replies":[{"embeddable":true,"href":"https:\/\/www.europesays.com\/fr\/wp-json\/wp\/v2\/comments?post=372860"}],"version-history":[{"count":0,"href":"https:\/\/www.europesays.com\/fr\/wp-json\/wp\/v2\/posts\/372860\/revisions"}],"wp:featuredmedia":[{"embeddable":true,"href":"https:\/\/www.europesays.com\/fr\/wp-json\/wp\/v2\/media\/372861"}],"wp:attachment":[{"href":"https:\/\/www.europesays.com\/fr\/wp-json\/wp\/v2\/media?parent=372860"}],"wp:term":[{"taxonomy":"category","embeddable":true,"href":"https:\/\/www.europesays.com\/fr\/wp-json\/wp\/v2\/categories?post=372860"},{"taxonomy":"post_tag","embeddable":true,"href":"https:\/\/www.europesays.com\/fr\/wp-json\/wp\/v2\/tags?post=372860"}],"curies":[{"name":"wp","href":"https:\/\/api.w.org\/{rel}","templated":true}]}}