{"id":372877,"date":"2025-09-07T11:43:10","date_gmt":"2025-09-07T11:43:10","guid":{"rendered":"https:\/\/www.europesays.com\/fr\/372877\/"},"modified":"2025-09-07T11:43:10","modified_gmt":"2025-09-07T11:43:10","slug":"jim-jarmusch-kaouther-ben-hania-xin-zhilei-valerie-donzelli-le-palmares-de-la-mostra-de-venise-liberation","status":"publish","type":"post","link":"https:\/\/www.europesays.com\/fr\/372877\/","title":{"rendered":"Jim Jarmusch, Kaouther Ben Hania, Xin Zhilei, Val\u00e9rie Donzelli\u2026 le palmar\u00e8s de la Mostra de Venise \u2013 Lib\u00e9ration"},"content":{"rendered":"<p class=\"sc-cPiKLX AiZTS text-element\">Au terme d\u2019une \u00e9dition tr\u00e8s politique, la 82e Mostra de Venise a r\u00e9compens\u00e9, samedi 6 septembre, Father Mother Sister Brother de Jim Jarmusch. Le film am\u00e9ricain ind\u00e9pendant sur la famille a remport\u00e9 \u00e0 la surprise g\u00e9n\u00e9rale le Lion d\u2019or. <\/p>\n<p class=\"sc-cPiKLX AiZTS text-element\">Il s\u2019agit d\u2019un triptyque entre le New Jersey, Dublin et Paris, port\u00e9 par un casting cinq \u00e9toiles (Adam Driver, Cate Blanchett, Tom Waits\u2026). Tr\u00e8s sobre dans sa mise en sc\u00e8ne, ce long-m\u00e9trage, o\u00f9 silences, gestes et regards comptent souvent plus que les dialogues, se veut une r\u00e9flexion tendre sur la famille. Une sorte \u00abd\u2019anti-film d\u2019action\u00bb, s\u2019est amus\u00e9 son r\u00e9alisateur de 72 ans. <\/p>\n<p class=\"sc-cPiKLX AiZTS text-element\">Lors de cette c\u00e9r\u00e9monie de cl\u00f4ture, marqu\u00e9e par <a href=\"https:\/\/www.liberation.fr\/culture\/series\/hagai-levi-a-la-mostra-de-venise-israel-est-devenu-un-lieu-de-haine-20250904_AU6KBK7F5RCLLH5TIDPMV3C5F4\/\" target=\"_blank\" rel=\"noreferrer nofollow noopener\" title=\"https:\/\/www.liberation.fr\/culture\/series\/hagai-levi-a-la-mostra-de-venise-israel-est-devenu-un-lieu-de-haine-20250904_AU6KBK7F5RCLLH5TIDPMV3C5F4\/\">les nombreux gestes et d\u00e9clarations de solidarit\u00e9 \u00e0 l\u2019\u00e9gard de Gaza<\/a>, le film choc The Voice of Hind Rajab de la r\u00e9alisatrice tunisienne Kaouther Ben Hania \u2013 qui raconte le calvaire d\u2019une fillette palestinienne tu\u00e9e d\u00e9but 2024 \u00e0 Gaza \u2013 a \u00e9t\u00e9 r\u00e9compens\u00e9 du Lion d\u2019argent, la deuxi\u00e8me r\u00e9compense la plus prestigieuse. <\/p>\n<p class=\"sc-cPiKLX AiZTS text-element\">Ovationn\u00e9 pendant 23 minutes, The Voice of Hind Rajab a boulevers\u00e9 les festivaliers. Sa r\u00e9alisatrice s\u2019est appuy\u00e9e sur les v\u00e9ritables enregistrements des appels au secours d\u2019une fillette palestinienne qui avaient suscit\u00e9 une vive \u00e9motion au moment de leur r\u00e9v\u00e9lation. Hind Rajab a \u00e9t\u00e9 retrouv\u00e9e morte \u00e0 l\u2019int\u00e9rieur d\u2019une voiture cribl\u00e9e de balles dans la ville de Gaza, plusieurs jours apr\u00e8s avoir pass\u00e9 des heures au t\u00e9l\u00e9phone, le 29 janvier 2024, avec le Croissant-Rouge palestinien. <\/p>\n<p class=\"sc-cPiKLX AiZTS text-element\">\u00abLe cin\u00e9ma ne peut pas ramener Hind et effacer les atrocit\u00e9s commises contre elle\u00bb, a r\u00e9agi Kaouther Ben Hania, accueillie par une standing ovation, en recevant son prix. Mais \u00able cin\u00e9ma peut pr\u00e9server sa voix [\u2026] car son histoire n\u2019est pas que la sienne. C\u2019est celle tragique de tout un peuple, un peuple souffrant d\u2019un g\u00e9nocide inflig\u00e9 par un gouvernement isra\u00e9lien criminel qui agit avec impunit\u00e9\u00bb, a-t-elle insist\u00e9. <\/p>\n<p class=\"sc-cPiKLX AiZTS text-element\">Le festival a \u00e9galement d\u00e9sign\u00e9 meilleur r\u00e9alisateur l\u2019Am\u00e9ricain Benny Safdie, qui a offert un r\u00f4le en or \u00e0 Dwayne Johnson, alias The Rock, dans The Smashing Machine, sur un combattant de MMA en proie \u00e0 des addictions. <\/p>\n<p class=\"sc-cPiKLX AiZTS text-element\">La Chinoise Xin Zhilei a re\u00e7u la coupe Volpi de la meilleure actrice pour sa performance de femme tourment\u00e9e lorsque repara\u00eet un ancien amant, dans The sun rises on us all de Cai Shangjun. <\/p>\n<p class=\"sc-cPiKLX AiZTS text-element\">L\u2019acteur italien Toni Servillo est reparti avec la coupe Volpi du meilleur acteur pour son r\u00f4le de pr\u00e9sident veuf en fin de mandat rattrap\u00e9 par des dilemmes moraux dans La Grazia, de Paolo Sorrentino. <\/p>\n<p class=\"sc-cPiKLX AiZTS text-element\">Le film A pied d\u2019\u0153uvre de Val\u00e9rie Donzelli, sur un photographe quittant tout pour devenir \u00e9crivain, a \u00e9t\u00e9 prim\u00e9, remportant le prix du meilleur sc\u00e9nario. <\/p>\n<p class=\"sc-cPiKLX AiZTS text-element\">Sotto le nuvole de Gianfranco Rosi remporte le Prix sp\u00e9cial du jury, tandis que le prix Marcello Mastroianni du meilleur espoir a \u00e9t\u00e9 d\u00e9cern\u00e9 \u00e0 Luna Wedler dans Silent friend d\u2019Ildik\u00f3 Enyedi. <\/p>\n","protected":false},"excerpt":{"rendered":"Au terme d\u2019une \u00e9dition tr\u00e8s politique, la 82e Mostra de Venise a r\u00e9compens\u00e9, samedi 6 septembre, Father Mother&hellip;\n","protected":false},"author":2,"featured_media":372878,"comment_status":"","ping_status":"","sticky":false,"template":"","format":"standard","meta":{"footnotes":""},"categories":[8],"tags":[58,59,1011,27,452,29963],"class_list":{"0":"post-372877","1":"post","2":"type-post","3":"status-publish","4":"format-standard","5":"has-post-thumbnail","7":"category-divertissement","8":"tag-divertissement","9":"tag-entertainment","10":"tag-fr","11":"tag-france","12":"tag-italie","13":"tag-mostra2014"},"share_on_mastodon":{"url":"https:\/\/pubeurope.com\/@fr\/115162841643411311","error":""},"_links":{"self":[{"href":"https:\/\/www.europesays.com\/fr\/wp-json\/wp\/v2\/posts\/372877","targetHints":{"allow":["GET"]}}],"collection":[{"href":"https:\/\/www.europesays.com\/fr\/wp-json\/wp\/v2\/posts"}],"about":[{"href":"https:\/\/www.europesays.com\/fr\/wp-json\/wp\/v2\/types\/post"}],"author":[{"embeddable":true,"href":"https:\/\/www.europesays.com\/fr\/wp-json\/wp\/v2\/users\/2"}],"replies":[{"embeddable":true,"href":"https:\/\/www.europesays.com\/fr\/wp-json\/wp\/v2\/comments?post=372877"}],"version-history":[{"count":0,"href":"https:\/\/www.europesays.com\/fr\/wp-json\/wp\/v2\/posts\/372877\/revisions"}],"wp:featuredmedia":[{"embeddable":true,"href":"https:\/\/www.europesays.com\/fr\/wp-json\/wp\/v2\/media\/372878"}],"wp:attachment":[{"href":"https:\/\/www.europesays.com\/fr\/wp-json\/wp\/v2\/media?parent=372877"}],"wp:term":[{"taxonomy":"category","embeddable":true,"href":"https:\/\/www.europesays.com\/fr\/wp-json\/wp\/v2\/categories?post=372877"},{"taxonomy":"post_tag","embeddable":true,"href":"https:\/\/www.europesays.com\/fr\/wp-json\/wp\/v2\/tags?post=372877"}],"curies":[{"name":"wp","href":"https:\/\/api.w.org\/{rel}","templated":true}]}}