{"id":372879,"date":"2025-09-07T11:44:10","date_gmt":"2025-09-07T11:44:10","guid":{"rendered":"https:\/\/www.europesays.com\/fr\/372879\/"},"modified":"2025-09-07T11:44:10","modified_gmt":"2025-09-07T11:44:10","slug":"iphone-17-17-air-17-pro-vs-17-pro-max-les-7-differences-attendues-avant-la-keynote-apple","status":"publish","type":"post","link":"https:\/\/www.europesays.com\/fr\/372879\/","title":{"rendered":"iPhone\u00a017, 17\u00a0Air, 17\u00a0Pro vs 17\u00a0Pro Max\u00a0: les 7\u00a0diff\u00e9rences attendues avant la keynote Apple"},"content":{"rendered":"<p class=\"ed__a-p ed__bdy__l\">Des mois de rumeurs plus tard, il est temps d&rsquo;\u00e9tablir un ultime bilan autour des quatre mod\u00e8les d\u2019iPhone\u00a017 avant leur <a href=\"https:\/\/www.lesnumeriques.com\/telephone-portable\/keynote-apple-voici-la-date-de-presentation-les-iphone-17-n241510.html\" title=\"Keynote Apple : voici la date de pr\u00e9sentation des iPhone 17 !\" rel=\"nofollow noopener\" target=\"_blank\">officialisation, ce mardi 9\u00a0septembre 2025<\/a>, durant la keynote de rentr\u00e9e d\u2019Apple. Pour \u00eatre le plus complet, sept caract\u00e9ristiques cl\u00e9s sont compar\u00e9es ici afin de mettre en avant les grandes diff\u00e9rences entre chaque mod\u00e8le.<\/p>\n<p>Des designs diam\u00e9tralement oppos\u00e9s entre les quatre variantes<\/p>\n<p class=\"ed__a-p ed__bdy__l\">Commen\u00e7ons par le smartphone le plus innovant de la gamme\u00a0: l\u2019iPhone\u00a017 Air. Apple jouerait ici le jeu de l\u2019ultra-finesse avec une impressionnante \u00e9paisseur de <a href=\"https:\/\/www.lesnumeriques.com\/telephone-portable\/iphone-17-air-voici-a-quoi-il-ressemblerait-plus-mince-que-jamais-avec-un-design-repense-n234008.html\" title=\"iPhone 17 Air : voici \u00e0 quoi il ressemblerait, plus mince que jamais avec un design repens\u00e9\" rel=\"nofollow noopener\" target=\"_blank\">seulement 5,5\u00a0mm<\/a>, contre 5,8\u00a0mm pour son concurrent, le <a href=\"https:\/\/www.lesnumeriques.com\/telephone-portable\/samsung-galaxy-s25-slim-p76229\/test.html\" title=\"Samsung Galaxy S25 Edge\u00a0: que la f\u00eate du slim commence\" rel=\"nofollow noopener\" target=\"_blank\">Samsung Galaxy S25 Edge<\/a>. D\u2019un autre c\u00f4t\u00e9, l\u2019iPhone\u00a017 Pro Max <a href=\"https:\/\/www.lesnumeriques.com\/telephone-portable\/iphone-17-pro-max-apple-le-rendrait-encore-plus-epais-a-cause-de-ce-changement-n234036.html\" title=\"iPhone 17 Pro Max : Apple le rendrait encore plus \u00e9pais \u00e0 cause de ce changement\" rel=\"nofollow noopener\" target=\"_blank\">gagnerait en embonpoint<\/a> en atteignant 8,75\u00a0mm pour des raisons d\u2019autonomie.<\/p>\n<p class=\"ed__a-p ed__bdy__l\">Le deuxi\u00e8me gros changement concernerait les modules photo. L\u00e0 o\u00f9 cette partie serait identique entre l\u2019iPhone\u00a017 et l\u2019iPhone\u00a016, elle \u00e9voluerait grandement pour les trois autres mod\u00e8les. Du c\u00f4t\u00e9 de l\u2019iPhone\u00a017 Air, <a href=\"https:\/\/www.lesnumeriques.com\/telephone-portable\/iphone-17-air-voici-a-quoi-il-ressemblerait-plus-mince-que-jamais-avec-un-design-repense-n234008.html\" title=\"iPhone 17 Air : voici \u00e0 quoi il ressemblerait, plus mince que jamais avec un design repens\u00e9\" rel=\"nofollow noopener\" target=\"_blank\">une barre horizontale<\/a> dans le style des Pixel 9\u00a0et Pixel\u00a010 serait pr\u00e9sente, contre <a href=\"https:\/\/www.lesnumeriques.com\/telephone-portable\/iphone-17-pro-un-design-clairement-mis-a-jour-par-apple-en-2025-n235708.html\" title=\"iPhone 17 Pro : un design clairement mis \u00e0 jour par Apple en 2025\" rel=\"nofollow noopener\" target=\"_blank\">un rectangle<\/a> prenant toute la largeur sur les iPhone\u00a017 Pro et 17\u00a0Pro Max, avec \u00e0 gauche les capteurs photo et \u00e0 droite le flash et le LiDAR.<\/p>\n<p class=\"ed__a-p ed__bdy__l\">Pour finir, <a href=\"https:\/\/www.lesnumeriques.com\/telephone-portable\/iphone-17-voici-tous-les-coloris-en-images-avec-un-etonnant-choix-d-apple-pour-les-modeles-pro-n240440.html\" title=\"iPhone 17\u00a0: voici tous les coloris en images avec un \u00e9tonnant choix d\u2019Apple pour les mod\u00e8les Pro\" rel=\"nofollow noopener\" target=\"_blank\">tous les coloris<\/a> sont d\u2019ores et d\u00e9j\u00e0 connus\u00a0:<\/p>\n<ul class=\"ed__lists ed__bdy__l\">\n<li>iPhone 17\u00a0: rose clair, vert clair, bleu clair, blanc et noir<\/li>\n<li>iPhone 17 Air\u00a0: bleu alpin, beige, blanc et noir<\/li>\n<li>iPhone 17 Pro et 17 Pro Max\u00a0: bleu marine, orange cuivr\u00e9, blanc et noir<\/li>\n<\/ul>\n<p>Des \u00e9crans enfin am\u00e9lior\u00e9s pour les iPhone\u00a017 \u201cnon-Pro\u201d, mais pas uniquement<\/p>\n<p class=\"ed__a-p ed__bdy__l\">Pour l\u2019affichage, Apple apporterait enfin une belle avanc\u00e9e \u00e0 ses mod\u00e8les non-Pro\u00a0: <a href=\"https:\/\/www.lesnumeriques.com\/telephone-portable\/iphone-17-17-air-apple-ferait-une-concession-sur-l-ecran-voici-laquelle-n237647.html\" title=\"iPhone 17 &amp; 17 Air\u00a0: Apple ferait une concession sur l\u2019\u00e9cran, voici laquelle\" rel=\"nofollow noopener\" target=\"_blank\">un taux de rafra\u00eechissement de 120\u00a0Hz<\/a> au lieu de 60\u00a0Hz. Une bonne nouvelle en masquant une moins bonne, le ProMotion serait toujours r\u00e9serv\u00e9 aux variantes Pro. Pas de technologie adaptative donc pour faire quelques \u00e9conomies d\u2019\u00e9nergie ou profiter du mode Always-on.<\/p>\n<p>            Publicit\u00e9, votre contenu continue ci-dessous<\/p>\n<p>        Publicit\u00e9<\/p>\n<p class=\"ed__a-p ed__bdy__l\">L\u2019iPhone 17 adopterait quant \u00e0 lui une particularit\u00e9 de l\u2019iPhone\u00a017 Pro, \u00e0 savoir le passage \u00e0 <a href=\"https:\/\/www.lesnumeriques.com\/telephone-portable\/iphone-17-apple-miserait-sur-l-ecran-pas-sur-les-performances-n237611.html\" title=\"iPhone 17\u00a0: Apple miserait sur l\u2019\u00e9cran, pas sur les performances\" rel=\"nofollow noopener\" target=\"_blank\">une diagonale de 6,3\u00a0pouces<\/a> au lieu de 6,1\u00a0pouces. L\u2019occasion de gagner en surface pour admirer plus confortablement ses contenus favoris, des s\u00e9ries aux r\u00e9seaux sociaux en passant par les photos et jeux. La diagonale de l\u2019iPhone\u00a017 Air serait quant \u00e0 elle de 6,6\u00a0pouces.<\/p>\n<p class=\"ed__a-p ed__bdy__l\">Du c\u00f4t\u00e9 des iPhone 17 Pro et 17\u00a0Pro Max, une seule nouveaut\u00e9 serait identifi\u00e9e au niveau des dalles, toujours respectivement de 6,3\u00a0pouces et 6,9\u00a0pouces. Apple devrait effectivement y <a href=\"https:\/\/www.lesnumeriques.com\/telephone-portable\/iphone-17-pro-un-ecran-plus-avance-que-jamais-apple-mise-gros-sur-cette-nouveaute-n239955.html\" title=\"iPhone 17 Pro : un \u00e9cran plus avanc\u00e9 que jamais, Apple mise gros sur cette nouveaut\u00e9\" rel=\"nofollow noopener\" target=\"_blank\">ajouter un verre antireflet<\/a> pour am\u00e9liorer l\u2019exp\u00e9rience de visionnage. Cela limiterait ainsi la r\u00e9flexion des lumi\u00e8res et du Soleil sur l\u2019\u00e9cran, chose que Samsung sait tr\u00e8s bien faire depuis deux ans avec ses Galaxy\u00a0S24 Ultra et S25\u00a0Ultra.<\/p>\n<p>De la puissance \u00e0 revendre, sauf pour la variante standard<\/p>\n<p class=\"ed__a-p ed__bdy__l\">Pour ce qui concerne la puissance, des disparit\u00e9s seraient pr\u00e9sentes. L\u2019iPhone\u00a017 serait le moins bien loti avec la puce A19 et 8\u00a0Go de RAM, alors que les trois autres mod\u00e8les embarqueraient l\u2019A19 Pro et 12\u00a0Go de RAM.<\/p>\n<p class=\"ed__a-p ed__bdy__l\">Petite particularit\u00e9 cependant pour l\u2019iPhone\u00a017 Air, qui aurait droit \u00e0 <a href=\"https:\/\/www.lesnumeriques.com\/telephone-portable\/iphone-17-air-nouvelle-deception-pour-le-premier-smartphone-ultra-fin-d-apple-n240957.html\" title=\"iPhone 17 Air : nouvelle d\u00e9ception pour le premier smartphone ultra-fin d\u2019Apple\" rel=\"nofollow noopener\" target=\"_blank\">un c\u0153ur graphique en moins<\/a>. Ce choix serait purement d&rsquo;ordre financier pour Apple, qui miserait sur la r\u00e9utilisation des puces A19 Pro d\u00e9fectueuses au lieu de les jeter.<\/p>\n<p class=\"ed__a-p ed__bdy__l\">Malgr\u00e9 cette diff\u00e9rence de puissance, toutes les A19 auraient droit \u00e0 une meilleure finesse gr\u00e2ce \u00e0 un proc\u00e9d\u00e9 de gravure en 3\u00a0nm plus \u00e9volu\u00e9, le N3P de TSMC. R\u00e9sultat, cette g\u00e9n\u00e9ration de puces serait plus \u00e9conome en \u00e9nergie, en plus d\u2019\u00eatre plus puissante.<\/p>\n<p class=\"ed__a-p ed__bdy__l\">Concernant l\u2019utilisation de la puissance suppl\u00e9mentaire par rapport aux A18 et A18 Pro des <a href=\"https:\/\/www.lesnumeriques.com\/telephone-portable\/apple-iphone-16-p74130\/test.html\" title=\"Apple iPhone 16\u00a0: l&#039;excellence sans l&#039;intelligence (artificielle)\" rel=\"nofollow noopener\" target=\"_blank\">iPhone\u00a016<\/a>, ou encore la quantit\u00e9 de RAM \u00e9tendue, aucune information n\u2019a pour le moment fuit\u00e9. Le plus logique serait un fonctionnement plus rapide pour les futurs smartphones d\u2019Apple, voire l\u2019arriv\u00e9e de fonctions IA exclusives \u00e0 ces mod\u00e8les.<\/p>\n<p>            Publicit\u00e9, votre contenu continue ci-dessous<\/p>\n<p>        Publicit\u00e9<\/p>\n<p class=\"ed__a-p ed__bdy__l\">En outre, la stabilit\u00e9 serait de mise avec les iPhone\u00a017 Pro gr\u00e2ce \u00e0 l\u2019ajout d\u2019un syst\u00e8me de <a href=\"https:\/\/www.lesnumeriques.com\/telephone-portable\/iphone-17-pro-max-un-boost-de-ram-prevu-pour-encore-plus-d-apple-intelligence-n225713.html\" title=\"iPhone 17 Pro Max : un boost de RAM pr\u00e9vu pour encore plus d\u2019Apple Intelligence\" rel=\"nofollow noopener\" target=\"_blank\">refroidissement par chambre \u00e0 vapeur<\/a>. L\u2019occasion de conserver des performances au plus haut niveau, malgr\u00e9 une mont\u00e9e en temp\u00e9rature du processeur lors d\u2019usages pouss\u00e9s.<\/p>\n<p>Une partie photo \u00e0 l\u2019avantage des iPhone\u00a017 Pro, sans grande surprise<\/p>\n<p class=\"ed__a-p ed__bdy__l\">Pour la photographie, chaque module aurait sa petite particularit\u00e9\u00a0:<\/p>\n<ul class=\"ed__lists ed__bdy__l\">\n<li>iPhone 17\u00a0: grand-angle de 48\u00a0Mpx et ultra grand-angle de 12\u00a0Mpx<\/li>\n<li>iPhone 17 Air\u00a0: grand-angle de 48\u00a0Mpx<\/li>\n<li>iPhone 17 Pro et 17 Pro Max\u00a0: grand-angle de 48\u00a0Mpx, ultra grand-angle de 48\u00a0Mpx et t\u00e9l\u00e9objectif de 48\u00a0Mpx<\/li>\n<\/ul>\n<p class=\"ed__a-p ed__bdy__l\">Ainsi, le mod\u00e8le standard stagnerait par rapport \u00e0 l\u2019iPhone\u00a016, l\u2019iPhone\u00a017 Air se limitant \u00e0 un seul capteur, alors que les iPhone\u00a017 Pro passeraient \u00e0 la vitesse sup\u00e9rieure c\u00f4t\u00e9 zoom. On \u00e9voque d\u2019ailleurs l\u2019arriv\u00e9e d\u2019un t\u00e9l\u00e9objectif proposant <a href=\"https:\/\/www.lesnumeriques.com\/telephone-portable\/iphone-17-pro-et-17-pro-max-les-4-innovations-d-apple-qui-vont-transformer-vos-photos-et-videos-n241705.html\" title=\"iPhone\u00a017 Pro et 17\u00a0Pro Max\u00a0: les 4\u00a0innovations d\u2019Apple qui vont transformer vos photos et vid\u00e9os\" rel=\"nofollow noopener\" target=\"_blank\">un grossissement\u00a0x8<\/a> sans perte de qualit\u00e9, contre x5 sur les iPhone\u00a015 Pro et 16\u00a0Pro.<\/p>\n<p class=\"ed__a-p ed__bdy__l\">Tous les iPhone auraient droit \u00e0 une cam\u00e9ra selfie am\u00e9lior\u00e9e, passant de 12\u00a0Mpx \u00e0 24\u00a0Mpx. L&rsquo;utilisateur gagnerait ainsi en qualit\u00e9 et en d\u00e9tails pour prendre des selfies et des vid\u00e9os verticales, ou encore pour passer des appels vid\u00e9o.<\/p>\n<p>Entre petites et grosses batteries, il faudra bien choisir<\/p>\n<p class=\"ed__a-p ed__bdy__l\">Du c\u00f4t\u00e9 des batteries, Apple d\u00e9ploierait des strat\u00e9gies bien diff\u00e9rentes entre chacun des mod\u00e8les. Comme \u00e9crit plus haut, l\u2019iPhone 17 Pro Max gagnerait quelques millim\u00e8tres d\u2019\u00e9paisseur pour augmenter son autonomie.<\/p>\n<p class=\"ed__a-p ed__bdy__l\">D\u2019apr\u00e8s les rumeurs, on assisterait \u00e0 l\u2019int\u00e9gration d\u2019<a href=\"https:\/\/www.lesnumeriques.com\/telephone-portable\/iphone-17-pro-max-apple-miserait-sur-une-enorme-batterie-pour-une-autonomie-record-n239138.html\" title=\"iPhone 17 Pro Max : Apple miserait sur une \u00e9norme batterie pour une autonomie record\" rel=\"nofollow noopener\" target=\"_blank\">une batterie importante<\/a> de 5000\u00a0mAh, soit environ 10\u00a0% plus dodue que sur l\u2019iPhone\u00a016 Pro Max (+234\u00a0mAh pour \u00eatre pr\u00e9cis). Reste maintenant \u00e0 savoir quel sera l\u2019impact r\u00e9el de cet essor par rapport \u00e0 la consommation \u00e9nerg\u00e9tique de ce mod\u00e8le.<\/p>\n<p class=\"ed__a-p ed__bdy__l\">L\u2019iPhone 17 Pro, lui, n\u2019aurait droit \u00e0 aucun changement, alors que l\u2019iPhone\u00a017 emprunterait sa batterie en adoptant son gabarit. Pour rappel, l\u2019iPhone\u00a016 b\u00e9n\u00e9ficie d&rsquo;une batterie de 3561\u00a0mAh, contre 3577\u00a0mAh sur l\u2019<a href=\"https:\/\/www.lesnumeriques.com\/telephone-portable\/apple-iphone-16-pro-p74131\/test.html\" title=\"Apple iPhone\u00a016 Pro\u00a0: sans Apple Intelligence, point de salut\u00a0?\" rel=\"nofollow noopener\" target=\"_blank\">iPhone\u00a016 Pro<\/a>. Un gain en capacit\u00e9 d\u2019une centaine de mAh, qui serait bien utile pour gagner quelques heures d\u2019autonomie suppl\u00e9mentaire.<\/p>\n<p>            Publicit\u00e9, votre contenu continue ci-dessous<\/p>\n<p>        Publicit\u00e9<\/p>\n<p class=\"ed__a-p ed__bdy__l\">Ultra-finesse oblige, l\u2019iPhone\u00a017 Air d\u00e9cevrait avec <a href=\"https:\/\/www.lesnumeriques.com\/telephone-portable\/iphone-17-air-une-batterie-minuscule-signee-apple-pour-une-autonomie-ridicule-n240094.html\" title=\"iPhone 17 Air : une batterie minuscule sign\u00e9e Apple pour une autonomie ridicule\u00a0?\" rel=\"nofollow noopener\" target=\"_blank\">une batterie rikiki<\/a> de 3000\u00a0mAh maximum. Avec si peu, difficile de voir un usage sup\u00e9rieur \u00e0 une journ\u00e9e sur ce mod\u00e8le, obligeant ainsi \u00e0 se trimballer une batterie MagSafe, un chargeur ou encore une coque avec batterie int\u00e9gr\u00e9e (oui, Apple y r\u00e9fl\u00e9chirait\u2026).<\/p>\n<p class=\"ed__a-p ed__bdy__l\">D\u2019apr\u00e8s une fuite citant des tests effectu\u00e9s en interne, l\u2019iPhone\u00a017 Air <a href=\"https:\/\/www.lesnumeriques.com\/telephone-portable\/iphone-17-air-un-modele-ultra-fin-qui-ne-conviendrait-pas-a-90-des-clients-apple-n236549.html\" title=\"iPhone 17 Air : un mod\u00e8le ultra-fin qui ne conviendrait pas \u00e0 90 % des clients Apple\" rel=\"nofollow noopener\" target=\"_blank\">ne conviendrait pas \u00e0 90\u00a0% des clients Apple<\/a> \u00e0 cause de son autonomie limit\u00e9e.<\/p>\n<p>La connectivit\u00e9 pourrait tout changer, voici pourquoi<\/p>\n<p class=\"ed__a-p ed__bdy__l\">L\u2019iPhone 17 Air jouirait du modem 5G Apple\u00a0C1. D\u00e9j\u00e0 embarqu\u00e9 <a href=\"https:\/\/www.lesnumeriques.com\/telephone-portable\/iphone-16-les-4-bonnes-raisons-de-craquer-pour-le-nouveau-smartphone-apple-n237265.html\" title=\"iPhone 16e : les 4 bonnes raisons de craquer pour le nouveau smartphone Apple\" rel=\"nofollow noopener\" target=\"_blank\">sur l\u2019iPhone\u00a016e<\/a>, il fait des merveilles pour limiter la consommation \u00e9nerg\u00e9tique par rapport aux composants Qualcomm auparavant utilis\u00e9s sur les iPhone, et ainsi \u00e9tendre consid\u00e9rablement l\u2019autonomie par rapport \u00e0 l\u2019iPhone\u00a016.<\/p>\n<p class=\"ed__a-p ed__bdy__l\">Tous les mod\u00e8les 2025 auraient \u00e9galement droit \u00e0 <a href=\"https:\/\/www.lesnumeriques.com\/telephone-portable\/iphone-17-de-bonnes-nouvelles-pour-l-autonomie-et-la-connectivite-des-prochains-smartphones-apple-n233355.html\" title=\"iPhone 17 : de bonnes nouvelles pour l\u2019autonomie et la connectivit\u00e9 des prochains smartphones Apple\" rel=\"nofollow noopener\" target=\"_blank\">une puce wifi\u00a07<\/a> made in Cupertino. Une fa\u00e7on pour l\u2019entreprise de gagner une nouvelle fois en ind\u00e9pendance, tout en appliquant l\u2019optimisation mat\u00e9rielle et logicielle qui lui est ch\u00e8re. Il y a ainsi de fortes chances que ce nouveau composant consomme moins d\u2019\u00e9nergie et am\u00e9liore l\u2019autonomie des smartphones de la firme \u00e0 la pomme.<\/p>\n<p>Les prix des iPhone\u00a017, 17\u00a0Air, 17\u00a0Pro et 17\u00a0Pro Max n\u2019\u00e9tonneront personne<\/p>\n<p class=\"ed__a-p ed__bdy__l\">Concernant la grille tarifaire, certains estiment qu\u2019une hausse de 50\u00a0$ impactera tous les iPhone\u00a017, sauf le mod\u00e8le standard, tandis que d\u2019autres parient sur <a href=\"https:\/\/www.lesnumeriques.com\/telephone-portable\/iphone-17-une-hausse-des-prix-moins-elevee-que-prevue-apple-jouerait-la-prudence-n241892.html\" title=\"iPhone 17 : une hausse des prix moins \u00e9lev\u00e9e que pr\u00e9vue, Apple jouerait la prudence\" rel=\"nofollow noopener\" target=\"_blank\">une approche plus prudente<\/a> pour ne pas froisser le portefeuille des clients.<\/p>\n<p class=\"ed__a-p ed__bdy__l\">La derni\u00e8re rumeur en date \u00e9voque plus pr\u00e9cis\u00e9ment la grille tarifaire suivante\u00a0:<\/p>\n<ul class=\"ed__lists ed__bdy__l\">\n<li>iPhone 17\u00a0: 799\u00a0$<\/li>\n<li>iPhone 17 Air\u00a0: 899-949\u00a0$<\/li>\n<li>iPhone 17 Pro\u00a0: 1099\u00a0$<\/li>\n<li>iPhone 17 Pro Max\u00a0 : 1199\u00a0$<\/li>\n<\/ul>\n<p class=\"ed__a-p ed__bdy__l\">Bien que les prix en dollars ne soient pas parlants pour les Europ\u00e9ens, ils sugg\u00e8rent tout de m\u00eame une inflation de quelques dizaines d\u2019euros \u00e0 venir sur certains mod\u00e8les.<\/p>\n<p class=\"ed__a-p ed__bdy__l\">Dans la liste, seules deux variantes de cette g\u00e9n\u00e9ration\u00a017 pourraient voir leur \u00e9tiquette \u00e9voluer\u00a0: l\u2019iPhone\u00a017 Air avec un prix stable par rapport \u00e0 l\u2019<a href=\"https:\/\/www.lesnumeriques.com\/telephone-portable\/apple-iphone-16-plus-p75566\/test.html\" title=\"Apple iPhone 16 Plus\u00a0: \u00e9volution attendue ou r\u00e9volution esp\u00e9r\u00e9e\u00a0?\" rel=\"nofollow noopener\" target=\"_blank\">iPhone\u00a016 Plus<\/a> ou sup\u00e9rieur de 50\u00a0$, et l\u2019iPhone\u00a017 Pro qui \u201cgagnerait\u201d 100\u00a0$.<\/p>\n<p class=\"ed__a-p ed__bdy__l\">S&rsquo;agit-il de r\u00e9elles hausses de prix\u00a0? En effet, l\u2019<a href=\"https:\/\/www.lesnumeriques.com\/telephone-portable\/iphone-17-air-vs-iphone-17-pro-max-5-differences-envisagees-par-apple-un-vrai-choc-des-generations-n241344.html\" title=\"iPhone 17 Air vs iPhone 17 Pro Max : 5 diff\u00e9rences envisag\u00e9es par Apple, un vrai choc des g\u00e9n\u00e9rations\" rel=\"nofollow noopener\" target=\"_blank\">iPhone\u00a017 Air<\/a> est un mod\u00e8le innovant par sa finesse, ce qui justifierait une ardoise l\u00e9g\u00e8rement plus \u00e9lev\u00e9e. Quant \u00e0 l\u2019iPhone 17\u00a0Pro 100\u00a0$ plus co\u00fbteux que l\u2019iPhone\u00a016 Pro, il passerait \u00e0 256\u00a0Go de stockage de base contre 128\u00a0Go sur les mod\u00e8les pr\u00e9c\u00e9dents. Or, ce surplus de 128\u00a0Go co\u00fbtait auparavant exactement cette somme.<\/p>\n","protected":false},"excerpt":{"rendered":"Des mois de rumeurs plus tard, il est temps d&rsquo;\u00e9tablir un ultime bilan autour des quatre mod\u00e8les d\u2019iPhone\u00a017&hellip;\n","protected":false},"author":2,"featured_media":372880,"comment_status":"","ping_status":"","sticky":false,"template":"","format":"standard","meta":{"footnotes":""},"categories":[7],"tags":[1011,27,43,40,41,39,42,44],"class_list":{"0":"post-372879","1":"post","2":"type-post","3":"status-publish","4":"format-standard","5":"has-post-thumbnail","7":"category-sciences-et-technologies","8":"tag-fr","9":"tag-france","10":"tag-science","11":"tag-science-and-technology","12":"tag-sciences","13":"tag-sciences-et-technologies","14":"tag-technologies","15":"tag-technology"},"share_on_mastodon":{"url":"https:\/\/pubeurope.com\/@fr\/115162845311192122","error":""},"_links":{"self":[{"href":"https:\/\/www.europesays.com\/fr\/wp-json\/wp\/v2\/posts\/372879","targetHints":{"allow":["GET"]}}],"collection":[{"href":"https:\/\/www.europesays.com\/fr\/wp-json\/wp\/v2\/posts"}],"about":[{"href":"https:\/\/www.europesays.com\/fr\/wp-json\/wp\/v2\/types\/post"}],"author":[{"embeddable":true,"href":"https:\/\/www.europesays.com\/fr\/wp-json\/wp\/v2\/users\/2"}],"replies":[{"embeddable":true,"href":"https:\/\/www.europesays.com\/fr\/wp-json\/wp\/v2\/comments?post=372879"}],"version-history":[{"count":0,"href":"https:\/\/www.europesays.com\/fr\/wp-json\/wp\/v2\/posts\/372879\/revisions"}],"wp:featuredmedia":[{"embeddable":true,"href":"https:\/\/www.europesays.com\/fr\/wp-json\/wp\/v2\/media\/372880"}],"wp:attachment":[{"href":"https:\/\/www.europesays.com\/fr\/wp-json\/wp\/v2\/media?parent=372879"}],"wp:term":[{"taxonomy":"category","embeddable":true,"href":"https:\/\/www.europesays.com\/fr\/wp-json\/wp\/v2\/categories?post=372879"},{"taxonomy":"post_tag","embeddable":true,"href":"https:\/\/www.europesays.com\/fr\/wp-json\/wp\/v2\/tags?post=372879"}],"curies":[{"name":"wp","href":"https:\/\/api.w.org\/{rel}","templated":true}]}}